{"id":88549,"date":"2025-05-10T05:07:07","date_gmt":"2025-05-10T05:07:07","guid":{"rendered":"https:\/\/www.europesays.com\/fr\/88549\/"},"modified":"2025-05-10T05:07:07","modified_gmt":"2025-05-10T05:07:07","slug":"ce-symptome-dun-cancer-rare-souvent-neglige-napparait-que-dans-la-salle-de-bain","status":"publish","type":"post","link":"https:\/\/www.europesays.com\/fr\/88549\/","title":{"rendered":"Ce sympt\u00f4me d&rsquo;un cancer rare, souvent n\u00e9glig\u00e9, n&rsquo;appara\u00eet que dans la salle de bain"},"content":{"rendered":"<p>Ils sont discrets, facilement confondus avec d\u2019autres troubles digestifs ou urinaires, et pourtant, ces signes devraient alerter. Le cancer des voies biliaires, ou cholangiocarcinome, est une maladie rare et insidieuse qui ne se manifeste souvent que lorsque la tumeur a d\u00e9j\u00e0 progress\u00e9. Et parmi ses tout premiers sympt\u00f4mes, certains ne se d\u00e9voilent qu\u2019au moment d\u2019aller aux toilettes. C\u2019est l\u2019association britannique Liver Cancer UK qui tire la sonnette d\u2019alarme. Une urine inhabituellement fonc\u00e9e et des selles p\u00e2les et p\u00e2teuses peuvent \u00eatre les tout premiers t\u00e9moins d\u2019un dysfonctionnement au niveau des voies biliaires. Ces anomalies r\u00e9sultent d\u2019un trouble de l\u2019\u00e9vacuation de la bile, un liquide fabriqu\u00e9 par le foie pour aider \u00e0 la digestion, notamment des graisses. En cas d\u2019obstruction partielle des canaux biliaires par une tumeur, la bile ne parvient plus \u00e0 s\u2019\u00e9couler correctement, ce qui perturbe l\u2019\u00e9limination des pigments biliaires dans les selles, d\u2019o\u00f9 leur aspect d\u00e9color\u00e9. En parall\u00e8le, la bilirubine, pigment responsable de la couleur jaune de la bile, s\u2019accumule dans l\u2019organisme et est \u00e9limin\u00e9e en partie par les urines, qui foncent alors de mani\u00e8re notable.<\/p>\n<p><strong>Un cancer discret au diagnostic difficile<\/strong><\/p>\n<p>Le cholangiocarcinome est un cancer rare. Selon le CHU de Lyon, il touche environ 2 personnes sur 100 000. Il repr\u00e9sente toutefois 10 \u00e0 15 % des cancers h\u00e9pato-biliaires et environ 3 % des tumeurs digestives. Il affecte davantage (&#8230;)<\/p>\n<p><a href=\"https:\/\/www.topsante.com\/medecine\/cancers\/ce-symptome-dun-cancer-rare-souvent-neglige-napparait-que-dans-la-salle-de-bain-914842?utm_campaign=partenariat&amp;utm_source=yahoo-articles&amp;utm_medium=flux\" rel=\"nofollow noopener\" target=\"_blank\" data-ylk=\"slk:Lire la suite sur Top Sant\u00e9;elm:context_link;itc:0;sec:content-canvas\" class=\"link \">Lire la suite sur Top Sant\u00e9<\/a><\/p>\n<p><a href=\"https:\/\/www.topsante.com\/beaute_soins\/cheveux\/ce-supplement-proteine-a-fait-ses-preuves-dans-la-pousse-de-cheveux-selon-une-experte-914809?utm_campaign=partenariat&amp;utm_source=yahoo-articles&amp;utm_medium=flux\" rel=\"nofollow noopener\" target=\"_blank\" data-ylk=\"slk:Ce suppl\u00e9ment prot\u00e9in\u00e9 a fait ses preuves dans la pousse de cheveux, selon une experte;elm:context_link;itc:0;sec:content-canvas\" class=\"link \">Ce suppl\u00e9ment prot\u00e9in\u00e9 a fait ses preuves dans la pousse de cheveux, selon une experte<\/a><br \/><a href=\"https:\/\/www.topsante.com\/nutrition_et_recettes\/bien_choisir_ses_aliments\/vous-voulez-tester-le-chocolat-de-dubai-evitez-ces-2-marques-conseille-60-millions-de-consommateurs-914818?utm_campaign=partenariat&amp;utm_source=yahoo-articles&amp;utm_medium=flux\" rel=\"nofollow noopener\" target=\"_blank\" data-ylk=\"slk:Vous voulez tester le chocolat de Duba\u00ef ? Evitez ces 2 marques, conseille 60 Millions de consommateurs;elm:context_link;itc:0;sec:content-canvas\" class=\"link \">Vous voulez tester le chocolat de Duba\u00ef ? Evitez ces 2 marques, conseille 60 Millions de consommateurs<\/a><br \/><a href=\"https:\/\/www.topsante.com\/nutrition_et_recettes\/bien_choisir_ses_aliments\/un-medecin-conseille-ce-fruit-pour-reduire-le-risque-de-cancer-et-ameliorer-le-sommeil-914781?utm_campaign=partenariat&amp;utm_source=yahoo-articles&amp;utm_medium=flux\" rel=\"nofollow noopener\" target=\"_blank\" data-ylk=\"slk:Un m\u00e9decin conseille ce fruit pour r\u00e9duire le risque de cancer et am\u00e9liorer le sommeil;elm:context_link;itc:0;sec:content-canvas\" class=\"link \">Un m\u00e9decin conseille ce fruit pour r\u00e9duire le risque de cancer et am\u00e9liorer le sommeil<\/a><br \/><a href=\"https:\/\/www.topsante.com\/medecine\/maladies_chroniques\/diabete\/c-est-le-the-n-1-pour-stabiliser-sa-glycemie-selon-deux-nutritionnistes-888113?utm_campaign=partenariat&amp;utm_source=yahoo-articles&amp;utm_medium=flux\" rel=\"nofollow noopener\" target=\"_blank\" data-ylk=\"slk:C&#039;est le th\u00e9 n\u00b01 pour stabiliser sa glyc\u00e9mie selon deux nutritionnistes;elm:context_link;itc:0;sec:content-canvas\" class=\"link \">C&rsquo;est le th\u00e9 n\u00b01 pour stabiliser sa glyc\u00e9mie selon deux nutritionnistes<\/a><br \/><a href=\"https:\/\/www.topsante.com\/senior\/en-mangeant-ce-fromage-tous-les-jours-nombreux-sont-les-italiens-qui-depassent-les-100-ans-914789?utm_campaign=partenariat&amp;utm_source=yahoo-articles&amp;utm_medium=flux\" rel=\"nofollow noopener\" target=\"_blank\" data-ylk=\"slk:En mangeant ce fromage tous les jours, nombreux sont les Italiens qui d\u00e9passent les 100 ans;elm:context_link;itc:0;sec:content-canvas\" class=\"link \">En mangeant ce fromage tous les jours, nombreux sont les Italiens qui d\u00e9passent les 100 ans<\/a><\/p>\n","protected":false},"excerpt":{"rendered":"Ils sont discrets, facilement confondus avec d\u2019autres troubles digestifs ou urinaires, et pourtant, ces signes devraient alerter. Le&hellip;\n","protected":false},"author":2,"featured_media":88550,"comment_status":"","ping_status":"","sticky":false,"template":"","format":"standard","meta":{"footnotes":""},"categories":[10],"tags":[101,19870,1011,27,72,19872,19871,71,18207],"class_list":{"0":"post-88549","1":"post","2":"type-post","3":"status-publish","4":"format-standard","5":"has-post-thumbnail","7":"category-sante","8":"tag-cancer","9":"tag-cancer-des-voies-biliaires","10":"tag-fr","11":"tag-france","12":"tag-health","13":"tag-maladie-rare","14":"tag-premiers-symptomes","15":"tag-sante","16":"tag-troubles-digestifs"},"share_on_mastodon":{"url":"https:\/\/pubeurope.com\/@fr\/114481807314909552","error":""},"_links":{"self":[{"href":"https:\/\/www.europesays.com\/fr\/wp-json\/wp\/v2\/posts\/88549","targetHints":{"allow":["GET"]}}],"collection":[{"href":"https:\/\/www.europesays.com\/fr\/wp-json\/wp\/v2\/posts"}],"about":[{"href":"https:\/\/www.europesays.com\/fr\/wp-json\/wp\/v2\/types\/post"}],"author":[{"embeddable":true,"href":"https:\/\/www.europesays.com\/fr\/wp-json\/wp\/v2\/users\/2"}],"replies":[{"embeddable":true,"href":"https:\/\/www.europesays.com\/fr\/wp-json\/wp\/v2\/comments?post=88549"}],"version-history":[{"count":0,"href":"https:\/\/www.europesays.com\/fr\/wp-json\/wp\/v2\/posts\/88549\/revisions"}],"wp:featuredmedia":[{"embeddable":true,"href":"https:\/\/www.europesays.com\/fr\/wp-json\/wp\/v2\/media\/88550"}],"wp:attachment":[{"href":"https:\/\/www.europesays.com\/fr\/wp-json\/wp\/v2\/media?parent=88549"}],"wp:term":[{"taxonomy":"category","embeddable":true,"href":"https:\/\/www.europesays.com\/fr\/wp-json\/wp\/v2\/categories?post=88549"},{"taxonomy":"post_tag","embeddable":true,"href":"https:\/\/www.europesays.com\/fr\/wp-json\/wp\/v2\/tags?post=88549"}],"curies":[{"name":"wp","href":"https:\/\/api.w.org\/{rel}","templated":true}]}}