{"id":88556,"date":"2025-05-10T05:11:08","date_gmt":"2025-05-10T05:11:08","guid":{"rendered":"https:\/\/www.europesays.com\/fr\/88556\/"},"modified":"2025-05-10T05:11:08","modified_gmt":"2025-05-10T05:11:08","slug":"coup-de-tonnerre-pour-trump-son-gouvernement-pourrait-se-trouver-a-cours-de-liquidites","status":"publish","type":"post","link":"https:\/\/www.europesays.com\/fr\/88556\/","title":{"rendered":"Coup de tonnerre pour Trump :\u00a0son gouvernement pourrait se trouver \u00e0 cours de liquidit\u00e9s"},"content":{"rendered":"<p>Le plafond de la dette est une limite l\u00e9gale fix\u00e9e par le Congr\u00e8s am\u00e9ricain sur le montant total que le gouvernement f\u00e9d\u00e9ral peut emprunter pour financer ses activit\u00e9s. Une fois ce plafond atteint, le Tr\u00e9sor ne peut plus \u00e9mettre de nouvelle dette sans une autorisation explicite du Congr\u00e8s.<\/p>\n<p>Cette r\u00e8gle, unique au monde, transforme r\u00e9guli\u00e8rement la gestion de la dette publique en enjeu politique majeur, chaque rel\u00e8vement ou suspension donnant lieu \u00e0 de vifs d\u00e9bats partisans.<\/p>\n<p>Mesures extraordinaires et compte \u00e0 rebours<\/p>\n<p>En janvier 2025, les \u00c9tats-Unis ont atteint le plafond de la dette, fix\u00e9 \u00e0 un peu plus de 36.000 milliards de dollars.<\/p>\n<p>Depuis, le Tr\u00e9sor a mis en \u0153uvre des \u00ab mesures extraordinaires \u00bb : suspension de certains versements \u00e0 des fonds de retraite ou de sant\u00e9, gel de d\u00e9penses non essentielles, etc. Ces ajustements techniques permettent temporairement d&rsquo;\u00e9viter un d\u00e9faut de paiement, mais leur efficacit\u00e9 est limit\u00e9e dans le temps.<\/p>\n<p>Selon Bessent, il existe une \u00ab probabilit\u00e9 raisonnable \u00bb que ces mesures et les liquidit\u00e9s disponibles soient \u00e9puis\u00e9es en ao\u00fbt.<\/p>\n<p>Un enjeu politique et \u00e9conomique<\/p>\n<p>Le Congr\u00e8s, \u00e0 majorit\u00e9 r\u00e9publicaine, peine \u00e0 s&rsquo;accorder sur les modalit\u00e9s d&rsquo;un rel\u00e8vement ou d&rsquo;une suspension du plafond de la dette. Ce blocage n&rsquo;est pas nouveau : depuis les ann\u00e9es 1990, le plafond de la dette est devenu un instrument de pression politique, utilis\u00e9 par les deux partis pour obtenir des concessions sur les d\u00e9penses publiques ou la fiscalit\u00e9.<\/p>\n<p>L&rsquo;histoire r\u00e9cente montre que repousser la d\u00e9cision jusqu&rsquo;\u00e0 la derni\u00e8re minute peut avoir de lourdes cons\u00e9quences : en 2011, l&rsquo;agence Standard &amp; Poor&rsquo;s avait abaiss\u00e9 la note de cr\u00e9dit des \u00c9tats-Unis apr\u00e8s une crise similaire, privant le pays de son prestigieux AAA. Un d\u00e9faut de paiement, jamais survenu \u00e0 ce jour, aurait des r\u00e9percussions catastrophiques sur l&rsquo;\u00e9conomie am\u00e9ricaine et mondiale, provoquant chaos sur les march\u00e9s financiers, perte de confiance des investisseurs et hausse des taux d&rsquo;int\u00e9r\u00eat.<\/p>\n<p>Le d\u00e9bat sur le plafond de la dette s&rsquo;inscrit dans un contexte de d\u00e9gradation structurelle des finances publiques am\u00e9ricaines. Le d\u00e9ficit f\u00e9d\u00e9ral, qui d\u00e9passera 6 % du PIB en 2025, est aliment\u00e9 par la hausse des d\u00e9penses obligatoires (sant\u00e9, retraites), la charge croissante des int\u00e9r\u00eats et une dynamique de recettes fiscales insuffisante. Le ratio dette\/PIB devrait atteindre 100 % en 2025 et 118 % en 2035, selon les projections officielles.<\/p>\n<p>Prochaines \u00e9tapes et incertitudes<\/p>\n<p>Si le Congr\u00e8s ne parvient pas \u00e0 un accord d&rsquo;ici la mi-juillet, les \u00c9tats-Unis pourraient se retrouver en cessation de paiement d\u00e8s ao\u00fbt ou septembre 2025, selon le Bureau du budget du Congr\u00e8s.\u00a0L&rsquo;issue d\u00e9pendra des n\u00e9gociations politiques et de la capacit\u00e9 des \u00e9lus \u00e0 d\u00e9passer les clivages partisans pour pr\u00e9server la stabilit\u00e9 financi\u00e8re du pays.<\/p>\n<p>\u00ab L&rsquo;incapacit\u00e9 \u00e0 voter un texte d&rsquo;ici ao\u00fbt s\u00e8merait le chaos dans notre syst\u00e8me financier et affaiblirait la s\u00e9curit\u00e9 et le standing des \u00c9tats-Unis \u00bb, a insist\u00e9 Scott Bessent.<\/p>\n<p>La question du plafond de la dette reste ainsi un test crucial pour la gouvernance am\u00e9ricaine et la confiance des march\u00e9s mondiaux d\u00e9j\u00e0 s\u00e9rieusement \u00e9branl\u00e9s par les premiers 100 jours de Donald Trump.<\/p>\n","protected":false},"excerpt":{"rendered":"Le plafond de la dette est une limite l\u00e9gale fix\u00e9e par le Congr\u00e8s am\u00e9ricain sur le montant total&hellip;\n","protected":false},"author":2,"featured_media":88557,"comment_status":"","ping_status":"","sticky":false,"template":"","format":"standard","meta":{"footnotes":""},"categories":[6],"tags":[17,35,3952,33,34,1011,27,418,471,2864,3711,19875,467],"class_list":{"0":"post-88556","1":"post","2":"type-post","3":"status-publish","4":"format-standard","5":"has-post-thumbnail","7":"category-economie","8":"tag-17","9":"tag-business","10":"tag-coup","11":"tag-economie","12":"tag-economy","13":"tag-fr","14":"tag-france","15":"tag-gouvernement","16":"tag-pour","17":"tag-pourrait","18":"tag-son","19":"tag-tonnerre","20":"tag-trump"},"share_on_mastodon":{"url":"https:\/\/pubeurope.com\/@fr\/114481822889758737","error":""},"_links":{"self":[{"href":"https:\/\/www.europesays.com\/fr\/wp-json\/wp\/v2\/posts\/88556","targetHints":{"allow":["GET"]}}],"collection":[{"href":"https:\/\/www.europesays.com\/fr\/wp-json\/wp\/v2\/posts"}],"about":[{"href":"https:\/\/www.europesays.com\/fr\/wp-json\/wp\/v2\/types\/post"}],"author":[{"embeddable":true,"href":"https:\/\/www.europesays.com\/fr\/wp-json\/wp\/v2\/users\/2"}],"replies":[{"embeddable":true,"href":"https:\/\/www.europesays.com\/fr\/wp-json\/wp\/v2\/comments?post=88556"}],"version-history":[{"count":0,"href":"https:\/\/www.europesays.com\/fr\/wp-json\/wp\/v2\/posts\/88556\/revisions"}],"wp:featuredmedia":[{"embeddable":true,"href":"https:\/\/www.europesays.com\/fr\/wp-json\/wp\/v2\/media\/88557"}],"wp:attachment":[{"href":"https:\/\/www.europesays.com\/fr\/wp-json\/wp\/v2\/media?parent=88556"}],"wp:term":[{"taxonomy":"category","embeddable":true,"href":"https:\/\/www.europesays.com\/fr\/wp-json\/wp\/v2\/categories?post=88556"},{"taxonomy":"post_tag","embeddable":true,"href":"https:\/\/www.europesays.com\/fr\/wp-json\/wp\/v2\/tags?post=88556"}],"curies":[{"name":"wp","href":"https:\/\/api.w.org\/{rel}","templated":true}]}}