{"id":88558,"date":"2025-05-10T05:12:13","date_gmt":"2025-05-10T05:12:13","guid":{"rendered":"https:\/\/www.europesays.com\/fr\/88558\/"},"modified":"2025-05-10T05:12:13","modified_gmt":"2025-05-10T05:12:13","slug":"le-maire-de-newark-en-garde-a-vue-apres-avoir-defie-les-autorites-federales-devant-un-centre-de-detention","status":"publish","type":"post","link":"https:\/\/www.europesays.com\/fr\/88558\/","title":{"rendered":"Le maire de Newark en garde \u00e0 vue apr\u00e8s avoir d\u00e9fi\u00e9 les autorit\u00e9s f\u00e9d\u00e9rales devant un centre de d\u00e9tention"},"content":{"rendered":"<p>Aux <a href=\"https:\/\/www.20minutes.fr\/monde\/etats-unis\/\" target=\"_blank\" class=\"color-ultramarine c-link\" rel=\"noopener\">Etats-Unis<\/a>, le maire de Newark, Ras Baraka, a \u00e9t\u00e9 arr\u00eat\u00e9 vendredi devant le nouveau m\u00e9gacentre de d\u00e9tention pour migrants Delaney Hall, symbole de la politique migratoire relanc\u00e9e par <a href=\"https:\/\/www.20minutes.fr\/dossier\/donald_trump\" target=\"_blank\" class=\"color-ultramarine c-link\" rel=\"noopener\">Donald Trump<\/a>. L\u2019affaire a embras\u00e9 cette ville du <a href=\"https:\/\/www.20minutes.fr\/dossier\/new_jersey\" target=\"_blank\" class=\"color-ultramarine c-link\" rel=\"noopener\">New Jersey<\/a>, un Etat d\u00e9mocrate sanctuaire.<\/p>\n<p>Depuis plusieurs jours, Ras Baraka tentait d\u2019entrer dans le centre de Delaney Hall, un complexe s\u00e9curis\u00e9 pour <a href=\"https:\/\/www.20minutes.fr\/dossier\/migrants\" target=\"_blank\" class=\"color-ultramarine c-link\" rel=\"noopener\">migrants<\/a> de 1.000 lits g\u00e9r\u00e9 par le g\u00e9ant p\u00e9nitentiaire Geo Group, sans succ\u00e8s. Vendredi, alors qu\u2019il revenait sur les lieux pour demander une inspection, il a \u00e9t\u00e9 arr\u00eat\u00e9 par des agents f\u00e9d\u00e9raux. \u00ab\u00a0Il a volontairement choisi de ne pas respecter la loi [\u2026] Il a \u00e9t\u00e9 plac\u00e9 en d\u00e9tention\u00a0\u00bb, a d\u00e9clar\u00e9 la procureure Alina Habba sur X, ancienne avocate personnelle de Donald Trump.<\/p>\n<p>Delaney Hall\u00a0: un contrat f\u00e9d\u00e9ral, une ville en col\u00e8re<\/p>\n<p>Des images relay\u00e9es par les m\u00e9dias am\u00e9ricains montrent Ras Baraka menott\u00e9, marchant calmement sous escorte. Le maire affirme n\u2019avoir franchi aucun p\u00e9rim\u00e8tre ill\u00e9gal. Il d\u00e9nonce une strat\u00e9gie d\u2019intimidation orchestr\u00e9e par <a href=\"https:\/\/www.20minutes.fr\/dossier\/washington\" target=\"_blank\" class=\"color-ultramarine c-link\" rel=\"noopener\">Washington<\/a>\u00a0: \u00ab\u00a0Il s\u2019agit d\u2019une premi\u00e8re \u00e9tape, locale, contre l\u2019intimidation et le m\u00e9pris des lois. Ils font simplement ce qu\u2019ils veulent, c\u2019est barbare, c\u2019est le Far West.\u00a0\u00bb<\/p>\n<\/p>\n<p>Le <a href=\"https:\/\/www.20minutes.fr\/dossier\/centre_de_retention\" target=\"_blank\" class=\"color-ultramarine c-link\" rel=\"noopener\">centre de d\u00e9tention<\/a> a rouvert ses portes d\u00e9but mai dans une zone industrielle de Newark, \u00e0 proximit\u00e9 de l\u2019a\u00e9roport international, sur la base d\u2019un contrat de 1\u00a0milliard de dollars sur 15 ans sign\u00e9 en f\u00e9vrier entre l\u2019<a href=\"https:\/\/www.ice.gov\" rel=\"nofollow noopener\" target=\"_blank\" class=\"color-ultramarine c-link\">ICE (Immigration and Customs Enforcement)<\/a> et Geo Group. Le site, d\u00e9saffect\u00e9 depuis\u00a02023, avait d\u00e9j\u00e0 servi de centre sous l\u2019administration de <a href=\"https:\/\/www.20minutes.fr\/dossier\/barack_obama\" target=\"_blank\" class=\"color-ultramarine c-link\" rel=\"noopener\">Barack Obama<\/a>. Il est d\u00e9sormais au c\u0153ur de la strat\u00e9gie de Donald Trump visant \u00e0 \u00ab\u00a0arr\u00eater, d\u00e9tenir et expulser les ill\u00e9gaux\u00a0\u00bb, comme l\u2019a r\u00e9sum\u00e9 en f\u00e9vrier Caleb Vitello, ancien directeur de l\u2019ICE.<\/p>\n<p>Climat de peur et mobilisation citoyenne<\/p>\n<p>Mais \u00e0 Newark, ville sanctuaire, la riposte s\u2019organise. La municipalit\u00e9 estime que Geo Group ne poss\u00e8de pas le certificat de conformit\u00e9 requis pour exploiter le site. Le b\u00e2timent serait donc occup\u00e9 \u00ab\u00a0ill\u00e9galement\u00a0\u00bb, selon les services juridiques de la ville, qui ont saisi la justice pour tenter de bloquer son exploitation.<\/p>\n<p>A Elizabeth, ville voisine, un autre centre ICE de 300 places op\u00e8re d\u00e9j\u00e0. Mais l\u2019ouverture de Delaney Hall a raviv\u00e9 l\u2019angoisse dans les communaut\u00e9s immigr\u00e9es du New Jersey. \u00ab\u00a0Les gens ont plus peur que jamais\u00a0\u00bb, t\u00e9moigne Viri Martinez, de l\u2019<a href=\"https:\/\/www.20minutes.fr\/dossier\/ong\" target=\"_blank\" class=\"color-ultramarine c-link\" rel=\"noopener\">ONG<\/a> NJAIJ (New Jersey Alliance for Immigrant Justice). Mercredi, une trentaine de militants ont manifest\u00e9 devant les grilles du site, coinc\u00e9 entre un d\u00e9p\u00f4t p\u00e9trolier et des entrep\u00f4ts. Des slogans comme \u00ab\u00a0ICE hors du New Jersey\u00a0\u00bb ou \u00ab\u00a0Lib\u00e9rez-les tous\u00a0\u00bb ont r\u00e9sonn\u00e9.<\/p>\n<p>Une bataille \u00e9lectorale en toile de fond<\/p>\n<p>La confrontation d\u00e9passe la seule question juridique. En effet, elle cristallise l\u2019affrontement entre deux visions de l\u2019immigration et s\u2019inscrit dans un contexte br\u00fblant. Candidat \u00e0 l\u2019investiture <a href=\"https:\/\/www.20minutes.fr\/dossier\/parti_democrate\" target=\"_blank\" class=\"color-ultramarine c-link\" rel=\"noopener\">d\u00e9mocrate<\/a> pour le poste de gouverneur du New Jersey, Ras Baraka fait de cette lutte un marqueur politique fort face \u00e0 une administration Trump d\u00e9termin\u00e9e \u00e0 durcir le ton sur l\u2019immigration.<\/p>\n<p><a href=\"https:\/\/www.20minutes.fr\/dossier\/immigration\" target=\"_blank\" class=\"c-link c-btn c-btn--primary\" rel=\"noopener\">Notre dossier sur l&rsquo;immigration<\/a><\/p>\n<p>Geo Group, de son c\u00f4t\u00e9, d\u00e9fend la l\u00e9galit\u00e9 de ses op\u00e9rations et rappelle que les emplois cr\u00e9\u00e9s par le site sont r\u00e9mun\u00e9r\u00e9s \u00ab\u00a0en moyenne 105.000 dollars par an\u00a0\u00bb. L\u2019entreprise accuse Ras Baraka d\u2019instrumentaliser la situation \u00e0 des fins \u00e9lectorales.<\/p>\n","protected":false},"excerpt":{"rendered":"Aux Etats-Unis, le maire de Newark, Ras Baraka, a \u00e9t\u00e9 arr\u00eat\u00e9 vendredi devant le nouveau m\u00e9gacentre de d\u00e9tention&hellip;\n","protected":false},"author":2,"featured_media":88559,"comment_status":"","ping_status":"","sticky":false,"template":"","format":"standard","meta":{"footnotes":""},"categories":[5],"tags":[47,11,2441,6735,75,73,5219,1011,27,1061,14,5107,74,16612,12,11356,28],"class_list":{"0":"post-88558","1":"post","2":"type-post","3":"status-publish","4":"format-standard","5":"has-post-thumbnail","7":"category-international","8":"tag-actualite","9":"tag-actualites","10":"tag-arrestation","11":"tag-centre-de-retention","12":"tag-donald-trump","13":"tag-etats-unis","14":"tag-expulsion","15":"tag-fr","16":"tag-france","17":"tag-immigration","18":"tag-international","19":"tag-maire","20":"tag-monde","21":"tag-new-jersey","22":"tag-news","23":"tag-ong","24":"tag-world"},"share_on_mastodon":{"url":"https:\/\/pubeurope.com\/@fr\/114481826566066979","error":""},"_links":{"self":[{"href":"https:\/\/www.europesays.com\/fr\/wp-json\/wp\/v2\/posts\/88558","targetHints":{"allow":["GET"]}}],"collection":[{"href":"https:\/\/www.europesays.com\/fr\/wp-json\/wp\/v2\/posts"}],"about":[{"href":"https:\/\/www.europesays.com\/fr\/wp-json\/wp\/v2\/types\/post"}],"author":[{"embeddable":true,"href":"https:\/\/www.europesays.com\/fr\/wp-json\/wp\/v2\/users\/2"}],"replies":[{"embeddable":true,"href":"https:\/\/www.europesays.com\/fr\/wp-json\/wp\/v2\/comments?post=88558"}],"version-history":[{"count":0,"href":"https:\/\/www.europesays.com\/fr\/wp-json\/wp\/v2\/posts\/88558\/revisions"}],"wp:featuredmedia":[{"embeddable":true,"href":"https:\/\/www.europesays.com\/fr\/wp-json\/wp\/v2\/media\/88559"}],"wp:attachment":[{"href":"https:\/\/www.europesays.com\/fr\/wp-json\/wp\/v2\/media?parent=88558"}],"wp:term":[{"taxonomy":"category","embeddable":true,"href":"https:\/\/www.europesays.com\/fr\/wp-json\/wp\/v2\/categories?post=88558"},{"taxonomy":"post_tag","embeddable":true,"href":"https:\/\/www.europesays.com\/fr\/wp-json\/wp\/v2\/tags?post=88558"}],"curies":[{"name":"wp","href":"https:\/\/api.w.org\/{rel}","templated":true}]}}