{"id":88562,"date":"2025-05-10T05:14:13","date_gmt":"2025-05-10T05:14:13","guid":{"rendered":"https:\/\/www.europesays.com\/fr\/88562\/"},"modified":"2025-05-10T05:14:13","modified_gmt":"2025-05-10T05:14:13","slug":"douceur-et-determination-le-style-du-nouveau-pape-leon-xiv","status":"publish","type":"post","link":"https:\/\/www.europesays.com\/fr\/88562\/","title":{"rendered":"\u00abDouceur et d\u00e9termination, le style du nouveau pape L\u00e9on XIV\u00bb"},"content":{"rendered":"<p>Commentant l\u2019\u00c9vangile, vendredi, \u00e0 la messe pontificale, l\u2019ancien missionnaire a donn\u00e9 le ton avec nettet\u00e9\u00a0: il y a urgence \u00e0 annoncer joyeusement et audacieusement la Bonne Nouvelle.<\/p>\n<p class=\"fig-paragraph\">Depuis que Robert Francis Prevost est devenu pape\u00a0<a href=\"http:\/\/www.lefigaro.fr\/actualite-france\/il-a-eu-un-score-magistral-entretien-avec-le-cardinal-vesco-qui-a-participe-a-l-election-du-pape-leon-xiv-20250509\" target=\"_blank\" data-fig-type=\"Article\" rel=\"noopener\" data-gtm-custom-categorie=\"navigation\" data-gtm-custom-action=\"crossclick\" data-gtm-custom-label=\"Contextuel\" data-gtm-event=\"customEventSPE\" data-fig-domain=\"LEFIGARO\">sous le nom de L\u00e9on XIV<\/a>, qui ne s\u2019est jet\u00e9 sur la biographie de cet Am\u00e9ricain du Nord qui a le c\u0153ur au sud\u00a0? Son histoire sied \u00e0 merveille \u00e0 l\u2019\u00c9glise catholique\u00a0: par essence universelle.<\/p>\n<p class=\"fig-paragraph\">Mais ce sont ses actes et ses paroles qui vont vraiment le r\u00e9v\u00e9ler. Jeudi soir, ses quelques mots au balcon de Saint-Pierre parlaient de paix \u00ab\u200ad\u00e9sarm\u00e9e et d\u00e9sarmante\u00a0\u00bb et montraient d\u2019embl\u00e9e\u00a0<a href=\"http:\/\/www.lefigaro.fr\/actualite-france\/il-connait-la-realite-d-un-pays-comme-le-notre-au-perou-l-ancien-missionnaire-et-nouveau-pape-leon-xiv-acclame-par-les-fideles-20250509\" target=\"_blank\" data-fig-type=\"Article\" rel=\"noopener\" data-gtm-custom-categorie=\"navigation\" data-gtm-custom-action=\"crossclick\" data-gtm-custom-label=\"Contextuel\" data-gtm-event=\"customEventSPE\" data-fig-domain=\"LEFIGARO\">un pasteur plein de sollicitude<\/a>. Ce que confirma sa citation de son ma\u00eetre, saint Augustin\u00a0: \u00ab\u200aAvec vous, je suis chr\u00e9tien\u200a; pour vous, je suis \u00e9v\u00eaque.\u00a0\u00bb C\u2019\u00e9tait assumer imm\u00e9diatement la part paternelle et fraternelle de la charge qui vient de lui \u00eatre confi\u00e9e.<\/p>\n<p class=\"fig-paragraph\">Sa premi\u00e8re hom\u00e9lie, prononc\u00e9e vendredi \u00e0 la messe pontificale c\u00e9l\u00e9br\u00e9e \u00e0 la chapelle Sixtine,\u00a0<a href=\"http:\/\/www.lefigaro.fr\/actualite-france\/decouvrez-le-texte-complet-de-la-premiere-homelie-du-pape-leon-xiv-20250509\" target=\"_blank\" data-fig-type=\"Article\" rel=\"noopener\" data-gtm-custom-categorie=\"navigation\" data-gtm-custom-action=\"crossclick\" data-gtm-custom-label=\"Contextuel\" data-gtm-event=\"customEventSPE\" data-fig-domain=\"LEFIGARO\">donne des indications sur sa personnalit\u00e9 et son programme<\/a>.<\/p>\n<p class=\"fig-paragraph\">Comment ne pas noter d\u2019embl\u00e9e l\u2019extr\u00eame humilit\u00e9 du souverain pontife, d\u00e9sormais \u00e0 la t\u00eate d\u2019une institution bimill\u00e9naire qui compte\u2026<\/p>\n<p class=\"fig-premium-paywall__infos\">\n        Cet article est r\u00e9serv\u00e9 aux abonn\u00e9s.        Il vous reste 55% \u00e0 d\u00e9couvrir.\n    <\/p>\n<p>                <img  data- alt=\"Le Figaro\" class=\"fig-img--complete fig-img\"\/><\/p>\n<p class=\"fig-premium-paywall__title\">Je m&rsquo;informe, je m&rsquo;inspire, je m&rsquo;abonne.<\/p>\n<p class=\"fig-premium-paywall__subtitle\">D\u00e9couvrez notre offre de bienvenue.<\/p>\n<p class=\"fig-premium-paywall__connect\">\n                D\u00e9j\u00e0 abonn\u00e9\u00a0?                <a class=\"fig-premium-paywall__connect-link\" href=\"https:\/\/connect.lefigaro.fr\/login?client=horizon_web&amp;type=main&amp;redirect_uri=https%3A%2F%2Fwww.lefigaro.fr%2Factualite-france%2Fl-editorial-d-etienne-de-montety-douceur-et-determination-le-style-du-nouveau-pape-leon-xiv-20250509\" data-js-gtm=\"{&quot;customCategorie&quot;: &quot;conversion&quot;, &quot;customAction&quot;: &quot;before_Landing_Connexion_paywall_auto&quot;, &quot;customLabel&quot;: &quot;bGVmaWdhcm8uZnJfXzFmMDJjZjhkLTE5MzUtNjIwNC1hOGI4LWI5ODlhYTg2ZGE3MV9fQXJ0aWNsZQ==_L\u2019\u00e9ditorial d\u2019\u00c9tienne de Montety\u00a0: \u00abDouceur et d\u00e9termination, le style du nouveau pape L\u00e9on XIV\u00bb_131&quot;, &quot;customIDSPE&quot;: &quot;bGVmaWdhcm8uZnJfXzFmMDJjZjhkLTE5MzUtNjIwNC1hOGI4LWI5ODlhYTg2ZGE3MV9fQXJ0aWNsZQ==&quot;, &quot;event&quot;: &quot;customEventSPE&quot;}\" target=\"_blank\" rel=\"noopener\"><br \/>\n                    Connectez-vous<br \/>\n                <\/a>\n            <\/p>\n","protected":false},"excerpt":{"rendered":"Commentant l\u2019\u00c9vangile, vendredi, \u00e0 la messe pontificale, l\u2019ancien missionnaire a donn\u00e9 le ton avec nettet\u00e9\u00a0: il y a&hellip;\n","protected":false},"author":2,"featured_media":88563,"comment_status":"","ping_status":"","sticky":false,"template":"","format":"standard","meta":{"footnotes":""},"categories":[2],"tags":[47,1058,1054,1059,1060,1055,11,8425,1057,118,1011,27,1061,303,19741,12,1062,656,104,1056,809],"class_list":{"0":"post-88562","1":"post","2":"type-post","3":"status-publish","4":"format-standard","5":"has-post-thumbnail","7":"category-actualites","8":"tag-actualite","9":"tag-actualite-education","10":"tag-actualite-france","11":"tag-actualite-justice","12":"tag-actualite-securite","13":"tag-actualite-societe","14":"tag-actualites","15":"tag-editorial-figaro","16":"tag-education","17":"tag-faits-divers","18":"tag-fr","19":"tag-france","20":"tag-immigration","21":"tag-justice","22":"tag-leon-xiv","23":"tag-news","24":"tag-polemique","25":"tag-securite","26":"tag-societe","27":"tag-societe-francaise","28":"tag-violence"},"share_on_mastodon":{"url":"https:\/\/pubeurope.com\/@fr\/114481834551814454","error":""},"_links":{"self":[{"href":"https:\/\/www.europesays.com\/fr\/wp-json\/wp\/v2\/posts\/88562","targetHints":{"allow":["GET"]}}],"collection":[{"href":"https:\/\/www.europesays.com\/fr\/wp-json\/wp\/v2\/posts"}],"about":[{"href":"https:\/\/www.europesays.com\/fr\/wp-json\/wp\/v2\/types\/post"}],"author":[{"embeddable":true,"href":"https:\/\/www.europesays.com\/fr\/wp-json\/wp\/v2\/users\/2"}],"replies":[{"embeddable":true,"href":"https:\/\/www.europesays.com\/fr\/wp-json\/wp\/v2\/comments?post=88562"}],"version-history":[{"count":0,"href":"https:\/\/www.europesays.com\/fr\/wp-json\/wp\/v2\/posts\/88562\/revisions"}],"wp:featuredmedia":[{"embeddable":true,"href":"https:\/\/www.europesays.com\/fr\/wp-json\/wp\/v2\/media\/88563"}],"wp:attachment":[{"href":"https:\/\/www.europesays.com\/fr\/wp-json\/wp\/v2\/media?parent=88562"}],"wp:term":[{"taxonomy":"category","embeddable":true,"href":"https:\/\/www.europesays.com\/fr\/wp-json\/wp\/v2\/categories?post=88562"},{"taxonomy":"post_tag","embeddable":true,"href":"https:\/\/www.europesays.com\/fr\/wp-json\/wp\/v2\/tags?post=88562"}],"curies":[{"name":"wp","href":"https:\/\/api.w.org\/{rel}","templated":true}]}}