{"id":88570,"date":"2025-05-10T05:18:09","date_gmt":"2025-05-10T05:18:09","guid":{"rendered":"https:\/\/www.europesays.com\/fr\/88570\/"},"modified":"2025-05-10T05:18:09","modified_gmt":"2025-05-10T05:18:09","slug":"le-parc-de-la-pepiniere-restera-ouvert-jusqua-minuit-tout-cet-ete","status":"publish","type":"post","link":"https:\/\/www.europesays.com\/fr\/88570\/","title":{"rendered":"le parc de la P\u00e9pini\u00e8re restera ouvert jusqu\u2019\u00e0 minuit tout cet \u00e9t\u00e9"},"content":{"rendered":"<p>            Par<br \/>\n        <strong><br \/>\n            <a href=\"https:\/\/actu.fr\/auteur\/amandine-mehl\" title=\"Consulter tous les articles de Amandine Mehl\" target=\"_blank\" rel=\"noopener\">Amandine Mehl<\/a><br \/>\n        <\/strong><\/p>\n<p>        Publi\u00e9 le<\/p>\n<p>            10 mai 2025 \u00e0 7h02        <\/p>\n<p>L\u2019an dernier, la <strong>Ville de Nancy<\/strong> a lanc\u00e9 une <strong>exp\u00e9rimentation<\/strong> visant \u00e0 \u00e9largir les <a href=\"https:\/\/actu.fr\/grand-est\/nancy_54395\/parc-de-la-pepiniere-la-ville-de-nancy-elargit-les-horaires-d-ouverture-on-vous-dit-tout_61346606.html\" target=\"_blank\" rel=\"noopener\">horaires d\u2019ouverture<\/a> du <a href=\"https:\/\/actu.fr\/tag\/parc-de-la-pepiniere\" target=\"_blank\" rel=\"noopener\">parc de la P\u00e9pini\u00e8re<\/a>.<\/p>\n<p class=\" wall-content\">Jug\u00e9e positive, elle sera <strong>renouvel\u00e9e<\/strong> \u00e0 partir du 1er juillet et jusqu\u2019au 31 octobre 2025, comme l\u2019ont rep\u00e9r\u00e9 nos confr\u00e8res de <a href=\"https:\/\/www.estrepublicain.fr\/culture-loisirs\/2025\/05\/03\/la-pepiniere-restera-ouverte-jusqu-a-minuit-a-partir-du-1er-juillet#:~:text=L&#039;exp%C3%A9rimentation%20ayant%20%C3%A9t%C3%A9%20concluante,longue%20p%C3%A9riode%20qu&#039;en%202024%E2%80%A6\" target=\"_blank\" rel=\"noopener\">L\u2019Est R\u00e9publicain<\/a>.<\/p>\n<p>Parc de la P\u00e9pini\u00e8re : \u00ab\u00a0L\u2019extension des horaires n\u2019a pas engendr\u00e9 une augmentation des incivilit\u00e9s\u00a0\u00bb<\/p>\n<p class=\" wall-content\">Selon les m\u00eames modalit\u00e9s que l\u2019ann\u00e9e pr\u00e9c\u00e9dente, le site sera ouvert\u00a0<strong>jusqu\u2019\u00e0 minuit<\/strong>.<\/p>\n<p class=\" wall-content\">D\u2019apr\u00e8s la mairie, \u00ab\u2009l\u2019extension des horaires d\u2019ouverture du parc <strong>n\u2019a pas engendr\u00e9<\/strong> une augmentation des incivilit\u00e9s. Aucune agression n\u2019a \u00e9t\u00e9 signal\u00e9e et aucune d\u00e9gradation n\u2019a \u00e9t\u00e9 constat\u00e9e. Aucune plainte de riverains n\u2019a \u00e9t\u00e9 enregistr\u00e9e et ils ont appr\u00e9ci\u00e9 la fermeture silencieuse du parc, sans les rappels vocaux\u2009\u00bb.<\/p>\n<p class=\" wall-content\">Suivez toute l\u2019actualit\u00e9 de vos villes et m\u00e9dias favoris en vous inscrivant \u00e0 <a href=\"https:\/\/moncompte.actu.fr\" title=\"D\u00e9couvez Mon Actu\" rel=\"nofollow noopener\" data-trk=\"{&quot;cta&quot;:{&quot;action&quot;:&quot;https:\\\/\\\/moncompte.actu.fr&quot;,&quot;category&quot;:&quot;mon compte&quot;,&quot;from&quot;:&quot;article footer&quot;,&quot;name&quot;:&quot;Mon actu&quot;,&quot;type&quot;:&quot;cta&quot;}}\" target=\"_blank\">Mon Actu<\/a>.<\/p>\n","protected":false},"excerpt":{"rendered":"Par Amandine Mehl Publi\u00e9 le 10 mai 2025 \u00e0 7h02 L\u2019an dernier, la Ville de Nancy a lanc\u00e9&hellip;\n","protected":false},"author":2,"featured_media":88571,"comment_status":"","ping_status":"","sticky":false,"template":"","format":"standard","meta":{"footnotes":""},"categories":[9635],"tags":[1111,11,1777,674,1011,27,775,1702,12,11014,25,104],"class_list":{"0":"post-88570","1":"post","2":"type-post","3":"status-publish","4":"format-standard","5":"has-post-thumbnail","7":"category-nancy","8":"tag-actu","9":"tag-actualites","10":"tag-eu","11":"tag-europe","12":"tag-fr","13":"tag-france","14":"tag-grand-est","15":"tag-nancy","16":"tag-news","17":"tag-parc-de-la-pepiniere","18":"tag-republique-francaise","19":"tag-societe"},"share_on_mastodon":{"url":"https:\/\/pubeurope.com\/@fr\/114481850186701658","error":""},"_links":{"self":[{"href":"https:\/\/www.europesays.com\/fr\/wp-json\/wp\/v2\/posts\/88570","targetHints":{"allow":["GET"]}}],"collection":[{"href":"https:\/\/www.europesays.com\/fr\/wp-json\/wp\/v2\/posts"}],"about":[{"href":"https:\/\/www.europesays.com\/fr\/wp-json\/wp\/v2\/types\/post"}],"author":[{"embeddable":true,"href":"https:\/\/www.europesays.com\/fr\/wp-json\/wp\/v2\/users\/2"}],"replies":[{"embeddable":true,"href":"https:\/\/www.europesays.com\/fr\/wp-json\/wp\/v2\/comments?post=88570"}],"version-history":[{"count":0,"href":"https:\/\/www.europesays.com\/fr\/wp-json\/wp\/v2\/posts\/88570\/revisions"}],"wp:featuredmedia":[{"embeddable":true,"href":"https:\/\/www.europesays.com\/fr\/wp-json\/wp\/v2\/media\/88571"}],"wp:attachment":[{"href":"https:\/\/www.europesays.com\/fr\/wp-json\/wp\/v2\/media?parent=88570"}],"wp:term":[{"taxonomy":"category","embeddable":true,"href":"https:\/\/www.europesays.com\/fr\/wp-json\/wp\/v2\/categories?post=88570"},{"taxonomy":"post_tag","embeddable":true,"href":"https:\/\/www.europesays.com\/fr\/wp-json\/wp\/v2\/tags?post=88570"}],"curies":[{"name":"wp","href":"https:\/\/api.w.org\/{rel}","templated":true}]}}