{"id":88597,"date":"2025-05-10T05:32:07","date_gmt":"2025-05-10T05:32:07","guid":{"rendered":"https:\/\/www.europesays.com\/fr\/88597\/"},"modified":"2025-05-10T05:32:07","modified_gmt":"2025-05-10T05:32:07","slug":"une-camera-installee-sur-cette-route-tres-frequentee-attention-aux-amendes","status":"publish","type":"post","link":"https:\/\/www.europesays.com\/fr\/88597\/","title":{"rendered":"une cam\u00e9ra install\u00e9e sur cette route tr\u00e8s fr\u00e9quent\u00e9e, attention aux amendes"},"content":{"rendered":"<p>            Par<br \/>\n        <strong><br \/>\n            <a href=\"https:\/\/actu.fr\/auteur\/ugo-maillard\" title=\"Consulter tous les articles de Ugo Maillard\" rel=\"nofollow noopener\" target=\"_blank\">Ugo Maillard<\/a><br \/>\n        <\/strong><\/p>\n<p>        Publi\u00e9 le<\/p>\n<p>            10 mai 2025 \u00e0 7h14        <\/p>\n<p>L\u2019objectif est clair\u2009: r\u00e9duire et sanctionner les comportements dangereux sur cette route pl\u00e9biscit\u00e9e par les touristes.<\/p>\n<p class=\" wall-content\">Lors du conseil municipal de cette fin de mois d\u2019avril\u00a02025, les \u00e9lus de la commune de Cap-d\u2019Ail, pr\u00e8s de <a href=\"https:\/\/actu.fr\/nice\/\" rel=\"nofollow noopener\" target=\"_blank\">Nice<\/a>, ont vot\u00e9 l\u2019installation d\u2019une cam\u00e9ra au niveau du parking Lequio sur\u00a0l\u2019avenue Rainier-III.<\/p>\n<p>    <a href=\"https:\/\/www.google.com\/maps\/embed?pb=!1m18!1m12!1m3!1d32623.279941481276!2d7.394085274060282!3d43.72056891866438!2m3!1f0!2f0!3f0!3m2!1i1024!2i768!4f13.1!3m3!1m2!1s0x12cdc2e729a2d375%3A0x40819a5fd979df0!2s06320%20Cap-d%27Ail!5e0!3m2!1sfr!2sfr!4v1746539323912!5m2!1sfr!2sfr\" title=\"Ouvrie le lien\" rel=\"nofollow noopener\" target=\"_blank\">Cliquez ici pour visualiser le contenu<\/a><\/p>\n<p class=\" wall-content\">Pas n\u2019importe quelle cam\u00e9ra puisque le dispositif permettra de <strong>lire les plaques d\u2019immatriculation<\/strong>.<\/p>\n<p>La validation de la pr\u00e9fecture attendue<\/p>\n<p class=\" wall-content\">Suite \u00e0 cette d\u00e9cision prise en conseil municipal, rep\u00e9r\u00e9e par <a href=\"https:\/\/www.nicematin.com\/securite\/bientot-une-camera-de-surveillance-des-delits-routiers-sur-la-moyenne-corniche-a-cap-d-ail-984592\" rel=\"nofollow noopener\" target=\"_blank\">Nice Matin<\/a>, la mise en place de la cam\u00e9ra est suspendue \u00e0 l\u2019autorisation de la pr\u00e9fecture des <a href=\"https:\/\/actu.fr\/provence-alpes-cote-d-azur\/alpes-maritimes_06\" rel=\"nofollow noopener\" target=\"_blank\">Alpes-Maritimes<\/a>.<\/p>\n<p>Vid\u00e9os : en ce moment sur Actu<\/p>\n<p class=\" wall-content\">Une fois install\u00e9e, elle permettra de rep\u00e9rer et <strong>sanctionner les automobilistes<\/strong> en infraction. Pour rappel, cet axe, \u00e9galement appel\u00e9 la moyenne corniche, est particuli\u00e8rement emprunt\u00e9 par les touristes en qu\u00eate des plus beaux panoramas de la C\u00f4te d\u2019Azur.<\/p>\n<p class=\" wall-content\">Suivez toute l\u2019actualit\u00e9 de vos villes et m\u00e9dias favoris en vous inscrivant \u00e0 <a href=\"https:\/\/moncompte.actu.fr\" title=\"D\u00e9couvez Mon Actu\" rel=\"nofollow noopener\" data-trk=\"{&quot;cta&quot;:{&quot;action&quot;:&quot;https:\\\/\\\/moncompte.actu.fr&quot;,&quot;category&quot;:&quot;mon compte&quot;,&quot;from&quot;:&quot;article footer&quot;,&quot;name&quot;:&quot;Mon actu&quot;,&quot;type&quot;:&quot;cta&quot;}}\" target=\"_blank\">Mon Actu<\/a>.<\/p>\n","protected":false},"excerpt":{"rendered":"Par Ugo Maillard Publi\u00e9 le 10 mai 2025 \u00e0 7h14 L\u2019objectif est clair\u2009: r\u00e9duire et sanctionner les comportements&hellip;\n","protected":false},"author":2,"featured_media":88598,"comment_status":"","ping_status":"","sticky":false,"template":"","format":"standard","meta":{"footnotes":""},"categories":[2819],"tags":[1111,11,1777,674,118,1011,27,12,2401,882,25,5009],"class_list":{"0":"post-88597","1":"post","2":"type-post","3":"status-publish","4":"format-standard","5":"has-post-thumbnail","7":"category-nice","8":"tag-actu","9":"tag-actualites","10":"tag-eu","11":"tag-europe","12":"tag-faits-divers","13":"tag-fr","14":"tag-france","15":"tag-news","16":"tag-nice","17":"tag-provence-alpes-cote-dazur","18":"tag-republique-francaise","19":"tag-securite-routiere"},"share_on_mastodon":{"url":"https:\/\/pubeurope.com\/@fr\/114481905520449932","error":""},"_links":{"self":[{"href":"https:\/\/www.europesays.com\/fr\/wp-json\/wp\/v2\/posts\/88597","targetHints":{"allow":["GET"]}}],"collection":[{"href":"https:\/\/www.europesays.com\/fr\/wp-json\/wp\/v2\/posts"}],"about":[{"href":"https:\/\/www.europesays.com\/fr\/wp-json\/wp\/v2\/types\/post"}],"author":[{"embeddable":true,"href":"https:\/\/www.europesays.com\/fr\/wp-json\/wp\/v2\/users\/2"}],"replies":[{"embeddable":true,"href":"https:\/\/www.europesays.com\/fr\/wp-json\/wp\/v2\/comments?post=88597"}],"version-history":[{"count":0,"href":"https:\/\/www.europesays.com\/fr\/wp-json\/wp\/v2\/posts\/88597\/revisions"}],"wp:featuredmedia":[{"embeddable":true,"href":"https:\/\/www.europesays.com\/fr\/wp-json\/wp\/v2\/media\/88598"}],"wp:attachment":[{"href":"https:\/\/www.europesays.com\/fr\/wp-json\/wp\/v2\/media?parent=88597"}],"wp:term":[{"taxonomy":"category","embeddable":true,"href":"https:\/\/www.europesays.com\/fr\/wp-json\/wp\/v2\/categories?post=88597"},{"taxonomy":"post_tag","embeddable":true,"href":"https:\/\/www.europesays.com\/fr\/wp-json\/wp\/v2\/tags?post=88597"}],"curies":[{"name":"wp","href":"https:\/\/api.w.org\/{rel}","templated":true}]}}