{"id":88610,"date":"2025-05-10T05:39:17","date_gmt":"2025-05-10T05:39:17","guid":{"rendered":"https:\/\/www.europesays.com\/fr\/88610\/"},"modified":"2025-05-10T05:39:17","modified_gmt":"2025-05-10T05:39:17","slug":"latitudes-contemporaines-2025-actualites","status":"publish","type":"post","link":"https:\/\/www.europesays.com\/fr\/88610\/","title":{"rendered":"Latitudes Contemporaines 2025 \/ Actualit\u00e9s"},"content":{"rendered":"<p>Les Latitudes Contemporaines, c\u2019est quoi ?\u00a0<\/p>\n<p>Le festival des Latitudes Contemporaines, fond\u00e9 en 2003 dans la r\u00e9gion des Hauts-de-France, est une c\u00e9l\u00e9bration annuelle des formes artistiques contemporaines.\u00a0<\/p>\n<p>Depuis sa cr\u00e9ation, il s&rsquo;est \u00e9tabli comme <strong>un espace privil\u00e9gi\u00e9 pour les expressions artistiques novatrices<\/strong><strong>, <\/strong>dans lesquelles le corps tient une place importante. Ax\u00e9 sur <strong>l&rsquo;exp\u00e9rience, la curiosit\u00e9, la transdisciplinarit\u00e9, la diversit\u00e9 critique et la cr\u00e9ativit\u00e9<\/strong><strong>,<\/strong> le festival se veut un lieu de convergence culturelle, en harmonie avec son \u00e9poque et son territoire.\u00a0\u00a0<\/p>\n<p>Ses objectifs incluent\u202f:\u00a0<\/p>\n<ul class=\"listPuce\">\n<li>La mise en lumi\u00e8re d&rsquo;une <strong>programmation audacieuse \u00e0 port\u00e9e internationale<\/strong><strong>\u00a0<\/strong><\/li>\n<li>La pr\u00e9sentation d\u2019\u0153uvres<strong>\u00a0qui refl\u00e8tent et questionnent notre \u00e9poque<\/strong>\u00a0<\/li>\n<li>Le d\u00e9veloppement de processus de <strong>m\u00e9diation innovants<\/strong> favorisant la rencontre entre artistes et publics.\u00a0\u00a0<\/li>\n<\/ul>\n<p>La 23\u00e8me \u00e9dition\u00a0\u00a0<\/p>\n<p>La 23\u00e8me \u00e9dition du festival Latitudes Contemporaines a lieu <strong>du 5 au 27 juin dans la m\u00e9tropole lilloise. <\/strong>Durant trois semaines, des artistes de tous horizons rencontrent le public au cours de festivit\u00e9s qui prennent toutes les formes : on y d\u00e9couvrira des agitations joyeuses ou r\u00e9volt\u00e9es, des festins pas comme vous croyez, des cabarets hybrides, des mouvements collectifs qui emportent tout&#8230;<\/p>\n<p>&gt; Le <strong>mot d&rsquo;Arnaud Deslandes, maire de Lille<\/strong> <strong>:\u00a0<\/strong><\/p>\n<p>\u00ab\u00a0Pendant trois semaines, les Latitudes Contemporaines nous montreront combien la culture et l\u2019ouverture sur le monde, loin d\u2019\u00eatre de simples parenth\u00e8ses, sont des leviers essentiels pour repenser notre mani\u00e8re de vivre ensemble. Ce temps fort de la culture contemporaine porte les valeurs qui nous sont ch\u00e8res ici, \u00e0 Lille : le partage, le bien-vivre ensemble, la fraternit\u00e9. En \u00e9cho \u00e0 la d\u00e9marche Culture Durable Partag\u00e9e de la Ville de Lille, Latitudes Contemporaines se veut plus qu\u2019un festival : un espace d\u2019expression, un manifeste pour une soci\u00e9t\u00e9 plus ouverte, plus joyeuse, plus solidaire.\u00a0\u00bb<\/p>\n<p>&gt; Le <strong>mot de Fran\u00e7ois Primat, pr\u00e9sident de Latitudes Contemporaines :<\/strong><\/p>\n<p>\u00ab\u00a0Cette ann\u00e9e, des frites espagnoles \u00e0 la soupe cor\u00e9enne, en passant par le pain quechua, nous vous invitons au banquet d\u2019une cr\u00e9ation contemporaine internationale soucieuse de ne laisser personne sur le seuil d&rsquo;une humanit\u00e9 inclusive consacr\u00e9e toujours plus \u00e0 l&rsquo;ouvrage de son commun.\u00a0\u00bb<\/p>\n<p>Nos coups de c\u0153ur \u00e0 LillePatatas Fritas Falsas\u00a0\u00a0<\/p>\n<p><strong>Le 5 juin &#8211; Grand Sud\u00a0\u00a0<\/strong><\/p>\n<p>Patatas Fritas Falsas d\u00e9cortique avec un humour mordant et une col\u00e8re ardente les m\u00e9canismes de la violence fasciste et de sa progression insidieuse.<\/p>\n<p>&gt;\u00a0<a href=\"https:\/\/www.lille.fr\/Evenements\/Patatas-Fritas-Falsas-Agnes-Mateus-et-Quim-Tarrida\" target=\"_self\" class=\"lien_interne\" rel=\"nofollow noopener\">En savoir plus<\/a><\/p>\n<p>La Fille et le Dragon<\/p>\n<p><strong>Le 6 juin &#8211; Librairie L&rsquo;Affranchie\u00a0<\/strong><\/p>\n<p>Soazic Courbet, libraire de la librairie L\u2019Affranchie, propose une rencontre avec Kubra Khademi et Nicole Lapierre, autrices du roman graphique La fille et le dragon.\u00a0<\/p>\n<p>&gt; <a href=\"https:\/\/www.lille.fr\/Evenements\/La-Fille-et-le-Dragon-Rencontre-Kubra-Khademi-et-Nicole-Lapierre\" target=\"_self\" class=\"lien_interne\" rel=\"nofollow noopener\">Plus d&rsquo;infos<\/a><\/p>\n<p>R\u00e9cits de maillages<\/p>\n<p><strong>Le 13 juin &#8211; Chaud Bouillon<\/strong><\/p>\n<p>Atelier Za\u2019atar explore le quartier de Fives-Cail, nourrie par les r\u00e9cits des habitants, le mouvement des v\u00e9g\u00e9taux et l\u2019histoire industrielle du quartier.<\/p>\n<p>&gt; <a href=\"https:\/\/www.lille.fr\/Evenements\/Recits-de-maillages-vegetal-et-industrie-Atelier-Za-atar\" target=\"_self\" class=\"lien_interne\" rel=\"nofollow noopener\">Plus d&rsquo;infos<\/a><\/p>\n<p>Ad Libitum<\/p>\n<p><strong>Le 14 juin \u2013 Couvent des Dominicains\u00a0\u00a0<\/strong><\/p>\n<p>Ad Libitum est un dialogue sensible entre un danseur et un musicien. Une pi\u00e8ce qui cherche comment se d\u00e9sincarner, peut-\u00eatre pour se r\u00e9incarner ailleurs ?<\/p>\n<p>&gt; <a href=\"https:\/\/www.lille.fr\/Evenements\/Ad-Libitum-Simon-Le-Borgne\" target=\"_self\" class=\"lien_interne\" rel=\"nofollow noopener\">Plus d&rsquo;infos<\/a><\/p>\n<p>Rom\u00e9o + Juliette<\/p>\n<p><strong>Les 14 et 15 juin &#8211; Op\u00e9ra<\/strong><\/p>\n<p>Prenez le mythe l\u00e9gendaire de Shakespeare et la musique de Prokofiev, mixez-les, avalez-le d\u2019un trait&#8230; Le cauchemar qui s\u2019ensuit, c\u2019est Rom\u00e9o + Juliette. Avec l\u2019Op\u00e9ra de Lille, Latitudes Contemporaines pr\u00e9sente la premi\u00e8re fran\u00e7aise de la nouvelle pi\u00e8ce magistrale de Marcos Morau.<\/p>\n<p>Le festival \u00e0 Saint-So !<\/p>\n<p><strong>Du 19 au 22 juin &#8211; Gare Saint Sauveur<\/strong><\/p>\n<p>Pas moins de 7 \u00e9v\u00e9nements organis\u00e9s du jeudi au dimanche&#8230; avec, en guise de cl\u00f4ture, la fameuse Roller disco, de retour ! Une exp\u00e9rience familiale et ouverte \u00e0 tous.<\/p>\n<p>&gt; <a href=\"https:\/\/www.lille.fr\/Evenements\/Latitudes-Contemporaines-2025-a-la-Gare-Saint-Sauveur\" target=\"_self\" class=\"lien_interne\" rel=\"nofollow noopener\">Plus d&rsquo;infos<\/a><\/p>\n<p>Haribo Kimchi &#8211; Jaha Koo<\/p>\n<p><strong>Le 27 juin &#8211; Maison Folie Wazemmes<\/strong><\/p>\n<p>Dans le spectacle Haribo Kimchi, Jaha Koo cuisine en direct une r\u00e9flexion sur l\u2019assimilation culturelle, ses tensions et paradoxes. Spectacle + repas cor\u00e9en !<\/p>\n<p>Spectacle en anglais et cor\u00e9en surtitr\u00e9 en fran\u00e7ais.<\/p>\n<p>&gt; <a href=\"https:\/\/www.lille.fr\/Evenements\/Haribo-Kimchi-Jaha-Koo\" target=\"_self\" class=\"lien_interne\" rel=\"nofollow noopener\">Plus d&rsquo;infos<\/a><\/p>\n<p>Programme complet\t<\/p>\n","protected":false},"excerpt":{"rendered":"Les Latitudes Contemporaines, c\u2019est quoi ?\u00a0 Le festival des Latitudes Contemporaines, fond\u00e9 en 2003 dans la r\u00e9gion des&hellip;\n","protected":false},"author":2,"featured_media":88611,"comment_status":"","ping_status":"","sticky":false,"template":"","format":"standard","meta":{"footnotes":""},"categories":[2815],"tags":[1111,11,4763,1777,674,1011,27,811,1307,5415,12,25],"class_list":{"0":"post-88610","1":"post","2":"type-post","3":"status-publish","4":"format-standard","5":"has-post-thumbnail","7":"category-lille","8":"tag-actu","9":"tag-actualites","10":"tag-agenda","11":"tag-eu","12":"tag-europe","13":"tag-fr","14":"tag-france","15":"tag-hauts-de-france","16":"tag-lille","17":"tag-mairie","18":"tag-news","19":"tag-republique-francaise"},"share_on_mastodon":{"url":"https:\/\/pubeurope.com\/@fr\/114481932772054495","error":""},"_links":{"self":[{"href":"https:\/\/www.europesays.com\/fr\/wp-json\/wp\/v2\/posts\/88610","targetHints":{"allow":["GET"]}}],"collection":[{"href":"https:\/\/www.europesays.com\/fr\/wp-json\/wp\/v2\/posts"}],"about":[{"href":"https:\/\/www.europesays.com\/fr\/wp-json\/wp\/v2\/types\/post"}],"author":[{"embeddable":true,"href":"https:\/\/www.europesays.com\/fr\/wp-json\/wp\/v2\/users\/2"}],"replies":[{"embeddable":true,"href":"https:\/\/www.europesays.com\/fr\/wp-json\/wp\/v2\/comments?post=88610"}],"version-history":[{"count":0,"href":"https:\/\/www.europesays.com\/fr\/wp-json\/wp\/v2\/posts\/88610\/revisions"}],"wp:featuredmedia":[{"embeddable":true,"href":"https:\/\/www.europesays.com\/fr\/wp-json\/wp\/v2\/media\/88611"}],"wp:attachment":[{"href":"https:\/\/www.europesays.com\/fr\/wp-json\/wp\/v2\/media?parent=88610"}],"wp:term":[{"taxonomy":"category","embeddable":true,"href":"https:\/\/www.europesays.com\/fr\/wp-json\/wp\/v2\/categories?post=88610"},{"taxonomy":"post_tag","embeddable":true,"href":"https:\/\/www.europesays.com\/fr\/wp-json\/wp\/v2\/tags?post=88610"}],"curies":[{"name":"wp","href":"https:\/\/api.w.org\/{rel}","templated":true}]}}