{"id":88614,"date":"2025-05-10T05:41:12","date_gmt":"2025-05-10T05:41:12","guid":{"rendered":"https:\/\/www.europesays.com\/fr\/88614\/"},"modified":"2025-05-10T05:41:12","modified_gmt":"2025-05-10T05:41:12","slug":"le-restaurant-sage-a-marseille-ou-la-nouvelle-vie-du-lauracee-par-loris-de-vaucelles","status":"publish","type":"post","link":"https:\/\/www.europesays.com\/fr\/88614\/","title":{"rendered":"Le restaurant Sage \u00e0 Marseille, ou la nouvelle vie du Laurac\u00e9e par Loris de Vaucelles"},"content":{"rendered":"<p>\u00c0 Marseille, <a href=\"https:\/\/www.laprovence.com\/article\/food\/2907900096850214\/marseille-les-restaurants-le-lauracee-et-les-eaux-de-mars-changent-de-main\" target=\"_blank\" rel=\"noopener\">le Laurac\u00e9e \u00e9tait une institution<\/a>. Discr\u00e8te, mais institution quand m\u00eame, avec Christophe Negrel \u00e0 sa t\u00eate depuis 2007. Cette page-l\u00e0 est tourn\u00e9e et, \u00e0 57 ans, le chef marseillais a vendu son affaire \u00e0 un nouveau venu sur la place marseillaise, Loris de Vaucelles, qui en a fait le Sage, pour Saison Artisanat Go\u00fbt \u00c9motion. La majeure partie de l&rsquo;ancienne \u00e9quipe du Laurac\u00e9e a \u00e9t\u00e9 reprise.<\/p>\n<p>\u00c0 26 ans, Loris de Vaucelles en est d\u00e9j\u00e0 \u00e0 sa deuxi\u00e8me partie de carri\u00e8re puisqu&rsquo;il est l&rsquo;un des cocr\u00e9ateurs et t\u00eate pensante culinaire des restaurants Ephemera, tables \u00e0 th\u00e8me ultra-spectaculaires con\u00e7ues pour la g\u00e9n\u00e9ration Instagram et r\u00e9parties entre Paris et Angers (Under The Sea, Wonder Woods Stellar&#8230;).<\/p>\n","protected":false},"excerpt":{"rendered":"\u00c0 Marseille, le Laurac\u00e9e \u00e9tait une institution. Discr\u00e8te, mais institution quand m\u00eame, avec Christophe Negrel \u00e0 sa t\u00eate&hellip;\n","protected":false},"author":2,"featured_media":88615,"comment_status":"","ping_status":"","sticky":false,"template":"","format":"standard","meta":{"footnotes":""},"categories":[2814],"tags":[17,1111,11,1777,674,1011,27,1661,19879,884,12,2043,5912,882,25,1340,16796,4717],"class_list":{"0":"post-88614","1":"post","2":"type-post","3":"status-publish","4":"format-standard","5":"has-post-thumbnail","7":"category-marseille","8":"tag-17","9":"tag-actu","10":"tag-actualites","11":"tag-eu","12":"tag-europe","13":"tag-fr","14":"tag-france","15":"tag-gastronomie","16":"tag-lauracee","17":"tag-marseille","18":"tag-news","19":"tag-nouvelle","20":"tag-par","21":"tag-provence-alpes-cote-dazur","22":"tag-republique-francaise","23":"tag-restaurant","24":"tag-sage","25":"tag-vie"},"share_on_mastodon":{"url":"https:\/\/pubeurope.com\/@fr\/114481940710798308","error":""},"_links":{"self":[{"href":"https:\/\/www.europesays.com\/fr\/wp-json\/wp\/v2\/posts\/88614","targetHints":{"allow":["GET"]}}],"collection":[{"href":"https:\/\/www.europesays.com\/fr\/wp-json\/wp\/v2\/posts"}],"about":[{"href":"https:\/\/www.europesays.com\/fr\/wp-json\/wp\/v2\/types\/post"}],"author":[{"embeddable":true,"href":"https:\/\/www.europesays.com\/fr\/wp-json\/wp\/v2\/users\/2"}],"replies":[{"embeddable":true,"href":"https:\/\/www.europesays.com\/fr\/wp-json\/wp\/v2\/comments?post=88614"}],"version-history":[{"count":0,"href":"https:\/\/www.europesays.com\/fr\/wp-json\/wp\/v2\/posts\/88614\/revisions"}],"wp:featuredmedia":[{"embeddable":true,"href":"https:\/\/www.europesays.com\/fr\/wp-json\/wp\/v2\/media\/88615"}],"wp:attachment":[{"href":"https:\/\/www.europesays.com\/fr\/wp-json\/wp\/v2\/media?parent=88614"}],"wp:term":[{"taxonomy":"category","embeddable":true,"href":"https:\/\/www.europesays.com\/fr\/wp-json\/wp\/v2\/categories?post=88614"},{"taxonomy":"post_tag","embeddable":true,"href":"https:\/\/www.europesays.com\/fr\/wp-json\/wp\/v2\/tags?post=88614"}],"curies":[{"name":"wp","href":"https:\/\/api.w.org\/{rel}","templated":true}]}}