{"id":88622,"date":"2025-05-10T05:45:37","date_gmt":"2025-05-10T05:45:37","guid":{"rendered":"https:\/\/www.europesays.com\/fr\/88622\/"},"modified":"2025-05-10T05:45:37","modified_gmt":"2025-05-10T05:45:37","slug":"greve-a-la-sncf-et-neige-gare-aux-perturbations-ce-jeudi-en-ile-de-france-sur-les-lignes-transilien-et-rer","status":"publish","type":"post","link":"https:\/\/www.europesays.com\/fr\/88622\/","title":{"rendered":"Gr\u00e8ve \u00e0 la SNCF et neige : gare aux perturbations ce jeudi en Ile-de-France sur les lignes Transilien et RER"},"content":{"rendered":"<p class=\"paragraph text_align_left\">De la neige attendue et un <a href=\"https:\/\/www.leparisien.fr\/economie\/greve-sncf-le-trafic-de-mercredi-en-ile-de-france-ligne-par-ligne-19-11-2024-CGNYP55FDJCFPGFDULBTLZE5ZU.php\" target=\"_blank\" rel=\"nofollow noopener\">mouvement de gr\u00e8ve \u00e0 la SNCF<\/a> ce jeudi 21 novembre : si vous le pouvez, privil\u00e9giez le t\u00e9l\u00e9travail.<\/p>\n<p class=\"paragraph text_align_left\">C\u00f4t\u00e9 mouvement social, en \u00cele-de-France, les perturbations se concentreront principalement sur le RER D et la ligne R du Transilien, places fortes du syndicat SUD-Rail, avec seulement un train sur trois.<\/p>\n<p class=\"paragraph text_align_left\">Il est pr\u00e9vu un train sur deux sur le RER B et les lignes H et N du Transilien. Au nord du RER B, 1 train sur 2 au nord (depuis la gare du Nord) et 3 trains sur 4 au sud (depuis Ch\u00e2telet-les-Halles). L\u2019interconnexion est maintenue en gare du Nord.<\/p>\n<p>Trafic normal sur le RER A<\/p>\n<p class=\"paragraph text_align_left\">Les RER C et E auront \u00e9galement un service diminu\u00e9 avec respectivement deux trains sur trois et trois trains sur quatre en moyenne. En dehors des lignes J et U du Transilien, le trafic sera normal, en particulier sur le RER A, ligne la plus emprunt\u00e9e du r\u00e9seau en \u00cele-de-France et sur toutes les lignes de tramway de la r\u00e9gion op\u00e9r\u00e9es par la SNCF. Le r\u00e9seau RATP, lui, fonctionnera normalement.<\/p>\n<p class=\"paragraph text_align_left\">Dans le d\u00e9tail, sur le RER D, sur l\u2019axe Creil-Corbeil entre l\u2019Oise et l\u2019Essonne et Goussainville-Melun entre le Val-d\u2019Oise et la Seine-et-Marne : pr\u00e9voir 2 trains sur 5. Sur l\u2019axe Corbeil-Malesherbes, 1 train sur 3 (uniquement en pointe de matin\u00e9e et de soir\u00e9e). Sur l\u2019axe Juvisy-Corbeil via Ris : aucun train. Sur l\u2019axe Corbeil-Melun via Saint-Fargeau idem, aucun train n\u2019est annonc\u00e9. Sur la Ligne R, l\u2019axe Paris-Montereau-Montargis aura 2 trains sur 3. Et sur l\u2019axe Melun-Montereau, aucun train.<\/p>\n<p><img decoding=\"async\" class=\"image \" loading=\"lazy\" src=\"https:\/\/www.europesays.com\/fr\/wp-content\/uploads\/2025\/05\/LJLHZS3T2VGP3JSBV5QV4MWNTQ.jpg\" alt=\"\" align=\"\" data-rubrique-principale=\"\" data-article-type=\"\" fetchpriority=\"auto\"\/><\/p>\n<p class=\"paragraph text_align_left\">Les quatre syndicats de la SNCF-CGT-Cheminots, Unsa-Ferroviaire, SUD-Rail et CFDT-Cheminots &#8211; ont appel\u00e9 \u00e0 la gr\u00e8ve pour d\u00e9noncer le d\u00e9mant\u00e8lement de Fret SNCF d\u00e9cid\u00e9 pour ne pas avoir \u00e0 rembourser des aides d\u2019Etat que la Commission europ\u00e9enne consid\u00e8re comme ill\u00e9gales.<\/p>\n<p class=\"paragraph text_align_left\">Les syndicats demandent un moratoire sur le processus de d\u00e9mant\u00e8lement, ce \u00e0 quoi le gouvernement et la direction de la SNCF ont oppos\u00e9 une fin de non-recevoir. Les syndicats s\u2019inqui\u00e8tent aussi de l\u2019ouverture \u00e0 la concurrence dans le transport de voyageurs avec, \u00e0 la cl\u00e9, une modification des r\u00e8gles encadrant l\u2019organisation du temps de travail des cheminots. Enfin, ils r\u00e9clament une loi de programmation pluriannuelle pour financer l\u2019entretien du r\u00e9seau. L\u2019intersyndicale menace aussi de lancer une gr\u00e8ve reconductible \u00e0 partir du 11 d\u00e9cembre.<\/p>\n<p class=\"paragraph text_align_left\">Une situation perturb\u00e9e dans les transports en commun \u00e0 laquelle risquent de s\u2019ajouter les cons\u00e9quences de la m\u00e9t\u00e9o. L\u2019Ile-de-France a en effet \u00e9t\u00e9 plac\u00e9e en vigilance orange neige et verglas par M\u00e9t\u00e9o France pour ce jeudi, entre 11 heures et 21 heures.<\/p>\n","protected":false},"excerpt":{"rendered":"De la neige attendue et un mouvement de gr\u00e8ve \u00e0 la SNCF ce jeudi 21 novembre : si&hellip;\n","protected":false},"author":2,"featured_media":88623,"comment_status":"","ping_status":"","sticky":false,"template":"","format":"standard","meta":{"footnotes":""},"categories":[1592],"tags":[1111,11,33,1777,674,1011,27,662,1944,12,626,25,2382],"class_list":{"0":"post-88622","1":"post","2":"type-post","3":"status-publish","4":"format-standard","5":"has-post-thumbnail","7":"category-ile-de-france","8":"tag-actu","9":"tag-actualites","10":"tag-economie","11":"tag-eu","12":"tag-europe","13":"tag-fr","14":"tag-france","15":"tag-ile-de-france","16":"tag-ma-ville","17":"tag-news","18":"tag-paris","19":"tag-republique-francaise","20":"tag-transport-idf-oise"},"share_on_mastodon":{"url":"https:\/\/pubeurope.com\/@fr\/114481956389005610","error":""},"_links":{"self":[{"href":"https:\/\/www.europesays.com\/fr\/wp-json\/wp\/v2\/posts\/88622","targetHints":{"allow":["GET"]}}],"collection":[{"href":"https:\/\/www.europesays.com\/fr\/wp-json\/wp\/v2\/posts"}],"about":[{"href":"https:\/\/www.europesays.com\/fr\/wp-json\/wp\/v2\/types\/post"}],"author":[{"embeddable":true,"href":"https:\/\/www.europesays.com\/fr\/wp-json\/wp\/v2\/users\/2"}],"replies":[{"embeddable":true,"href":"https:\/\/www.europesays.com\/fr\/wp-json\/wp\/v2\/comments?post=88622"}],"version-history":[{"count":0,"href":"https:\/\/www.europesays.com\/fr\/wp-json\/wp\/v2\/posts\/88622\/revisions"}],"wp:featuredmedia":[{"embeddable":true,"href":"https:\/\/www.europesays.com\/fr\/wp-json\/wp\/v2\/media\/88623"}],"wp:attachment":[{"href":"https:\/\/www.europesays.com\/fr\/wp-json\/wp\/v2\/media?parent=88622"}],"wp:term":[{"taxonomy":"category","embeddable":true,"href":"https:\/\/www.europesays.com\/fr\/wp-json\/wp\/v2\/categories?post=88622"},{"taxonomy":"post_tag","embeddable":true,"href":"https:\/\/www.europesays.com\/fr\/wp-json\/wp\/v2\/tags?post=88622"}],"curies":[{"name":"wp","href":"https:\/\/api.w.org\/{rel}","templated":true}]}}