{"id":88626,"date":"2025-05-10T05:48:20","date_gmt":"2025-05-10T05:48:20","guid":{"rendered":"https:\/\/www.europesays.com\/fr\/88626\/"},"modified":"2025-05-10T05:48:20","modified_gmt":"2025-05-10T05:48:20","slug":"revivez-la-victoire-de-la-berrichonne-contre-orleans","status":"publish","type":"post","link":"https:\/\/www.europesays.com\/fr\/88626\/","title":{"rendered":"revivez la victoire de la Berrichonne contre Orl\u00e9ans"},"content":{"rendered":"<p><strong>Pierre Michel<\/strong><\/p>\n<p>Le match<\/p>\n<p><strong>90e+4 : <\/strong>C&rsquo;est fini \u00e0 Gaston-Petit. La Berri a remport\u00e9 le derby (2-0), deux buts inscrits en premi\u00e8re p\u00e9riode. <\/p>\n<p><strong>88e  : <\/strong>il reste deux minutes. La Berri n&rsquo;est pas en danger.<\/p>\n<p><strong>80e  :<\/strong> Deuxi\u00e8me changement \u00e0 la Berri : Diallo est remplac\u00e9 par Demb\u00e9l\u00e9.<\/p>\n<p><strong>75e  : <\/strong>il reste un quart d&rsquo;heure : la Berri tient sa victoire ; malheureusement, pendant ce temps, le Paris 13 Atletico m\u00e8ne \u00e0 Rouen (1-2).<\/p>\n<p><strong>65e  : <\/strong>premier changement \u00e0 la Berrichonne : Mendy remplace le deuxi\u00e8me buteur, Tormin.<\/p>\n<p><strong>58e  : <\/strong>premi\u00e8re r\u00e9action d&rsquo;Orl\u00e9ans avec une t\u00eate de Goujon de peu \u00e0 c\u00f4t\u00e9.<\/p>\n<p><strong>55e  : <\/strong>la seconde p\u00e9riode a repris sur un rythme tranquille, ce qui fait forc\u00e9ment les affaires de l&rsquo;\u00e9quipe qui m\u00e8ne au score.<\/p>\n<p><strong>46e  : <\/strong>le coach d&rsquo;Orl\u00e9ans, tr\u00e8s remont\u00e9 contre son \u00e9quipe, a effectu\u00e9 quatre changements \u00e0 la pause.<\/p>\n<p><strong>45e  :<\/strong> la mi-temps est siffl\u00e9e sur le score de 2-0. Le concurrent direct de la Berri est tenu \u00e9chec \u00e0 Rouen (1-1).<\/p>\n<p><strong>39e  : but pour la Berrichonne !!!<\/strong> Le deuxi\u00e8me but arrive logiquement : Clairicia tire sur le poteau, mais Tormin \u00e0 l&rsquo;aff\u00fbt croise sa frappe pour tromper Jean Pierre <strong>(2-0).<\/strong><\/p>\n<p><strong>35e\u00a0: <\/strong>Michel est tout pr\u00e8s d\u2019obtenir un penalty mais la faute du d\u00e9fenseur orl\u00e9anais est bien en dehors de la surface. Sur le coup franc, Umbdenstock trouve la barre et le ballon retombe sur la t\u00eate du gardien. Le deuxi\u00e8me but \u00e9tait proche.<\/p>\n<p><strong>31e\u00a0: <\/strong>la Berri a toujours son but d\u2019avance. Orl\u00e9ans ne se montre par tr\u00e8s dangereux pour \u00e9galiser.<\/p>\n<p><strong>16e\u00a0: but pour la Berrichonne\u00a0!!!<\/strong> Sur une longue ouverture de Mbengue, Clairicia s\u2019enfonce dans la d\u00e9fense orl\u00e9anaise puis d\u00e9croche une frappe limpide des 20 m\u00e8tres qui va se loger en pleine lucarne <strong>(1-0).<\/strong><\/p>\n<p><strong>12e\u00a0: <\/strong>la premi\u00e8re frappe du match est pour l\u2019Orl\u00e9anais Jean Pierre. Konat\u00e9 d\u00e9tourne en corner.<\/p>\n<p><strong>11e\u00a0: <\/strong>La Berri a du mal \u00e0 entrer dans le match. Alors qu\u2019on s\u2019attendait qu\u2019elle imprime un gros pressing, au contraire, elle se montre tr\u00e8s attentiste.<\/p>\n<p><strong>7e\u00a0:<\/strong> Les deux \u00e9quipes se jaugent\u00a0; c\u2019est toujours le round d\u2019observation.<\/p>\n<p><strong>1re\u00a0:<\/strong> C\u2019est parti \u00e0 Gaston-Petit\u00a0: le coup d\u2019envoi est par l\u2019US Orl\u00e9ans.<\/p>\n<p>Les compositions<\/p>\n<p>Le voile sur le groupe de 16 joueurs de la Berrichonne choisis par Cris est lev\u00e9\u00a0: il est exactement le m\u00eame que pour la r\u00e9ception de Dijon une semaine plus t\u00f4t. M\u00eame onze de d\u00e9part, m\u00eame rempla\u00e7ants et donc aucun en gr\u00e2ce, ni celui de Pelletier, ni celui de Chraibi, ni celui de Kamissoko.<\/p>\n<p><strong>Berrichonne<\/strong>\u00a0: Konat\u00e9\u00a0&#8211; Agounon (cap), Magnora, Mbengue\u00a0&#8211; Michel, Pierre, Doumbouya, Umbdenstock, Tormin\u00a0&#8211; Clairicia, Diallo.<br \/>Rempla\u00e7ants\u00a0: Cognard (g.), Coulibaly, N\u2019Goma, Mendy, Demb\u00e9l\u00e9.<br \/>Entra\u00eeneur\u00a0: Cris.<\/p>\n<p><strong>Orl\u00e9ans<\/strong>\u00a0: Matimbou\u00a0&#8211; Lemaitre, Giraudon (cap), Ponti\u00a0&#8211; Halby-Tour\u00e9, Khous, D\u2019Arpino, Goujon, Jean-Pierre\u00a0&#8211; Sila, Do Marcolino.<br \/>Rempla\u00e7ants\u00a0: Diako (g), Baudry, Cartillier, Testud, Lallias, El Khoumisti.<br \/>Entra\u00eeneur\u00a0: Herv\u00e9 Della Maggiore.<\/p>\n<p>Avant-match<\/p>\n<p>Cris, l\u2019entra\u00eeneur de la Berrichonne, a convoqu\u00e9 un groupe tr\u00e8s \u00e9largi de 20 joueurs pour cette rencontre d\u00e9cisive. Faits marquants\u00a0: les retours en gr\u00e2ce de Jako Pelletier et Othmane Chraibi, et aussi celui de Nouhoum Kamissoko, remplac\u00e9 pr\u00e9cocement <a target=\"_self\" href=\"https:\/\/www.lanouvellerepublique.fr\/chateauroux\/national-la-berrichonne-tend-l-autre-joue-et-aggrave-son-cas-en-s-effondrant-a-aubagne-1745609845\" rel=\"noopener\">\u00e0 Aubagne il y a quinze jours<\/a> et hors du groupe pour <a target=\"_self\" href=\"https:\/\/www.lanouvellerepublique.fr\/chateauroux\/national-pour-chateauroux-benefice-net-egal-zero-1746216668\" rel=\"noopener\">la r\u00e9ception de Dijon il y a une semaine<\/a>. Autre choix majeur, l\u2019absence de Vincent Pir\u00e8s qui \u00e9tait pourtant revenu dans les petits papiers du coach Br\u00e9silien en cette fin de saison. Cris devra en laisser quatre en tribunes pour coucher les 16 joueurs sur la feuille de match.<\/p>\n<p>Pour rappel, le Policier doit encore se passer des services de son attaquant Giovani Versini, g\u00ean\u00e9 par <a target=\"_self\" href=\"https:\/\/www.lanouvellerepublique.fr\/chateauroux\/national-chateauroux-sera-prive-de-versini-contre-dijon-1746010260\" rel=\"noopener\">une pointe \u00e0 la cuisse qui l\u2019avait d\u00e9j\u00e0 priv\u00e9 du match face aux Dijonnais<\/a>.<\/p>\n<p>Le contexte<\/p>\n<p>Le d\u00e9cor est limpide\u00a0: seule une victoire de la Berrichonne (16e, 29 pt) la maintiendrait en vie avec certitude avant la derni\u00e8re journ\u00e9e de championnat, vendredi 16\u00a0mai, \u00e0 Boulogne, quels que soient les r\u00e9sultats de ses deux concurrents directs, Paris 13 Atletico (15e, 31 pt) et N\u00eemes (17e, 28 pt). Pour rappel, les premiers se d\u00e9placent \u00e0 Rouen (11e, 38 pt) et les seconds re\u00e7oivent Aubagne (5e, 42 pt), deux \u00e9quipes qui n\u2019ont plus rien \u00e0 craindre ni \u00e0 esp\u00e9rer.<\/p>\n<p>Si la Berrichonne n\u2019obtient qu\u2019un match nul face \u00e0<a target=\"_self\" href=\"https:\/\/www.lanouvellerepublique.fr\/chateauroux\/on-ne-veut-surtout-pas-fausser-le-championnat-orleans-ne-fera-aucun-cadeau-a-la-berrichonne-1746692422\" rel=\"noopener\"> l\u2019US Orl\u00e9ans<\/a> ce soir, sa rel\u00e9gation en N2 sera act\u00e9e dans le cas o\u00f9 Paris 13 s\u2019impose en Normandie. Si elle perd, il suffit d\u2019un match nul aux Gobelins (qui poss\u00e8dent le goal-average particulier sur les Castelroussins) pour valider leur maintien.<\/p>\n<p>Moralit\u00e9\u00a0: la Berri doit gagner pour y croire encore.<\/p>\n","protected":false},"excerpt":{"rendered":"Pierre Michel Le match 90e+4 : C&rsquo;est fini \u00e0 Gaston-Petit. La Berri a remport\u00e9 le derby (2-0), deux&hellip;\n","protected":false},"author":2,"featured_media":88627,"comment_status":"","ping_status":"","sticky":false,"template":"","format":"standard","meta":{"footnotes":""},"categories":[1888],"tags":[1392,1111,1928,11,1927,4351,1777,674,63,1011,27,5052,19881,19880,3238,12,1926,626,1925,25,60],"class_list":{"0":"post-88626","1":"post","2":"type-post","3":"status-publish","4":"format-standard","5":"has-post-thumbnail","7":"category-paris","8":"tag-a-la-une-local","9":"tag-actu","10":"tag-actu-paris","11":"tag-actualites","12":"tag-actualites-paris","13":"tag-chateauroux","14":"tag-eu","15":"tag-europe","16":"tag-football","17":"tag-fr","18":"tag-france","19":"tag-indre","20":"tag-la-berri-foot","21":"tag-la-berrichonne-football","22":"tag-national","23":"tag-news","24":"tag-news-paris","25":"tag-paris","26":"tag-paris-news","27":"tag-republique-francaise","28":"tag-sports"},"share_on_mastodon":{"url":"https:\/\/pubeurope.com\/@fr\/114481968156747491","error":""},"_links":{"self":[{"href":"https:\/\/www.europesays.com\/fr\/wp-json\/wp\/v2\/posts\/88626","targetHints":{"allow":["GET"]}}],"collection":[{"href":"https:\/\/www.europesays.com\/fr\/wp-json\/wp\/v2\/posts"}],"about":[{"href":"https:\/\/www.europesays.com\/fr\/wp-json\/wp\/v2\/types\/post"}],"author":[{"embeddable":true,"href":"https:\/\/www.europesays.com\/fr\/wp-json\/wp\/v2\/users\/2"}],"replies":[{"embeddable":true,"href":"https:\/\/www.europesays.com\/fr\/wp-json\/wp\/v2\/comments?post=88626"}],"version-history":[{"count":0,"href":"https:\/\/www.europesays.com\/fr\/wp-json\/wp\/v2\/posts\/88626\/revisions"}],"wp:featuredmedia":[{"embeddable":true,"href":"https:\/\/www.europesays.com\/fr\/wp-json\/wp\/v2\/media\/88627"}],"wp:attachment":[{"href":"https:\/\/www.europesays.com\/fr\/wp-json\/wp\/v2\/media?parent=88626"}],"wp:term":[{"taxonomy":"category","embeddable":true,"href":"https:\/\/www.europesays.com\/fr\/wp-json\/wp\/v2\/categories?post=88626"},{"taxonomy":"post_tag","embeddable":true,"href":"https:\/\/www.europesays.com\/fr\/wp-json\/wp\/v2\/tags?post=88626"}],"curies":[{"name":"wp","href":"https:\/\/api.w.org\/{rel}","templated":true}]}}