{"id":88632,"date":"2025-05-10T05:52:14","date_gmt":"2025-05-10T05:52:14","guid":{"rendered":"https:\/\/www.europesays.com\/fr\/88632\/"},"modified":"2025-05-10T05:52:14","modified_gmt":"2025-05-10T05:52:14","slug":"direct-guerre-en-ukraine-emmanuel-macron-keir-starmer-et-friedrich-merz-sont-arrives-a-kiev","status":"publish","type":"post","link":"https:\/\/www.europesays.com\/fr\/88632\/","title":{"rendered":"DIRECT &#8211; Guerre en Ukraine : Emmanuel Macron, Keir Starmer et Friedrich Merz sont arriv\u00e9s \u00e0 Kiev"},"content":{"rendered":"<p>Voici les informations marquantes des derni\u00e8res 24 heures, relatives au conflit :<\/p>\n<p>&#8211; Le pr\u00e9sident ukrainien Volodymyr Zelensky a annonc\u00e9 des \u00ab\u00a0r\u00e9unions\u00a0\u00bb samedi en Ukraine, rassemblant des soutiens de Kiev contre Moscou. Les membres de la \u00ab\u00a0coalition des volontaires\u00a0\u00bb, emmen\u00e9e par Paris et Londres, prendront part aux \u00e9changes, qui pourraient se d\u00e9rouler en partie \u00e0 distance.\u00a0<\/p>\n<p>&#8211; L&rsquo;ambassade am\u00e9ricaine en Ukraine a indiqu\u00e9 avoir re\u00e7u des informations faisant \u00e9tat d&rsquo;une attaque a\u00e9rienne \u00ab\u00a0potentiellement importante\u00a0\u00bb qui pourrait survenir \u00ab\u00a0\u00e0 tout moment dans les prochains jours\u00a0\u00bb, sur le sol ukrainien.\u00a0<\/p>\n<p>&#8211; La tension a \u00e9t\u00e9 particuli\u00e8rement palpable ce 9 mai \u00e0 Moscou, o\u00f9 une parade militaire d&rsquo;ampleur a \u00e9t\u00e9 organis\u00e9e \u00e0 l&rsquo;occasion des c\u00e9l\u00e9brations pour les 80 ans de la victoire russe sur l&rsquo;Allemagne nazie.\u00a0<\/p>\n<p>&#8211; Le pr\u00e9sident serbe Aleksandar Vucic a rencontr\u00e9 vendredi Vladimir Poutine et lui a demand\u00e9 de continuer \u00e0 fournir du gaz \u00e0 prix r\u00e9duit \u00e0 Belgrade, un arrangement dont le pr\u00e9sident russe a d\u00e9clar\u00e9 qu&rsquo;ils discuteraient \u00ab\u00a0certainement\u00a0\u00bb.\u00a0<\/p>\n<p>&#8211; L&rsquo;Ukraine et ses alli\u00e9s europ\u00e9ens ont approuv\u00e9 vendredi la cr\u00e9ation d&rsquo;un tribunal pour juger la Russie pour son invasion, selon un communiqu\u00e9 du minist\u00e8re ukrainien des Affaires \u00e9trang\u00e8res.\u00a0<\/p>\n","protected":false},"excerpt":{"rendered":"Voici les informations marquantes des derni\u00e8res 24 heures, relatives au conflit : &#8211; Le pr\u00e9sident ukrainien Volodymyr Zelensky&hellip;\n","protected":false},"author":2,"featured_media":88633,"comment_status":"","ping_status":"","sticky":false,"template":"","format":"standard","meta":{"footnotes":""},"categories":[1591],"tags":[1111,11,1921,1073,73,1887,4710,1918,1922,2581,1916,12,1885,1886,132,220,1917,133,1920,135,134],"class_list":{"0":"post-88632","1":"post","2":"type-post","3":"status-publish","4":"format-standard","5":"has-post-thumbnail","7":"category-russie","8":"tag-actu","9":"tag-actualites","10":"tag-article-video","11":"tag-emmanuel-macron","12":"tag-etats-unis","13":"tag-federation-de-russie","14":"tag-friedrich-merz","15":"tag-guerre-en-ukraine-une-treve-en-negociation","16":"tag-info","17":"tag-keir-starmer","18":"tag-moscou","19":"tag-news","20":"tag-russia","21":"tag-russian-federation","22":"tag-russie","23":"tag-ukraine","24":"tag-ukraine-4-annee-de-guerre","25":"tag-video","26":"tag-video-international","27":"tag-vladimir-poutine","28":"tag-volodymyr-zelensky"},"share_on_mastodon":{"url":"https:\/\/pubeurope.com\/@fr\/114481983897768398","error":""},"_links":{"self":[{"href":"https:\/\/www.europesays.com\/fr\/wp-json\/wp\/v2\/posts\/88632","targetHints":{"allow":["GET"]}}],"collection":[{"href":"https:\/\/www.europesays.com\/fr\/wp-json\/wp\/v2\/posts"}],"about":[{"href":"https:\/\/www.europesays.com\/fr\/wp-json\/wp\/v2\/types\/post"}],"author":[{"embeddable":true,"href":"https:\/\/www.europesays.com\/fr\/wp-json\/wp\/v2\/users\/2"}],"replies":[{"embeddable":true,"href":"https:\/\/www.europesays.com\/fr\/wp-json\/wp\/v2\/comments?post=88632"}],"version-history":[{"count":0,"href":"https:\/\/www.europesays.com\/fr\/wp-json\/wp\/v2\/posts\/88632\/revisions"}],"wp:featuredmedia":[{"embeddable":true,"href":"https:\/\/www.europesays.com\/fr\/wp-json\/wp\/v2\/media\/88633"}],"wp:attachment":[{"href":"https:\/\/www.europesays.com\/fr\/wp-json\/wp\/v2\/media?parent=88632"}],"wp:term":[{"taxonomy":"category","embeddable":true,"href":"https:\/\/www.europesays.com\/fr\/wp-json\/wp\/v2\/categories?post=88632"},{"taxonomy":"post_tag","embeddable":true,"href":"https:\/\/www.europesays.com\/fr\/wp-json\/wp\/v2\/tags?post=88632"}],"curies":[{"name":"wp","href":"https:\/\/api.w.org\/{rel}","templated":true}]}}