{"id":88636,"date":"2025-05-10T05:54:10","date_gmt":"2025-05-10T05:54:10","guid":{"rendered":"https:\/\/www.europesays.com\/fr\/88636\/"},"modified":"2025-05-10T05:54:10","modified_gmt":"2025-05-10T05:54:10","slug":"inde-pakistan-rubio-propose-la-mediation-des-etats-unis-pour-lancer-des-discussions-constructives","status":"publish","type":"post","link":"https:\/\/www.europesays.com\/fr\/88636\/","title":{"rendered":"Inde-Pakistan: Rubio propose la m\u00e9diation des Etats-Unis pour lancer \u00ab\u00a0des discussions constructives\u00a0\u00bb"},"content":{"rendered":"<p class=\"ap-StoryElement ap-StoryElement--mb ap-StoryText\">Lors d&rsquo;un appel avec le chef de l&rsquo;arm\u00e9e pakistanaise Asim Mounir, Marco Rubio \u00ab\u00a0a continu\u00e9 d&rsquo;exhorter les deux parties \u00e0 trouver des moyens d&rsquo;arriver \u00e0 une d\u00e9sescalade et a propos\u00e9 l&rsquo;assistance des \u00c9tats-Unis pour entamer des discussions constructives afin d&rsquo;\u00e9viter de futurs conflits\u00a0\u00bb, a d\u00e9clar\u00e9 la porte-parole du d\u00e9partement d&rsquo;Etat, Tammy Bruce, dans un communiqu\u00e9.<\/p>\n","protected":false},"excerpt":{"rendered":"Lors d&rsquo;un appel avec le chef de l&rsquo;arm\u00e9e pakistanaise Asim Mounir, Marco Rubio \u00ab\u00a0a continu\u00e9 d&rsquo;exhorter les deux&hellip;\n","protected":false},"author":2,"featured_media":88637,"comment_status":"","ping_status":"","sticky":false,"template":"","format":"standard","meta":{"footnotes":""},"categories":[1589],"tags":[11,2120,312,73,1866,5595,12,14488,1864,1865,1863,308],"class_list":{"0":"post-88636","1":"post","2":"type-post","3":"status-publish","4":"format-standard","5":"has-post-thumbnail","7":"category-etats-unis","8":"tag-actualites","9":"tag-conflit","10":"tag-diplomatie","11":"tag-etats-unis","12":"tag-etats-unis-damerique","13":"tag-inde","14":"tag-news","15":"tag-pakistan","16":"tag-united-states","17":"tag-united-states-of-america","18":"tag-us","19":"tag-usa"},"share_on_mastodon":{"url":"https:\/\/pubeurope.com\/@fr\/114481991706684481","error":""},"_links":{"self":[{"href":"https:\/\/www.europesays.com\/fr\/wp-json\/wp\/v2\/posts\/88636","targetHints":{"allow":["GET"]}}],"collection":[{"href":"https:\/\/www.europesays.com\/fr\/wp-json\/wp\/v2\/posts"}],"about":[{"href":"https:\/\/www.europesays.com\/fr\/wp-json\/wp\/v2\/types\/post"}],"author":[{"embeddable":true,"href":"https:\/\/www.europesays.com\/fr\/wp-json\/wp\/v2\/users\/2"}],"replies":[{"embeddable":true,"href":"https:\/\/www.europesays.com\/fr\/wp-json\/wp\/v2\/comments?post=88636"}],"version-history":[{"count":0,"href":"https:\/\/www.europesays.com\/fr\/wp-json\/wp\/v2\/posts\/88636\/revisions"}],"wp:featuredmedia":[{"embeddable":true,"href":"https:\/\/www.europesays.com\/fr\/wp-json\/wp\/v2\/media\/88637"}],"wp:attachment":[{"href":"https:\/\/www.europesays.com\/fr\/wp-json\/wp\/v2\/media?parent=88636"}],"wp:term":[{"taxonomy":"category","embeddable":true,"href":"https:\/\/www.europesays.com\/fr\/wp-json\/wp\/v2\/categories?post=88636"},{"taxonomy":"post_tag","embeddable":true,"href":"https:\/\/www.europesays.com\/fr\/wp-json\/wp\/v2\/tags?post=88636"}],"curies":[{"name":"wp","href":"https:\/\/api.w.org\/{rel}","templated":true}]}}