{"id":88640,"date":"2025-05-10T05:56:09","date_gmt":"2025-05-10T05:56:09","guid":{"rendered":"https:\/\/www.europesays.com\/fr\/88640\/"},"modified":"2025-05-10T05:56:09","modified_gmt":"2025-05-10T05:56:09","slug":"en-allemagne-les-depouilles-de-nazis-agitent-les-debats-sur-la-memoire-nationale","status":"publish","type":"post","link":"https:\/\/www.europesays.com\/fr\/88640\/","title":{"rendered":"En Allemagne, les d\u00e9pouilles de nazis agitent les d\u00e9bats sur la m\u00e9moire nationale"},"content":{"rendered":"<p>Quatre-vingts ans apr\u00e8s la fin de de la Seconde Guerre mondiale, les restes de soldats allemands ayant combattu pour le IIIe Reich continuent d&rsquo;\u00eatre exhum\u00e9s. Alors que l&rsquo;extr\u00eame droite allemande pousse pour une relecture de cette p\u00e9riode douloureuse de l&rsquo;histoire, ces d\u00e9couvertes relancent les d\u00e9bats autour de la m\u00e9moire nationale.<\/p>\n<p>Dans la petite ville de Meymac, dans le centre de la France, une r\u00e9union d&rsquo;<a href=\"https:\/\/www.france24.com\/fr\/france\/20250508-8-mai-1945-le-retour-sans-gloire-des-prisonniers-de-guerre-fran\u00e7ais\" rel=\"nofollow noopener\" target=\"_blank\" data-ylk=\"slk:anciens combattants;elm:context_link;itc:0;sec:content-canvas\" class=\"link \">anciens combattants<\/a> touche \u00e0 sa fin. Tous les points \u00e0 l&rsquo;ordre du jour ont \u00e9t\u00e9 discut\u00e9s lorsque Edmond R\u00e9veil, 95 ans, annonce au groupe qu&rsquo;il a une confession \u00e0 faire &#8211; un secret qu&rsquo;il ne peut plus garder.<\/p>\n<p>L&rsquo;ancien <a href=\"https:\/\/www.france24.com\/fr\/\u00e9missions\/c-est-en-france\/20250507-r\u00e9sistance-quand-le-clerg\u00e9-fran\u00e7ais-sauvait-les-juifs-pendant-la-seconde-guerre-mondiale\" rel=\"nofollow noopener\" target=\"_blank\" data-ylk=\"slk:r\u00e9sistant;elm:context_link;itc:0;sec:content-canvas\" class=\"link \">r\u00e9sistant<\/a> raconte aux participants comment, en juin 1944, le petit groupe de combattants dont il faisait partie a captur\u00e9 46 soldats allemands, ainsi qu&rsquo;une femme fran\u00e7aise soup\u00e7onn\u00e9e de collaborer avec les forces d&rsquo;occupation. N&rsquo;ayant pas les moyens de les garder prisonniers et craignant des repr\u00e9sailles sanglantes, <a href=\"https:\/\/www.radiofrance.fr\/franceculture\/podcasts\/les-pieds-sur-terre\/les-pendus-de-tulle-les-soldats-allemands-ont-ete-des-bourreaux-ce-n-etait-pas-des-hommes-6453036\" rel=\"nofollow noopener\" target=\"_blank\" data-ylk=\"slk:comme \u00e0 Tulle quelques jours plus t\u00f4t;elm:context_link;itc:0;sec:content-canvas\" class=\"link \">comme \u00e0 Tulle quelques jours plus t\u00f4t<\/a>, le groupe a pris la lourde d\u00e9cision d&rsquo;ex\u00e9cuter les captifs.<\/p>\n<p>Selon Edmond R\u00e9veil, leurs restes pourraient toujours \u00eatre enterr\u00e9s dans une colline bois\u00e9e des environs.<\/p>\n<p><a href=\"https:\/\/www.france24.com\/fr\/europe\/20250509-allemagne-depouilles-nazis-reich-debats-memoire-nationale-seconde-guerre-mondiale-afd-extreme-droite\" rel=\"nofollow noopener\" target=\"_blank\" data-ylk=\"slk:Lire la suite sur FRANCE 24;elm:context_link;itc:0;sec:content-canvas\" class=\"link \">Lire la suite sur FRANCE 24<\/a><\/p>\n<p>Lire aussi:<br \/><a href=\"https:\/\/www.france24.com\/fr\/europe\/20250430-suicide-adolf-hitler-nazi-autodestruction-soci%C3%A9t%C3%A9-allemande-seconde-guerre-mondiale-troisieme-reich\" rel=\"nofollow noopener\" target=\"_blank\" data-ylk=\"slk:Le suicide d&#039;Adolf Hitler et &quot;l&#039;autodestruction&quot; de la soci\u00e9t\u00e9 allemande;elm:context_link;itc:0;sec:content-canvas\" class=\"link \">Le suicide d&rsquo;Adolf Hitler et \u00ab\u00a0l&rsquo;autodestruction\u00a0\u00bb de la soci\u00e9t\u00e9 allemande<\/a><br \/><a href=\"https:\/\/www.france24.com\/fr\/europe\/20230824-soldats-allemands-ex%C3%A9cut%C3%A9s-en-1944-la-recherche-continue-malgr%C3%A9-une-fouille-infructueuse\" rel=\"nofollow noopener\" target=\"_blank\" data-ylk=\"slk:Soldats allemands ex\u00e9cut\u00e9s en 1944 : la recherche continue malgr\u00e9 une fouille infructueuse;elm:context_link;itc:0;sec:content-canvas\" class=\"link \">Soldats allemands ex\u00e9cut\u00e9s en 1944 : la recherche continue malgr\u00e9 une fouille infructueuse<\/a><\/p>\n","protected":false},"excerpt":{"rendered":"Quatre-vingts ans apr\u00e8s la fin de de la Seconde Guerre mondiale, les restes de soldats allemands ayant combattu&hellip;\n","protected":false},"author":2,"featured_media":88641,"comment_status":"","ping_status":"","sticky":false,"template":"","format":"standard","meta":{"footnotes":""},"categories":[1587],"tags":[11,672,1804,19882,1805,1803,19883,1777,674,1801,19884,12,1802,935],"class_list":{"0":"post-88640","1":"post","2":"type-post","3":"status-publish","4":"format-standard","5":"has-post-thumbnail","7":"category-allemagne","8":"tag-actualites","9":"tag-allemagne","10":"tag-bundesrepublik-deutschland","11":"tag-centre-de-la-france","12":"tag-de","13":"tag-deutschland","14":"tag-edmond-reveil","15":"tag-eu","16":"tag-europe","17":"tag-germany","18":"tag-les-points","19":"tag-news","20":"tag-republique-federale-dallemagne","21":"tag-seconde-guerre-mondiale"},"share_on_mastodon":{"url":"https:\/\/pubeurope.com\/@fr\/114481999615841559","error":""},"_links":{"self":[{"href":"https:\/\/www.europesays.com\/fr\/wp-json\/wp\/v2\/posts\/88640","targetHints":{"allow":["GET"]}}],"collection":[{"href":"https:\/\/www.europesays.com\/fr\/wp-json\/wp\/v2\/posts"}],"about":[{"href":"https:\/\/www.europesays.com\/fr\/wp-json\/wp\/v2\/types\/post"}],"author":[{"embeddable":true,"href":"https:\/\/www.europesays.com\/fr\/wp-json\/wp\/v2\/users\/2"}],"replies":[{"embeddable":true,"href":"https:\/\/www.europesays.com\/fr\/wp-json\/wp\/v2\/comments?post=88640"}],"version-history":[{"count":0,"href":"https:\/\/www.europesays.com\/fr\/wp-json\/wp\/v2\/posts\/88640\/revisions"}],"wp:featuredmedia":[{"embeddable":true,"href":"https:\/\/www.europesays.com\/fr\/wp-json\/wp\/v2\/media\/88641"}],"wp:attachment":[{"href":"https:\/\/www.europesays.com\/fr\/wp-json\/wp\/v2\/media?parent=88640"}],"wp:term":[{"taxonomy":"category","embeddable":true,"href":"https:\/\/www.europesays.com\/fr\/wp-json\/wp\/v2\/categories?post=88640"},{"taxonomy":"post_tag","embeddable":true,"href":"https:\/\/www.europesays.com\/fr\/wp-json\/wp\/v2\/tags?post=88640"}],"curies":[{"name":"wp","href":"https:\/\/api.w.org\/{rel}","templated":true}]}}