{"id":886508,"date":"2026-04-23T01:04:38","date_gmt":"2026-04-23T01:04:38","guid":{"rendered":"https:\/\/www.europesays.com\/fr\/886508\/"},"modified":"2026-04-23T01:04:38","modified_gmt":"2026-04-23T01:04:38","slug":"football-victorieux-de-strasbourg-nice-rejoint-lens-en-finale-de-la-coupe-de-france","status":"publish","type":"post","link":"https:\/\/www.europesays.com\/fr\/886508\/","title":{"rendered":"Football\u00a0: Victorieux de Strasbourg, Nice rejoint Lens en finale de la Coupe de France"},"content":{"rendered":"<p>L\u2019affiche de la finale de la <a href=\"https:\/\/www.20minutes.fr\/sport\/coupe-de-france\/\" target=\"_blank\" class=\"c-link c-link--is-underlined\" rel=\"nofollow noopener\">Coupe de France<\/a> est d\u00e9sormais connue. En battant Strasbourg (2-0) mercredi au stade de la Meinau, <a href=\"https:\/\/www.20minutes.fr\/sport\/ogc_nice\/\" target=\"_blank\" class=\"c-link c-link--is-underlined\" rel=\"nofollow noopener\">Nice<\/a> a empoch\u00e9 son pr\u00e9cieux ticket pour le match au Stade de France le 22\u00a0mai prochain.<\/p>\n<p>A la lutte pour le maintien en Ligue 1 (15e), l\u2019OGC Nice a d\u00e9jou\u00e9 les pronostics lors de sa demi-finale. Il sera oppos\u00e9 <a href=\"https:\/\/www.20minutes.fr\/sport\/football\/coupe-de-france\/4219438-20260421-direct-lens-toulouse-derniere-marche-avant-finale-fete-stade-france-suivez-demi-finale-coupe-france\" target=\"_blank\" class=\"c-link c-link--is-underlined\" rel=\"nofollow noopener\">au RC Lens en finale<\/a>.<\/p>\n<p>L\u2019excellent match d\u2019Elye Wahi<\/p>\n<p>Gr\u00e2ce \u00e0 Elye Wahi, homme providentiel des Aiglons avec un doubl\u00e9, le Gym va tenter dans un mois de remporter une quatri\u00e8me fois le troph\u00e9e (1952, 1954 et 1997) face aux Sang et Or, qui courent toujours apr\u00e8s leur premi\u00e8re victoire. Mais il faudra en parall\u00e8le \u00e9viter le sc\u00e9nario de\u00a01997, quand sa troisi\u00e8me victoire avait \u00e9t\u00e9 g\u00e2ch\u00e9e par une rel\u00e9gation en Ligue 2 en fin de saison.<\/p>\n<p><a href=\"https:\/\/www.20minutes.fr\/sport\/rc_strasbourg\/\" target=\"_blank\" class=\"c-link c-link--is-underlined\" rel=\"nofollow noopener\">Strasbourg<\/a> tombe par contre de haut. Le club alsacien n\u2019est pas parvenu \u00e0 encha\u00eener une nouvelle soir\u00e9e de r\u00eave apr\u00e8s sa qualification historique en demi-finale de la Ligue Conf\u00e9rence acquise jeudi dernier, et n\u2019ira pas au Stade de France disputer une nouvelle finale 25 ans apr\u00e8s la derni\u00e8re.<\/p>\n<p>Objectif la Ligue Conf\u00e9rence pour Strasbourg<\/p>\n<p>Apr\u00e8s avoir fait reposer ses titulaires en championnat ce week-end, hypoth\u00e9quant quasiment ses chances de finir dans les places europ\u00e9ennes, le Racing a perdu son pari et ne pourra sans doute se consoler qu\u2019en Ligue Conf\u00e9rence face au Rayo Vallecano.<\/p>\n<p>\u00ab\u00a0Ce sera du 50-50\u00a0\u00bb\u00a0: l&rsquo;entra\u00eeneur de Strasbourg Gary O\u2019Neil avait mercredi soir raison de se m\u00e9fier de Nice, de retour \u00e0 la Meinau avec de nouveaux acquis apr\u00e8s avoir \u00e9t\u00e9 puni s\u00e8chement le 4\u00a0avril (3-1) en encaissant trois buts en premi\u00e8re p\u00e9riode. Les Aiglons ont cette fois mieux repouss\u00e9 les assauts alsaciens du premier acte si ce n\u2019est une alerte qui a failli profiter \u00e0 Martial Godo (23e).<\/p>\n<p>L\u2019arr\u00eat r\u00e9flexe de Dup\u00e9<\/p>\n<p>Domin\u00e9 mais pas d\u00e9pass\u00e9, Nice s\u2019est accroch\u00e9 \u00e0 sa mission, parvenant m\u00eame \u00e0 prendre l\u2019avantage apr\u00e8s une ouverture lumineuse de Jonathan Clauss pour Elye Wahi, auteur d\u2019une frappe crois\u00e9e inarr\u00eatable (1-0, 51e). Strasbourg venait pourtant d\u2019obtenir une nouvelle occasion d\u2019ouvrir le score une minute plus t\u00f4t mais Julio Enciso, avait opt\u00e9 pour un tir trop mou, oubliant Emmanuel Emegha en retrait (50e).<\/p>\n<p>Maxime Dup\u00e9, titulaire \u00e0 la place du N.1 Yehvann Diouf dans les cages, a aussi grandement contribu\u00e9 au succ\u00e8s de l\u2019OGC Nice en sortant notamment un arr\u00eat r\u00e9flexe pour d\u00e9tourner une nouvelle tentative de Julio Enciso de la t\u00eate \u00e0 bout portant (76e).<\/p>\n<p><a href=\"https:\/\/www.20minutes.fr\/sport\/football\/\" target=\"_blank\" class=\"c-link c-btn c-btn--primary\" rel=\"nofollow noopener\">Notre dossier Football<\/a><\/p>\n<p>Cette demi-finale s\u2019est en outre transform\u00e9e en cauchemar pour le d\u00e9fenseur alsacien Isma\u00ebl Doukour\u00e9, qui a provoqu\u00e9 un p\u00e9nalty en fauchant Mohamed-Ali Cho, qu\u2019Elye Wahi a transform\u00e9 avec ma\u00eetrise (82e). L\u2019avant-centre a une nouvelle fois montr\u00e9 que Nice avait eu raison d\u2019obtenir son pr\u00eat en janvier, quelques jours apr\u00e8s l\u2019arriv\u00e9e sur le banc de Claude Puel, autre homme fort de cette qualification en finale.<\/p>\n","protected":false},"excerpt":{"rendered":"L\u2019affiche de la finale de la Coupe de France est d\u00e9sormais connue. En battant Strasbourg (2-0) mercredi au&hellip;\n","protected":false},"author":2,"featured_media":886509,"comment_status":"","ping_status":"","sticky":false,"template":"","format":"standard","meta":{"footnotes":"","_share_on_mastodon":"0"},"categories":[2820],"tags":[1111,11,2898,2389,2649,73688,83,1777,674,63,1011,27,775,811,4253,12,1309,2268,883,23862,882,2264,4448,25,517,640,133],"class_list":["post-886508","post","type-post","status-publish","format-standard","has-post-thumbnail","category-strasbourg","tag-actu","tag-actualites","tag-alpes-maritimes","tag-alsace","tag-bas-rhin","tag-claude-puel","tag-coupe-de-france","tag-eu","tag-europe","tag-football","tag-fr","tag-france","tag-grand-est","tag-hauts-de-france","tag-lens","tag-news","tag-nord-pas-de-calais","tag-ogc-nice","tag-paca","tag-pas-de-calais","tag-provence-alpes-cote-dazur","tag-rc-lens","tag-rc-strasbourg","tag-republique-francaise","tag-sport","tag-strasbourg","tag-video"],"share_on_mastodon":{"url":"https:\/\/pubeurope.com\/@fr\/116451335716526288","error":""},"_links":{"self":[{"href":"https:\/\/www.europesays.com\/fr\/wp-json\/wp\/v2\/posts\/886508","targetHints":{"allow":["GET"]}}],"collection":[{"href":"https:\/\/www.europesays.com\/fr\/wp-json\/wp\/v2\/posts"}],"about":[{"href":"https:\/\/www.europesays.com\/fr\/wp-json\/wp\/v2\/types\/post"}],"author":[{"embeddable":true,"href":"https:\/\/www.europesays.com\/fr\/wp-json\/wp\/v2\/users\/2"}],"replies":[{"embeddable":true,"href":"https:\/\/www.europesays.com\/fr\/wp-json\/wp\/v2\/comments?post=886508"}],"version-history":[{"count":0,"href":"https:\/\/www.europesays.com\/fr\/wp-json\/wp\/v2\/posts\/886508\/revisions"}],"wp:featuredmedia":[{"embeddable":true,"href":"https:\/\/www.europesays.com\/fr\/wp-json\/wp\/v2\/media\/886509"}],"wp:attachment":[{"href":"https:\/\/www.europesays.com\/fr\/wp-json\/wp\/v2\/media?parent=886508"}],"wp:term":[{"taxonomy":"category","embeddable":true,"href":"https:\/\/www.europesays.com\/fr\/wp-json\/wp\/v2\/categories?post=886508"},{"taxonomy":"post_tag","embeddable":true,"href":"https:\/\/www.europesays.com\/fr\/wp-json\/wp\/v2\/tags?post=886508"}],"curies":[{"name":"wp","href":"https:\/\/api.w.org\/{rel}","templated":true}]}}