{"id":88654,"date":"2025-05-10T06:04:13","date_gmt":"2025-05-10T06:04:13","guid":{"rendered":"https:\/\/www.europesays.com\/fr\/88654\/"},"modified":"2025-05-10T06:04:13","modified_gmt":"2025-05-10T06:04:13","slug":"gregory-alldritt-le-grand-bleu-a-enfile-la-cotte","status":"publish","type":"post","link":"https:\/\/www.europesays.com\/fr\/88654\/","title":{"rendered":"Gr\u00e9gory Alldritt, le grand Bleu a enfil\u00e9 la cotte"},"content":{"rendered":"<p>Discret et humble, le g\u00e9ant de l\u2019ovalie s\u2019est fait tout petit face aux m\u00e9caniciens en herbe dans <a target=\"_self\" href=\"https:\/\/www.lanouvellerepublique.fr\/niort\/niort-la-chambre-des-metiers-modernise-son-centre-de-formation-pour-la-coiffure-1742231408\" rel=\"noopener\">l\u2019atelier flambant neuf du CFA<\/a> (Centre de formation des apprentis) de Niort. Star du rugby mondial, le grand Bleu a enfil\u00e9 la cotte. Le gaillard (1,91\u00a0m, 115\u00a0kg) du XV de France et du Stade rochelais a pass\u00e9 la journ\u00e9e avec les apprentis pour une plong\u00e9e dans le monde de l\u2019artisanat. Bac C mention tr\u00e8s bien en poche, l\u2019Occitan avait men\u00e9 de pair sports et \u00e9tudes de tr\u00e8s haut niveau au Stade rochelais et en physique chimie. Ce retour \u00e0 l\u2019\u00e9cole, par immersion dans l\u2019enseignement professionnel, l\u2019a combl\u00e9 d\u2019aise ce mercredi 7\u00a0mai. \u00ab\u00a0C\u2019est une d\u00e9couverte enrichissante de partager le quotidien de ces jeunes, explique l\u2019enfant de Toulouse. Il y a aussi un c\u00f4t\u00e9 pratique int\u00e9ressant. Au quotidien, il y a m\u00eame des choses qui peuvent me servir.\u00a0\u00bb<\/p>\n<p>\u00ab\u00a0Gr\u00e9gory porte, avec le rugby, les valeurs de l\u2019artisanat\u00a0\u00bb<img alt=\"Le comp\u00e9titeur Gr\u00e9gory Alldritt a \u00e9t\u00e9 mis rude \u00e9preuve avec la d\u00e9pose de roue.\" loading=\"lazy\" width=\"980\" height=\"573\" decoding=\"async\" data-nimg=\"1\" class=\"img-responsive spinner-show\" style=\"color:transparent;background-size:cover;background-position:50% 50%;background-repeat:no-repeat;background-image:url(&quot;data:image\/svg+xml;charset=utf-8,%3Csvg xmlns=\" http:=\"\" viewbox=\"0 0 980 573\" id=\"b\" color-interpolation-filters=\"sRGB\" stddeviation=\"20\" values=\"1 0 0 0 0 0 1 0 0 0 0 0 1 0 0 0 0 0 100 -1\" result=\"s\" x=\"0\" y=\"0\" operator=\"out\" in=\"s\" in2=\"SourceGraphic\" preserveaspectratio=\"none\" href=\"https:\/\/images.lanouvellerepublique.fr\/image\/upload\/t_88w\/f_auto\/681e004c994f2735098b45a7.jpg\"   src=\"https:\/\/www.europesays.com\/fr\/wp-content\/uploads\/2025\/05\/681e004c994f2735098b45a7.jpg\"\/><\/p>\n<p style=\"background-color:#F2F2F2;padding:5px;margin-top:0px;margin-bottom:10px\">Le comp\u00e9titeur Gr\u00e9gory Alldritt a \u00e9t\u00e9 mis rude \u00e9preuve avec la d\u00e9pose de roue.<br \/> \u00a9 (Photo NR, L. L.)<\/p>\n<p>Lors qu\u2019Enzo lui expliquait, en deux temps trois mouvements, le fonctionnement du moteur quatre temps, Gr\u00e9gory Alldritt osa une question. \u00ab\u00a0Je viens d\u2019acheter un vieux Defender et j\u2019ai du mal avec la bo\u00eete de vitesses. C\u2019est facilement r\u00e9parable\u00a0?\u00a0\u00bb Du geste et de la parole, l\u2019apprenti m\u00e9cano et son professeur\u00a0Olivier Lotenberg le rassur\u00e8rent. \u00ab\u00a0Rien n\u2019est impossible en m\u00e9canique.\u00a0\u00bb<\/p>\n<p>Le bonheur des petits et du grand<\/p>\n<p>Le comp\u00e9titeur fut mis \u00e0 l\u2019\u00e9preuve de la d\u00e9pose de roue. Les jeunes ne lui ont pas fait de cadeau \u00e0 l\u2019heure de desserrer les boulons pour remporter haut la main cette course vitesse originale. Au banc de puissance, J\u00e9r\u00e9my Dahay lui a fait une d\u00e9monstration poussant \u00ab\u00a0\u00e0 fond de cinqui\u00e8me\u00a0\u00bb une M\u00e9gane pour atteindre, sur les rouleaux, les 200\u00a0km\/h. Gr\u00e9gory a fini la journ\u00e9e dans son \u00e9l\u00e9ment. \u00c0 la salle de sport entour\u00e9 de dizaines d\u2019apprentis, il s\u2019est retrouv\u00e9 balle ovale en main pour des exercices ludiques qui ont fait le bonheur des petits et du grand.<\/p>\n<p><img alt=\"Gr\u00e9gory Alldritt, un g\u00e9ant du rugby au milieu des petits apprentis\" loading=\"lazy\" width=\"980\" height=\"573\" decoding=\"async\" data-nimg=\"1\" class=\"img-responsive spinner-show\" style=\"color:transparent;background-size:cover;background-position:50% 50%;background-repeat:no-repeat;background-image:url(&quot;data:image\/svg+xml;charset=utf-8,%3Csvg xmlns=\" http:=\"\" viewbox=\"0 0 980 573\" id=\"b\" color-interpolation-filters=\"sRGB\" stddeviation=\"20\" values=\"1 0 0 0 0 0 1 0 0 0 0 0 1 0 0 0 0 0 100 -1\" result=\"s\" x=\"0\" y=\"0\" operator=\"out\" in=\"s\" in2=\"SourceGraphic\" preserveaspectratio=\"none\" href=\"https:\/\/images.lanouvellerepublique.fr\/image\/upload\/t_88w\/f_auto\/681e004c40d17bee0b8b45a4.jpg\"   src=\"https:\/\/www.europesays.com\/fr\/wp-content\/uploads\/2025\/05\/681e004c40d17bee0b8b45a4.jpg\"\/><\/p>\n<p style=\"background-color:#F2F2F2;padding:5px;margin-top:0px;margin-bottom:10px\">Gr\u00e9gory Alldritt, un g\u00e9ant du rugby au milieu des petits apprentis<br \/> \u00a9 (Photo NR, L. L.)<\/p>\n<p>La journ\u00e9e bien remplie se terminait dans des \u00e9clats de rire. L\u2019essai de la chambre de m\u00e9tiers et de l\u2019artisanat (CMA) de Nouvelle-Aquitaine \u00e9tait transform\u00e9. Elle venait d\u2019inaugurer dans les Deux-S\u00e8vres son nouvel \u00e9v\u00e9nementiel\u00a0Les m\u00eal\u00e9es de l\u2019artisanat. Deux autres journ\u00e9es du m\u00eame type sont pr\u00e9vues dans les autres anciennes r\u00e9gions n\u00e9oaquitaines, le Limousin et l\u2019Aquitaine. Avec naturellement Gr\u00e9gory Alldritt, \u00e9g\u00e9rie de la CMA r\u00e9gional depuis trois\u00a0ans et qui arrive au bout de son engagement contractuel \u00e0 la fin de l\u2019ann\u00e9e.<\/p>\n<\/p>\n<p>Tranches de vie<\/p>\n<p>G\u00e9rard Gomez, pr\u00e9sident de la CMA Nouvelle-Aquitaine, ne pouvait que se r\u00e9jouir de ce partenariat gagnant-gagnant. \u00ab Gr\u00e9gory porte avec le rugby les valeurs de l\u2019artisanat\u00a0: la r\u00e9silience, l\u2019excellence et le courage. Le bilan de la journ\u00e9e est tr\u00e8s positif avec beaucoup de moments tr\u00e8s forts. Les t\u00e9moignages du matin ont \u00e9t\u00e9 marquants. Les artisans convi\u00e9s se sont reconnus dans les propos de Gr\u00e9gory qui se pr\u00eate vraiment au jeu. On a eu de belles s\u00e9quences, des t\u00e9moignages qui nous beaucoup \u00e9mus.\u00a0\u00bb Lors de la matin\u00e9e consacr\u00e9e \u00e0 une conf\u00e9rence sur la performance et le d\u00e9passement de soi au quotidien, dans le sport comme dans l\u2019artisanat, Gr\u00e9gory Alldritt a d\u00e9couvert le parcours extraordinaire de Cl\u00e9oph\u00e9e Boulai. Cette apprentie en CAP commercialisation et service en h\u00f4tellerie-restauration a perform\u00e9 dans les\u00a0concours d\u2019art de la table et du service. Ancien basketteur professionnel, Sylvain Lesage a quant \u00e0 lui t\u00e9moign\u00e9 de sa reconversion comme \u00e9lectricien. Des tranches de vie qui ont captiv\u00e9 l\u2019assistance dans la salle et le champion sur l\u2019estrade.<\/p>\n","protected":false},"excerpt":{"rendered":"Discret et humble, le g\u00e9ant de l\u2019ovalie s\u2019est fait tout petit face aux m\u00e9caniciens en herbe dans l\u2019atelier&hellip;\n","protected":false},"author":2,"featured_media":88655,"comment_status":"","ping_status":"","sticky":false,"template":"","format":"standard","meta":{"footnotes":""},"categories":[1416],"tags":[1392,9581,2545,1057,1119,1011,27,6752,479,1468,60],"class_list":{"0":"post-88654","1":"post","2":"type-post","3":"status-publish","4":"format-standard","5":"has-post-thumbnail","7":"category-rugby","8":"tag-a-la-une-local","9":"tag-apprentissage","10":"tag-deux-sevres","11":"tag-education","12":"tag-formation","13":"tag-fr","14":"tag-france","15":"tag-niort","16":"tag-rugby","17":"tag-rugby-football","18":"tag-sports"},"share_on_mastodon":{"url":"https:\/\/pubeurope.com\/@fr\/114482031696791286","error":""},"_links":{"self":[{"href":"https:\/\/www.europesays.com\/fr\/wp-json\/wp\/v2\/posts\/88654","targetHints":{"allow":["GET"]}}],"collection":[{"href":"https:\/\/www.europesays.com\/fr\/wp-json\/wp\/v2\/posts"}],"about":[{"href":"https:\/\/www.europesays.com\/fr\/wp-json\/wp\/v2\/types\/post"}],"author":[{"embeddable":true,"href":"https:\/\/www.europesays.com\/fr\/wp-json\/wp\/v2\/users\/2"}],"replies":[{"embeddable":true,"href":"https:\/\/www.europesays.com\/fr\/wp-json\/wp\/v2\/comments?post=88654"}],"version-history":[{"count":0,"href":"https:\/\/www.europesays.com\/fr\/wp-json\/wp\/v2\/posts\/88654\/revisions"}],"wp:featuredmedia":[{"embeddable":true,"href":"https:\/\/www.europesays.com\/fr\/wp-json\/wp\/v2\/media\/88655"}],"wp:attachment":[{"href":"https:\/\/www.europesays.com\/fr\/wp-json\/wp\/v2\/media?parent=88654"}],"wp:term":[{"taxonomy":"category","embeddable":true,"href":"https:\/\/www.europesays.com\/fr\/wp-json\/wp\/v2\/categories?post=88654"},{"taxonomy":"post_tag","embeddable":true,"href":"https:\/\/www.europesays.com\/fr\/wp-json\/wp\/v2\/tags?post=88654"}],"curies":[{"name":"wp","href":"https:\/\/api.w.org\/{rel}","templated":true}]}}