{"id":88662,"date":"2025-05-10T06:09:09","date_gmt":"2025-05-10T06:09:09","guid":{"rendered":"https:\/\/www.europesays.com\/fr\/88662\/"},"modified":"2025-05-10T06:09:09","modified_gmt":"2025-05-10T06:09:09","slug":"tristan-delacroix-on-est-recompenses-actualite","status":"publish","type":"post","link":"https:\/\/www.europesays.com\/fr\/88662\/","title":{"rendered":"Tristan Delacroix : \u00ab On est recompens\u00e9s \u00bb &#8211; Actualit\u00e9"},"content":{"rendered":"<p style=\"text-align: justify;\">Tristan Delacroix a \u00e9t\u00e9 battu, ce vendredi, sur la premi\u00e8re \u00e9tape du Circuit de Sa\u00f4ne-et-Loire, mais le coureur de l&rsquo;AVC Aix-en-Provence avait le sourire au moment de raconter sa journ\u00e9e. Car peu habitu\u00e9 aux r\u00e9sultats sur cette premi\u00e8re partie de saison, l&rsquo;ancien coureur professionnel retrouve la lumi\u00e8re avec cette 2e place d&rsquo;\u00e9tape sur l&rsquo;\u00e9preuve Elite Nationale (<strong><a href=\"https:\/\/www.directvelo.com\/actualite\/120531\/circuit-de-saone-et-loire-et-1-alex-habert-1er\" target=\"_blank\" rel=\"noopener\">voir classement<\/a><\/strong>), et peut aborder la suite du week-end avec des ambitions. Accident\u00e9 au Circuit des Ardennes, Tristan Delacroix n&rsquo;a pas perdu la t\u00eate et confie son bonheur de retrouver les avant-postes, au micro de DirectVelo.<\/p>\n<p><strong>DirectVelo : T&rsquo;attendais-tu \u00e0 \u00eatre battu dans ce final ?<\/strong><br \/>Tristan Delacroix : Je connais le vainqueur sans vraiment conna\u00eetre, de nom seulement. C&rsquo;\u00e9tait un des trois plus forts. Je pense qu&rsquo;avec le gars d&rsquo;Inside et moi, on \u00e9tait les trois qui prenaient les plus gros relais. On est r\u00e9compens\u00e9s parce qu&rsquo;on a fait les trois premi\u00e8res places. On a \u00e9t\u00e9 super solidaires, c&rsquo;\u00e9tait tr\u00e8s agr\u00e9able d&rsquo;\u00eatre en \u00e9chapp\u00e9e ensemble.\u00a0Franchement, je suis super satisfait, notamment de jouer la gagne.\u00a0<\/p>\n<p><strong>Comment est parti ce coup ?<\/strong><br \/>L\u2019\u00e9chapp\u00e9e s\u2019est form\u00e9e un peu sur la fatigue, apr\u00e8s deux premi\u00e8res heures de course o\u00f9 \u00e7a a beaucoup bagarr\u00e9. Il y a le premier coureur d&rsquo;Inside qui sort, derri\u00e8re, il y en a deux. Et avec le gars d&rsquo;Atria, Axel Habert, on sort un peu \u00e0 contre-temps, tout s\u2019est regroup\u00e9 \u00e0 peu pr\u00e8s au niveau du GPM. On est rapidement revenu sur Lilian Tetart, qui \u00e9tait tout seul \u00e0 un moment, mais je pense que c&rsquo;\u00e9tait dans son int\u00e9r\u00eat aussi qu&rsquo;on se retrouve \u00e0 cinq le plus vite pour collaborer tous ensemble. On a vite eu la minute d&rsquo;avance, c&rsquo;\u00e9tait vraiment une super situation de course. Derri\u00e8re, j&rsquo;ai l&rsquo;impression que le peloton s&rsquo;est cass\u00e9 en deux. Je n&rsquo;avais pas trop les infos, je ne sais pas trop comment \u00e7a s&rsquo;est pass\u00e9, mais on nous annon\u00e7ait un groupe derri\u00e8re nous \u00e0 une minute, et le peloton qui est mont\u00e9 jusqu&rsquo;\u00e0 deux minutes.<\/p>\n<p><strong>\u00ab DE MOINS EN MOINS ENVIE DE PRENDRE DES RISQUES \u00bb<\/strong><\/p>\n<p><strong>Tu as donc cru pouvoir aller au bout ?<\/strong><br \/>Pour nous, c&rsquo;\u00e9tait une super situation, c&rsquo;\u00e9tait s\u00fbr que \u00e7a allait \u00eatre d\u00e9sordonn\u00e9, que \u00e7a allait mettre du temps \u00e0 s&rsquo;organiser. On a r\u00e9ussi \u00e0 tenir les cinquante secondes jusqu&rsquo;\u00e0 deux kilom\u00e8tres. Et apr\u00e8s, on savait qu&rsquo;on \u00e9tait bien engag\u00e9s pour se jouer la gagne. J&rsquo;ai commenc\u00e9 \u00e0 jouer un peu plus tactique mais sur le sprint, c&rsquo;est le plus fort qui gagne. Je suis un peu moins explosif qu&rsquo;avant, et ce sont des arriv\u00e9es qui sont \u00e0 la fra\u00eecheur et \u00e0 l&rsquo;explosivit\u00e9. \u00c7a me correspond un poil moins mais je suis content d&rsquo;avoir \u00e9t\u00e9 devant, de retrouver petit \u00e0 petit un vrai bon niveau, c&rsquo;est agr\u00e9able. Axel nous a tout de suite mis 3-4 v\u00e9los, et petit \u00e0 petit, l&rsquo;\u00e9cart n&rsquo;a fait que grandir.<\/p>\n<p><strong>Pourquoi es-tu si heureux de cette 2e place ?<\/strong><br \/>Je n&rsquo;ai pas couru pendant trois semaines apr\u00e8s le Circuit des Ardennes o\u00f9 j\u2019avais chut\u00e9 un peu b\u00eatement, j\u2019\u00e9tais bien sonn\u00e9, et j&rsquo;ai d\u00fb abandonner. J&rsquo;ai pu reprendre l&rsquo;entra\u00eenement quatre jours apr\u00e8s, et faire un bloc d&rsquo;endurance, 36 heures de v\u00e9lo en 7 jours. J&rsquo;ai vraiment bien roul\u00e9, j&rsquo;ai pu me lib\u00e9rer au niveau du travail, pour pr\u00e9parer le bloc du printemps \u00e0 juin. J\u2019ai bien pr\u00e9par\u00e9 le truc, on verra demain. C&rsquo;est ma course de reprise qui va m&#8217;emmener jusqu&rsquo;au Championnat de France. Je suis content d&rsquo;\u00eatre en forme. J&rsquo;ai eu des super sensations aujourd&rsquo;hui, m\u00eame si \u00e0 la fin, je pense que j&rsquo;\u00e9tais un peu cuit, comme tout le monde.<\/p>\n<p><strong>Que t&rsquo;est-il arriv\u00e9 au Circuit des Ardennes ?<\/strong><br \/>Je me suis fait rentrer dedans et je me suis retrouv\u00e9 un petit peu sonn\u00e9. Je n&rsquo;ai pas encore compl\u00e8tement cicatris\u00e9 des plaies, j&rsquo;ai pris un bon KO, et je n&rsquo;avais plus la t\u00eate \u00e0 continuer la course. J&rsquo;\u00e9tais un peu d\u00e9go\u00fbt\u00e9, mais ce n&rsquo;\u00e9tait pas grave. Je n&rsquo;ai pas vu le truc venir, ce n&rsquo;\u00e9tait pas une situation de course dangereuse, simplement le gars derri\u00e8re moi qui n&rsquo;\u00e9tait pas du tout attentif, qui regardait les papillons, et qui me fait tomber. Il y a de plus en plus de chutes, les gar\u00e7ons n&rsquo;en ont plus rien \u00e0 foutre, c&rsquo;est comme \u00e7a, c&rsquo;est le v\u00e9lo d\u2019aujourd\u2019hui. J&rsquo;ai 30 ans. Evaldas (Siskevicius, le directeur sportif, NDLR) nous dit souvent qu&rsquo;\u00e0 30 ans on a beaucoup plus \u00e0 perdre que les gars de 20 ans. J&rsquo;ai de moins en moins envie de prendre des risques, m\u00eame si je prends du plaisir sur le v\u00e9lo. Mais la question n&rsquo;est pas l\u00e0.<\/p>\n","protected":false},"excerpt":{"rendered":"Tristan Delacroix a \u00e9t\u00e9 battu, ce vendredi, sur la premi\u00e8re \u00e9tape du Circuit de Sa\u00f4ne-et-Loire, mais le coureur&hellip;\n","protected":false},"author":2,"featured_media":88663,"comment_status":"","ping_status":"","sticky":false,"template":"","format":"standard","meta":{"footnotes":""},"categories":[1411],"tags":[834,828,836,829,837,827,83,826,824,823,1154,207,814,817,815,816,822,821,832,211,839,1011,27,820,818,819,835,831,830,833,838,60,212,208,825],"class_list":{"0":"post-88662","1":"post","2":"type-post","3":"status-publish","4":"format-standard","5":"has-post-thumbnail","7":"category-cyclisme","8":"tag-attaque","9":"tag-belgique","10":"tag-braquet","11":"tag-bretagne","12":"tag-chute","13":"tag-competition","14":"tag-coupe-de-france","15":"tag-coureur","16":"tag-course-cyclisme","17":"tag-course-cycliste","18":"tag-cycling","19":"tag-cyclisme","20":"tag-direct","21":"tag-direct-velo","22":"tag-directvelo","23":"tag-directvelo-com","24":"tag-epreuve","25":"tag-epreuve-cycliste","26":"tag-federation-francaise-de-cyclisme","27":"tag-ffc","28":"tag-flandres","29":"tag-fr","30":"tag-france","31":"tag-live","32":"tag-live-course","33":"tag-live-epreuve","34":"tag-peloton","35":"tag-radio-peloton","36":"tag-radio-tour","37":"tag-ravitaillement","38":"tag-relance","39":"tag-sports","40":"tag-uci","41":"tag-velo","42":"tag-velos"},"share_on_mastodon":{"url":"https:\/\/pubeurope.com\/@fr\/114482050703915813","error":""},"_links":{"self":[{"href":"https:\/\/www.europesays.com\/fr\/wp-json\/wp\/v2\/posts\/88662","targetHints":{"allow":["GET"]}}],"collection":[{"href":"https:\/\/www.europesays.com\/fr\/wp-json\/wp\/v2\/posts"}],"about":[{"href":"https:\/\/www.europesays.com\/fr\/wp-json\/wp\/v2\/types\/post"}],"author":[{"embeddable":true,"href":"https:\/\/www.europesays.com\/fr\/wp-json\/wp\/v2\/users\/2"}],"replies":[{"embeddable":true,"href":"https:\/\/www.europesays.com\/fr\/wp-json\/wp\/v2\/comments?post=88662"}],"version-history":[{"count":0,"href":"https:\/\/www.europesays.com\/fr\/wp-json\/wp\/v2\/posts\/88662\/revisions"}],"wp:featuredmedia":[{"embeddable":true,"href":"https:\/\/www.europesays.com\/fr\/wp-json\/wp\/v2\/media\/88663"}],"wp:attachment":[{"href":"https:\/\/www.europesays.com\/fr\/wp-json\/wp\/v2\/media?parent=88662"}],"wp:term":[{"taxonomy":"category","embeddable":true,"href":"https:\/\/www.europesays.com\/fr\/wp-json\/wp\/v2\/categories?post=88662"},{"taxonomy":"post_tag","embeddable":true,"href":"https:\/\/www.europesays.com\/fr\/wp-json\/wp\/v2\/tags?post=88662"}],"curies":[{"name":"wp","href":"https:\/\/api.w.org\/{rel}","templated":true}]}}