{"id":88666,"date":"2025-05-10T06:11:08","date_gmt":"2025-05-10T06:11:08","guid":{"rendered":"https:\/\/www.europesays.com\/fr\/88666\/"},"modified":"2025-05-10T06:11:08","modified_gmt":"2025-05-10T06:11:08","slug":"liev-schreiber-soutien-sa-fille-transgenre-laeticia-hallyday-pourrait-changer-de-cote-americaine","status":"publish","type":"post","link":"https:\/\/www.europesays.com\/fr\/88666\/","title":{"rendered":"Liev Schreiber soutien sa fille transgenre\u2026 Laeticia Hallyday pourrait changer de c\u00f4te (am\u00e9ricaine)\u2026"},"content":{"rendered":"<p>9\u00a0mai 2025<\/p>\n<p>David Hasselhoff inqui\u00e8te les fans apr\u00e8s des images de lui en fauteuil roulant<\/p>\n<p>L\u2019acteur <a href=\"https:\/\/www.20minutes.fr\/arts-stars\/people\/3004487-20210322-david-hasselhoff-decroche-nouveau-role-serie\" target=\"_blank\" class=\"color-ultramarine c-link\" rel=\"noopener\">star d\u2019Alerte \u00e0 Malibu<\/a> a \u00e9t\u00e9 photographi\u00e9 \u00e0 l\u2019a\u00e9roport de Los Angeles se d\u00e9pla\u00e7ant \u00e0 l\u2019aide d\u2019un fauteuil roulant avec son \u00e9pouse, Hayley Roberts, \u00e0 ses c\u00f4t\u00e9s. Approch\u00e9 par un paparazzo, David Hasselhoff a avou\u00e9 qu\u2019il souffrait beaucoup, comme l\u2019a <a href=\"https:\/\/pagesix.com\/2025\/05\/07\/celebrity-news\/david-hasselhoff-seen-in-wheelchair-amid-health-setback\/\" rel=\"nofollow noopener\" target=\"_blank\" class=\"color-ultramarine c-link\">rapport\u00e9<\/a> Page Six.<\/p>\n<p>Et son probl\u00e8me semble \u00eatre au niveau du genou. \u00ab\u00a0J\u2019ai une op\u00e9ration du genou la semaine prochaine\u00a0\u00bb, a-t-il pr\u00e9cis\u00e9.<\/p>\n<p>Les clich\u00e9s ont toutefois suscit\u00e9 l\u2019inqui\u00e9tude de certains fans, seulement quelques semaines apr\u00e8s le suicide de <a href=\"https:\/\/www.20minutes.fr\/arts-stars\/people\/4143418-20250313-filles-pamela-bach-david-hasselhoff-denoncent-rumeurs-autour-mort-mere\" target=\"_blank\" class=\"color-ultramarine c-link\" rel=\"noopener\">l\u2019ex-femme et m\u00e8re des deux filles du com\u00e9dien<\/a>, Pamela Bach.<\/p>\n<p>Liev Schreiber soutient sa fille Kai, jeune mannequin transgenre<\/p>\n<p>Laeticia Hallyday va-t-elle quitter Los Angeles\u00a0?<\/p>\n<p>La veuve de Johnny Hallyday aurait pour projet d\u2019emm\u00e9nager \u00e0 Miami, en Floride, apr\u00e8s avoir vu <a href=\"https:\/\/www.20minutes.fr\/arts-stars\/people\/4139349-20250218-laeticia-hallyday-cherche-souvenirs-gravats-maison-los-angeles\" target=\"_blank\" class=\"color-ultramarine c-link\" rel=\"noopener\">sa maison r\u00e9duite en cendres<\/a> par les incendies de Los Angeles en d\u00e9but d\u2019ann\u00e9e, selon le magazine <a href=\"https:\/\/www.closermag.fr\/people\/exclu-laeticia-hallyday-exit-los-angeles-voici-son-nouveau-projet-de-vie-loin-de-joy-3543133\" rel=\"nofollow noopener\" target=\"_blank\" class=\"color-ultramarine c-link\">Closer<\/a>.<\/p>\n<p>La m\u00e8re de Jade et Joy pourrait ainsi se rapprocher de son p\u00e8re et de son fr\u00e8re, Andr\u00e9 et Gr\u00e9gory Boudou, qui y vivent. Laeticia Hallyday serait aussi g\u00e9ographiquement plus proche de l\u2019\u00eele de Saint-Barth\u00e9lemy, o\u00f9 repose son d\u00e9funt \u00e9poux. Quant \u00e0 l\u2019homme d\u2019affaires Fr\u00e9d\u00e9ric Suant, dont elle est tr\u00e8s proche depuis quelque temps et qui r\u00e9side en France, les vols sont moins longs pour la Floride. Affaire \u00e0 suivre\u2026<\/p>\n","protected":false},"excerpt":{"rendered":"9\u00a0mai 2025 David Hasselhoff inqui\u00e8te les fans apr\u00e8s des images de lui en fauteuil roulant L\u2019acteur star d\u2019Alerte&hellip;\n","protected":false},"author":2,"featured_media":88667,"comment_status":"","ping_status":"","sticky":false,"template":"","format":"standard","meta":{"footnotes":""},"categories":[1359],"tags":[19885,58,59,2702,1011,27,1304,7648,973,10657,133],"class_list":{"0":"post-88666","1":"post","2":"type-post","3":"status-publish","4":"format-standard","5":"has-post-thumbnail","7":"category-people","8":"tag-david-hasselhoff","9":"tag-divertissement","10":"tag-entertainment","11":"tag-fil-des-stars","12":"tag-fr","13":"tag-france","14":"tag-johnny-hallyday","15":"tag-laeticia-hallyday","16":"tag-people","17":"tag-transgenre","18":"tag-video"},"share_on_mastodon":{"url":"https:\/\/pubeurope.com\/@fr\/114482058539603419","error":""},"_links":{"self":[{"href":"https:\/\/www.europesays.com\/fr\/wp-json\/wp\/v2\/posts\/88666","targetHints":{"allow":["GET"]}}],"collection":[{"href":"https:\/\/www.europesays.com\/fr\/wp-json\/wp\/v2\/posts"}],"about":[{"href":"https:\/\/www.europesays.com\/fr\/wp-json\/wp\/v2\/types\/post"}],"author":[{"embeddable":true,"href":"https:\/\/www.europesays.com\/fr\/wp-json\/wp\/v2\/users\/2"}],"replies":[{"embeddable":true,"href":"https:\/\/www.europesays.com\/fr\/wp-json\/wp\/v2\/comments?post=88666"}],"version-history":[{"count":0,"href":"https:\/\/www.europesays.com\/fr\/wp-json\/wp\/v2\/posts\/88666\/revisions"}],"wp:featuredmedia":[{"embeddable":true,"href":"https:\/\/www.europesays.com\/fr\/wp-json\/wp\/v2\/media\/88667"}],"wp:attachment":[{"href":"https:\/\/www.europesays.com\/fr\/wp-json\/wp\/v2\/media?parent=88666"}],"wp:term":[{"taxonomy":"category","embeddable":true,"href":"https:\/\/www.europesays.com\/fr\/wp-json\/wp\/v2\/categories?post=88666"},{"taxonomy":"post_tag","embeddable":true,"href":"https:\/\/www.europesays.com\/fr\/wp-json\/wp\/v2\/tags?post=88666"}],"curies":[{"name":"wp","href":"https:\/\/api.w.org\/{rel}","templated":true}]}}