{"id":88678,"date":"2025-05-10T06:19:09","date_gmt":"2025-05-10T06:19:09","guid":{"rendered":"https:\/\/www.europesays.com\/fr\/88678\/"},"modified":"2025-05-10T06:19:09","modified_gmt":"2025-05-10T06:19:09","slug":"le-livre-de-nicolas-bedos-est-tout-simplement-une-imposture-liberation","status":"publish","type":"post","link":"https:\/\/www.europesays.com\/fr\/88678\/","title":{"rendered":"Le livre de Nicolas Bedos est tout simplement une imposture \u2013 Lib\u00e9ration"},"content":{"rendered":"<p class=\"sc-ksZaOG ehjQrN text-element\">Il est des livres qui tombent des \u00e9tag\u00e8res comme des aveux. Non pas ceux qu\u2019on attend, pleins de franchise et de reconnaissance du tort caus\u00e9, mais ceux, plus insidieux, qui s\u2019\u00e9rigent en r\u00e9cits de r\u00e9surrection. Des livres comme la Soif de honte de Nicolas Bedos. Un ouvrage d\u00e9guis\u00e9 en confession, mais anim\u00e9, dans ses veines les plus profondes, par une strat\u00e9gie de reconqu\u00eate. Un texte qui ne cherche pas \u00e0 comprendre ses fautes, mais \u00e0 reconfigurer son image. La honte devient un outil, un parfum vaguement noble, quand elle devrait \u00eatre une \u00e9preuve silencieuse et transformante.<\/p>\n<p class=\"sc-ksZaOG ehjQrN text-element\">Il fallait bien que cela arrive : que les puissants, tomb\u00e9s de leur pi\u00e9destal, inventent une nouvelle forme d\u2019impunit\u00e9 \u2014 l\u2019impunit\u00e9 litt\u00e9raire.<\/p>\n<p class=\"sc-ksZaOG ehjQrN text-element\">Nicolas Bedos, condamn\u00e9 pour <a href=\"https:\/\/www.liberation.fr\/societe\/police-justice\/condamne-pour-agressions-sexuelles-nicolas-bedos-se-desiste-de-son-appel-20250122_GSYVWTCHQJDLBB4MS7C6HFXAXI\/\" target=\"_blank\" rel=\"noopener\" title=\"https:\/\/www.liberation.fr\/societe\/police-justice\/condamne-pour-agressions-sexuelles-nicolas-bedos-se-desiste-de-son-appel-20250122_GSYVWTCHQJDLBB4MS7C6HFXAXI\/\">agressions sexuelles<\/a> sur deux femmes, choisit de ne pas r\u00e9pondre devant elles. Il r\u00e9pond devant son miroir. Et ce miroir, il le publie. Car ce qui l\u2019int\u00e9resse, ce n\u2019est pas de rendre des comptes, mais d\u2019en r\u00e9\u00e9crire les termes.<\/p>\n<p class=\"sc-ksZaOG ehjQrN text-element\">Il nous demande de croire \u00e0 sa douleur, \u00e0 ses questionnements, \u00e0 sa solitude. Il nous demande m\u00eame de l\u2019admirer, car il ose s\u2019exposer. Mais \u00e0 quoi bon<\/p>\n","protected":false},"excerpt":{"rendered":"Il est des livres qui tombent des \u00e9tag\u00e8res comme des aveux. Non pas ceux qu\u2019on attend, pleins de&hellip;\n","protected":false},"author":2,"featured_media":88679,"comment_status":"","ping_status":"","sticky":false,"template":"","format":"standard","meta":{"footnotes":""},"categories":[8],"tags":[58,9268,59,1011,27,6758,797,799],"class_list":{"0":"post-88678","1":"post","2":"type-post","3":"status-publish","4":"format-standard","5":"has-post-thumbnail","7":"category-divertissement","8":"tag-divertissement","9":"tag-droits-humain","10":"tag-entertainment","11":"tag-fr","12":"tag-france","13":"tag-me-too","14":"tag-violences-faites-aux-femmes","15":"tag-violences-sexuelles"},"share_on_mastodon":{"url":"https:\/\/pubeurope.com\/@fr\/114482090058962544","error":""},"_links":{"self":[{"href":"https:\/\/www.europesays.com\/fr\/wp-json\/wp\/v2\/posts\/88678","targetHints":{"allow":["GET"]}}],"collection":[{"href":"https:\/\/www.europesays.com\/fr\/wp-json\/wp\/v2\/posts"}],"about":[{"href":"https:\/\/www.europesays.com\/fr\/wp-json\/wp\/v2\/types\/post"}],"author":[{"embeddable":true,"href":"https:\/\/www.europesays.com\/fr\/wp-json\/wp\/v2\/users\/2"}],"replies":[{"embeddable":true,"href":"https:\/\/www.europesays.com\/fr\/wp-json\/wp\/v2\/comments?post=88678"}],"version-history":[{"count":0,"href":"https:\/\/www.europesays.com\/fr\/wp-json\/wp\/v2\/posts\/88678\/revisions"}],"wp:featuredmedia":[{"embeddable":true,"href":"https:\/\/www.europesays.com\/fr\/wp-json\/wp\/v2\/media\/88679"}],"wp:attachment":[{"href":"https:\/\/www.europesays.com\/fr\/wp-json\/wp\/v2\/media?parent=88678"}],"wp:term":[{"taxonomy":"category","embeddable":true,"href":"https:\/\/www.europesays.com\/fr\/wp-json\/wp\/v2\/categories?post=88678"},{"taxonomy":"post_tag","embeddable":true,"href":"https:\/\/www.europesays.com\/fr\/wp-json\/wp\/v2\/tags?post=88678"}],"curies":[{"name":"wp","href":"https:\/\/api.w.org\/{rel}","templated":true}]}}