{"id":88698,"date":"2025-05-10T06:29:08","date_gmt":"2025-05-10T06:29:08","guid":{"rendered":"https:\/\/www.europesays.com\/fr\/88698\/"},"modified":"2025-05-10T06:29:08","modified_gmt":"2025-05-10T06:29:08","slug":"ils-nont-touche-aucun-salaire-depuis-novembre-statu-quo-desastreux-pour-les-salaries-de-ce-restaurant-de-toulon","status":"publish","type":"post","link":"https:\/\/www.europesays.com\/fr\/88698\/","title":{"rendered":"Ils n\u2019ont touch\u00e9 aucun salaire depuis novembre: statu quo d\u00e9sastreux pour les salari\u00e9s de ce restaurant de Toulon"},"content":{"rendered":"<p>\u00ab\u00a0On nous laisse dans la mis\u00e8re.\u00a0\u00bb Coralie n\u2019en peut plus de la situation professionnelle dans laquelle elle se trouve depuis juin dernier.<\/p>\n<p>Elle travaillait depuis plusieurs ann\u00e9es \u00e0 La Source sur les plages du Mourillon lorsque les anciens propri\u00e9taires ont perdu leur concession. D\u2019apr\u00e8s le r\u00e8glement, le nouveau concessionnaire doit reprendre les salari\u00e9s.<\/p>\n<p> \u00ab\u00a0C\u2019est ce qui a \u00e9t\u00e9 fait. Christophe Charaut nous a mis en ch\u00f4mage partiel, le temps normalement de rouvrir\u00a0\u00bb, d\u00e9taille la jeune femme.<\/p>\n<p><strong>Pas de salaire depuis des mois<\/strong><\/p>\n<p>Sauf que celui qui a remport\u00e9 deux autres restaurants non seulement n\u2019ouvre pas l\u2019\u00e9tablissement mais surtout ne paie pas le ch\u00f4mage partiel qu\u2019il doit aux sept employ\u00e9s restant.<\/p>\n<p>\u00ab\u00a0Depuis novembre, il ne nous a rien revers\u00e9, s\u2019\u00e9nerve Coralie. Nous avons d\u00fb saisir les prud\u2019hommes.\u00a0\u00bb Son avocate Caroline Pham, qui repr\u00e9sente \u00e9galement les autres salari\u00e9s, obtient une audience en f\u00e9vrier.<\/p>\n<p>\u00ab\u00a0Nous avons re\u00e7u la d\u00e9cision en mars. Emaco, l\u2019entreprise de Christophe Charaut, est condamn\u00e9e \u00e0 verser \u00e0 mes clients le ch\u00f4mage partiel qu\u2019il a lui-m\u00eame re\u00e7u de France Travail.\u00a0\u00bb<\/p>\n<p>Sauf que depuis, ils ne voient rien venir. \u00ab\u00a0Je ne sais plus quoi faire, soupire l\u2019avocate. M\u00eame avec une d\u00e9cision de justice, il ne s\u2019ex\u00e9cute pas\u2026\u00a0\u00bb<\/p>\n<p>La seule solution serait de faire appel \u00e0 un commissaire de justice\u2026 sauf que cela co\u00fbte de l\u2019argent. \u00ab\u00a0Mes clients ont des familles \u00e0 charge. Ils sont en grande difficult\u00e9 comme on peut l\u2019imaginer depuis quasiment un an. C\u2019est une situation catastrophique.\u00a0\u00bb<\/p>\n<p>D\u2019autant plus catastrophique qu\u2019en janvier dernier <a href=\"https:\/\/www.varmatin.com\/vie-locale\/au-mourillon-la-ville-de-toulon-reprend-un-restaurant-a-christophe-charaut-964312\" rel=\"nofollow noopener\" target=\"_blank\">la mairie de Toulon a repris sa concession<\/a> \u00e0 Christophe Charaut. Donc tr\u00e8s concr\u00e8tement les employ\u00e9s de La Source n\u2019ont plus de patron.<\/p>\n<p>\u00ab\u00a0C\u2019est aussi un gros probl\u00e8me. Il n\u2019y a personne contre qui se retourner depuis janvier. Or, mes clients n\u2019ont pas de salaire. Personne ne les a licenci\u00e9s. Ils ne peuvent pas pointer \u00e0 France Travail, toucher une indemnit\u00e9 ch\u00f4mage&#8230;.\u00a0\u00bb<\/p>\n<p>De son c\u00f4t\u00e9 Christophe Charaut l\u2019assure: \u00ab\u00a0Les employ\u00e9s auront leur ch\u00f4mage partiel. Ce sera fait. Mais pour l\u2019instant nous n\u2019avons pas l\u2019argent.\u00a0Et pour cause, la mairie nous a pr\u00e9lev\u00e9 un loyer alors m\u00eame que nous ne pouvions ouvrir le commerce avec les conditions suspensives qu\u2019elle nous a impos\u00e9es. Une action en justice est en cours pour qu\u2019elle nous rembourse. La Ville n\u2019assume pas ses responsabilit\u00e9s.\u00a0\u00bb<\/p>\n<p><strong>Une attribution pr\u00e9vue pour la fin du mois<\/strong><\/p>\n<p>Quoi qu\u2019il en soit, il va encore falloir patienter pour Coralie et ses anciens coll\u00e8gues. La mairie doit r\u00e9attribuer le restaurant \u00e0 un nouveau candidat.<\/p>\n<p>La proc\u00e9dure a \u00e9t\u00e9 lanc\u00e9e il y a d\u00e9j\u00e0 plusieurs semaines. La d\u00e9cision de la collectivit\u00e9 devrait \u00eatre valid\u00e9e lors du prochain conseil municipal qui se tient le 23 mai.<\/p>\n<p>Le nouveau patron devra reprendre tout le passif. Les employ\u00e9s pourraient alors r\u00e9cup\u00e9rer leurs salaires impay\u00e9s depuis janvier. C\u2019est en tout cas ce qu\u2019esp\u00e8re leur avocate.<\/p>\n<p>Cette derni\u00e8re appelle en tout cas \u00e0 ce que chacun \u00ab\u00a0arr\u00eate de se refiler la patate chaude. C\u2019est inhumain ce que ces gens subissent.\u00a0\u00bb<\/p>\n","protected":false},"excerpt":{"rendered":"\u00ab\u00a0On nous laisse dans la mis\u00e8re.\u00a0\u00bb Coralie n\u2019en peut plus de la situation professionnelle dans laquelle elle se&hellip;\n","protected":false},"author":2,"featured_media":88699,"comment_status":"","ping_status":"","sticky":false,"template":"","format":"standard","meta":{"footnotes":""},"categories":[9619],"tags":[1111,11,1777,674,1011,27,12,882,25,2310,3366],"class_list":{"0":"post-88698","1":"post","2":"type-post","3":"status-publish","4":"format-standard","5":"has-post-thumbnail","7":"category-toulon","8":"tag-actu","9":"tag-actualites","10":"tag-eu","11":"tag-europe","12":"tag-fr","13":"tag-france","14":"tag-news","15":"tag-provence-alpes-cote-dazur","16":"tag-republique-francaise","17":"tag-toulon","18":"tag-vie-locale"},"share_on_mastodon":{"url":"https:\/\/pubeurope.com\/@fr\/114482129499153748","error":""},"_links":{"self":[{"href":"https:\/\/www.europesays.com\/fr\/wp-json\/wp\/v2\/posts\/88698","targetHints":{"allow":["GET"]}}],"collection":[{"href":"https:\/\/www.europesays.com\/fr\/wp-json\/wp\/v2\/posts"}],"about":[{"href":"https:\/\/www.europesays.com\/fr\/wp-json\/wp\/v2\/types\/post"}],"author":[{"embeddable":true,"href":"https:\/\/www.europesays.com\/fr\/wp-json\/wp\/v2\/users\/2"}],"replies":[{"embeddable":true,"href":"https:\/\/www.europesays.com\/fr\/wp-json\/wp\/v2\/comments?post=88698"}],"version-history":[{"count":0,"href":"https:\/\/www.europesays.com\/fr\/wp-json\/wp\/v2\/posts\/88698\/revisions"}],"wp:featuredmedia":[{"embeddable":true,"href":"https:\/\/www.europesays.com\/fr\/wp-json\/wp\/v2\/media\/88699"}],"wp:attachment":[{"href":"https:\/\/www.europesays.com\/fr\/wp-json\/wp\/v2\/media?parent=88698"}],"wp:term":[{"taxonomy":"category","embeddable":true,"href":"https:\/\/www.europesays.com\/fr\/wp-json\/wp\/v2\/categories?post=88698"},{"taxonomy":"post_tag","embeddable":true,"href":"https:\/\/www.europesays.com\/fr\/wp-json\/wp\/v2\/tags?post=88698"}],"curies":[{"name":"wp","href":"https:\/\/api.w.org\/{rel}","templated":true}]}}