{"id":887069,"date":"2026-04-23T07:28:21","date_gmt":"2026-04-23T07:28:21","guid":{"rendered":"https:\/\/www.europesays.com\/fr\/887069\/"},"modified":"2026-04-23T07:28:21","modified_gmt":"2026-04-23T07:28:21","slug":"coupe-de-france-la-priorite-reste-le-championnat-pour-nice-malgre-la-qualif-en-finale-previent-claude-puel","status":"publish","type":"post","link":"https:\/\/www.europesays.com\/fr\/887069\/","title":{"rendered":"Coupe de France\u00a0: \u00ab\u00a0La priorit\u00e9 reste le championnat\u00a0\u00bb pour Nice malgr\u00e9 la qualif en finale, pr\u00e9vient Claude Puel"},"content":{"rendered":"<p>L\u2019OGC Nice est en finale de Coupe de France apr\u00e8s <a href=\"https:\/\/www.20minutes.fr\/sport\/football\/4219832-20260423-football-victorieux-strasbourg-nice-rejoint-lens-finale-coupe-france\" class=\"c-link c-link--is-underlined\" rel=\"nofollow noopener\" target=\"_blank\">sa victoire en demi-finale contre Strasbourg<\/a>, mercredi (2-0), mais <a href=\"https:\/\/www.20minutes.fr\/sport\/claude_puel\/\" class=\"c-link c-link--is-underlined\" rel=\"nofollow noopener\" target=\"_blank\">Claude Puel reste froid comme la glace<\/a>. \u00ab\u00a0Je suis heureux pour mes joueurs. Je les laisse profiter. Demain, on reprend le collier car la priorit\u00e9 reste le championnat. On a gravi une marche en Coupe, il y en a d\u2019autres \u00e0 gravir en championnat\u00a0\u00bb, a d\u00e9clar\u00e9 Puel apr\u00e8s la victoire.<\/p>\n<p>Arriv\u00e9 en pompier de service au mois de d\u00e9cembre pour sauver ce qui pouvait l\u2019\u00eatre dans la saison ni\u00e7oise, l\u2019ancien entra\u00eeneur de l\u2019OL et du Losc est dans son r\u00f4le. Dans pompier de service, il y a \u00ab\u00a0pompier\u00a0\u00bb. Et le pompier n\u2019aime pas les enflammades.<\/p>\n<p><a href=\"https:\/\/www.20minutes.fr\/sport\/ligue-1\/\" class=\"c-link c-link--is-underlined\" rel=\"nofollow noopener\" target=\"_blank\">Quinzi\u00e8mes de Ligue 1 avec 29 points<\/a>, les Aiglons ne comptent que quatre points d\u2019avance devant la barragiste Auxerre. Il leur reste quatre matchs pour se maintenir.<\/p>\n<p>Nice et Lens se joueront en Ligue 1 avant la finale<\/p>\n<p>Le calendrier \u00e9tant ce qu\u2019il est, Nice affrontera Lens dans dix jours en Ligue 1 avant de retrouver le 2e du championnat en finale de Coupe de France au Stade de France, le vendredi 22\u00a0mai. \u00ab\u00a0On a le temps d\u2019y penser. Mais la meilleure fa\u00e7on de faire une bonne finale est de se maintenir avant\u00a0\u00bb, a ajout\u00e9 l\u2019entra\u00eeneur, soucieux de voir \u00ab\u00a0dans quelles dispositions mentales et physiques\u00a0\u00bb ses joueurs vont se pr\u00e9senter \u00e0 Marseille dimanche. Il y a toujours un feu \u00e0 \u00e9teindre pour le pompier.<\/p>\n","protected":false},"excerpt":{"rendered":"L\u2019OGC Nice est en finale de Coupe de France apr\u00e8s sa victoire en demi-finale contre Strasbourg, mercredi (2-0),&hellip;\n","protected":false},"author":2,"featured_media":887070,"comment_status":"","ping_status":"","sticky":false,"template":"","format":"standard","meta":{"footnotes":"","_share_on_mastodon":"0"},"categories":[2819],"tags":[1111,11,73688,83,1777,674,63,1011,27,12,2401,2268,882,4448,25,517],"class_list":["post-887069","post","type-post","status-publish","format-standard","has-post-thumbnail","category-nice","tag-actu","tag-actualites","tag-claude-puel","tag-coupe-de-france","tag-eu","tag-europe","tag-football","tag-fr","tag-france","tag-news","tag-nice","tag-ogc-nice","tag-provence-alpes-cote-dazur","tag-rc-strasbourg","tag-republique-francaise","tag-sport"],"share_on_mastodon":{"url":"https:\/\/pubeurope.com\/@fr\/116452845710864158","error":""},"_links":{"self":[{"href":"https:\/\/www.europesays.com\/fr\/wp-json\/wp\/v2\/posts\/887069","targetHints":{"allow":["GET"]}}],"collection":[{"href":"https:\/\/www.europesays.com\/fr\/wp-json\/wp\/v2\/posts"}],"about":[{"href":"https:\/\/www.europesays.com\/fr\/wp-json\/wp\/v2\/types\/post"}],"author":[{"embeddable":true,"href":"https:\/\/www.europesays.com\/fr\/wp-json\/wp\/v2\/users\/2"}],"replies":[{"embeddable":true,"href":"https:\/\/www.europesays.com\/fr\/wp-json\/wp\/v2\/comments?post=887069"}],"version-history":[{"count":0,"href":"https:\/\/www.europesays.com\/fr\/wp-json\/wp\/v2\/posts\/887069\/revisions"}],"wp:featuredmedia":[{"embeddable":true,"href":"https:\/\/www.europesays.com\/fr\/wp-json\/wp\/v2\/media\/887070"}],"wp:attachment":[{"href":"https:\/\/www.europesays.com\/fr\/wp-json\/wp\/v2\/media?parent=887069"}],"wp:term":[{"taxonomy":"category","embeddable":true,"href":"https:\/\/www.europesays.com\/fr\/wp-json\/wp\/v2\/categories?post=887069"},{"taxonomy":"post_tag","embeddable":true,"href":"https:\/\/www.europesays.com\/fr\/wp-json\/wp\/v2\/tags?post=887069"}],"curies":[{"name":"wp","href":"https:\/\/api.w.org\/{rel}","templated":true}]}}