{"id":88712,"date":"2025-05-10T06:39:09","date_gmt":"2025-05-10T06:39:09","guid":{"rendered":"https:\/\/www.europesays.com\/fr\/88712\/"},"modified":"2025-05-10T06:39:09","modified_gmt":"2025-05-10T06:39:09","slug":"voici-ce-qui-vous-attend-3","status":"publish","type":"post","link":"https:\/\/www.europesays.com\/fr\/88712\/","title":{"rendered":"voici ce qui vous attend"},"content":{"rendered":"<p>            Par<br \/>\n        <strong><br \/>\n            <a href=\"https:\/\/actu.fr\/auteur\/lou-batteux\" title=\"Consulter tous les articles de Lou Batteux\" target=\"_blank\" rel=\"noopener\">Lou Batteux<\/a><br \/>\n        <\/strong><\/p>\n<p>        Publi\u00e9 le<\/p>\n<p>            10 mai 2025 \u00e0 6h46        <\/p>\n<p><strong>Samedi 7 juin 2025<\/strong>, IKEA organise des vide-greniers solidaires sur les <strong>parkings<\/strong> de ses magasins participants. Les revenus g\u00e9n\u00e9r\u00e9s par la location d\u2019emplacements reviennent \u00e0 des associations locales. Le point de vente de <strong>Pac\u00e9<\/strong> est concern\u00e9.<\/p>\n<p class=\" wall-content\">Le vide-greniers pac\u00e9en aura lieu de <strong>10 h<\/strong> \u00e0 <strong>17 h<\/strong>.\u00a0<\/p>\n<p class=\" wall-content\"><a href=\"https:\/\/www.instagram.com\/reel\/DJByz7hIf2w\/embed\" title=\"Ouvrir le lien sur Instagram\" target=\"_blank\" rel=\"noopener\">Visualiser le contenu sur Instagram<\/a><\/p>\n<p>R\u00e9servez votre emplacement<\/p>\n<p class=\" wall-content\">Si vous souhaitez y participer pour brader, vous pouvez <strong>r\u00e9server votre\u00a0emplacement<\/strong> (qui correspond \u00e0 une place de parking, soit <strong>environ 2,50 m\u00e8tres)<\/strong> en ligne d\u00e8s\u00a0<a href=\"https:\/\/devices.minutpass.com\/iframe.html?header=1&amp;context=IKEA&amp;configuration=3044\" target=\"_blank\" rel=\"noopener\">maintenant<\/a>. A noter qu\u2019il vous faut pour cela \u00eatre <strong>membre<\/strong> du programme de fid\u00e9lit\u00e9 <strong>IKEA Family<\/strong> (vous pouvez cr\u00e9er <strong>gratuitement<\/strong> un compte sur le site pour le devenir).<\/p>\n<p class=\" wall-content\">Le prix de l\u2019emplacement est de<strong> 10 euros<\/strong>\u00a0et la totalit\u00e9 du montant collect\u00e9 sera revers\u00e9 \u00e0 l\u2019association\u00a0<strong>Un petit bagage d\u2019amour<\/strong> qui aide les femmes enceintes en situation de pr\u00e9carit\u00e9 ou r\u00e9fugi\u00e9es \u00e0 accueillir leur b\u00e9b\u00e9 dans la dignit\u00e9.<\/p>\n<p class=\" wall-content\">Suivez toute l\u2019actualit\u00e9 de vos villes et m\u00e9dias favoris en vous inscrivant \u00e0 <a href=\"https:\/\/moncompte.actu.fr\" title=\"D\u00e9couvez Mon Actu\" rel=\"nofollow noopener\" data-trk=\"{&quot;cta&quot;:{&quot;action&quot;:&quot;https:\\\/\\\/moncompte.actu.fr&quot;,&quot;category&quot;:&quot;mon compte&quot;,&quot;from&quot;:&quot;article footer&quot;,&quot;name&quot;:&quot;Mon actu&quot;,&quot;type&quot;:&quot;cta&quot;}}\" target=\"_blank\">Mon Actu<\/a>.<\/p>\n<p>                    <script async src=\"\/\/www.instagram.com\/embed.js\"><\/script><\/p>\n","protected":false},"excerpt":{"rendered":"Par Lou Batteux Publi\u00e9 le 10 mai 2025 \u00e0 6h46 Samedi 7 juin 2025, IKEA organise des vide-greniers&hellip;\n","protected":false},"author":2,"featured_media":88713,"comment_status":"","ping_status":"","sticky":false,"template":"","format":"standard","meta":{"footnotes":""},"categories":[2821],"tags":[1111,11,829,1777,674,1011,27,714,1305,12,584,25,3400,3365],"class_list":{"0":"post-88712","1":"post","2":"type-post","3":"status-publish","4":"format-standard","5":"has-post-thumbnail","7":"category-rennes","8":"tag-actu","9":"tag-actualites","10":"tag-bretagne","11":"tag-eu","12":"tag-europe","13":"tag-fr","14":"tag-france","15":"tag-ikea","16":"tag-lifestyle","17":"tag-news","18":"tag-rennes","19":"tag-republique-francaise","20":"tag-solidarite","21":"tag-vide-greniers"},"share_on_mastodon":{"url":"https:\/\/pubeurope.com\/@fr\/114482168677778339","error":""},"_links":{"self":[{"href":"https:\/\/www.europesays.com\/fr\/wp-json\/wp\/v2\/posts\/88712","targetHints":{"allow":["GET"]}}],"collection":[{"href":"https:\/\/www.europesays.com\/fr\/wp-json\/wp\/v2\/posts"}],"about":[{"href":"https:\/\/www.europesays.com\/fr\/wp-json\/wp\/v2\/types\/post"}],"author":[{"embeddable":true,"href":"https:\/\/www.europesays.com\/fr\/wp-json\/wp\/v2\/users\/2"}],"replies":[{"embeddable":true,"href":"https:\/\/www.europesays.com\/fr\/wp-json\/wp\/v2\/comments?post=88712"}],"version-history":[{"count":0,"href":"https:\/\/www.europesays.com\/fr\/wp-json\/wp\/v2\/posts\/88712\/revisions"}],"wp:featuredmedia":[{"embeddable":true,"href":"https:\/\/www.europesays.com\/fr\/wp-json\/wp\/v2\/media\/88713"}],"wp:attachment":[{"href":"https:\/\/www.europesays.com\/fr\/wp-json\/wp\/v2\/media?parent=88712"}],"wp:term":[{"taxonomy":"category","embeddable":true,"href":"https:\/\/www.europesays.com\/fr\/wp-json\/wp\/v2\/categories?post=88712"},{"taxonomy":"post_tag","embeddable":true,"href":"https:\/\/www.europesays.com\/fr\/wp-json\/wp\/v2\/tags?post=88712"}],"curies":[{"name":"wp","href":"https:\/\/api.w.org\/{rel}","templated":true}]}}