{"id":88722,"date":"2025-05-10T06:44:11","date_gmt":"2025-05-10T06:44:11","guid":{"rendered":"https:\/\/www.europesays.com\/fr\/88722\/"},"modified":"2025-05-10T06:44:11","modified_gmt":"2025-05-10T06:44:11","slug":"nice-ce-celebre-zoo-est-entierement-gratuit-pour-les-habitants-comment-ca-marche","status":"publish","type":"post","link":"https:\/\/www.europesays.com\/fr\/88722\/","title":{"rendered":"Nice. Ce c\u00e9l\u00e8bre zoo est enti\u00e8rement gratuit pour les habitants : comment \u00e7a marche"},"content":{"rendered":"<p>            Par<br \/>\n        <strong><br \/>\n            <a href=\"https:\/\/actu.fr\/auteur\/manon-reinhardt\" title=\"Consulter tous les articles de Manon Reinhardt\" rel=\"nofollow noopener\" target=\"_blank\">Manon Reinhardt<\/a><br \/>\n        <\/strong><\/p>\n<p>        Publi\u00e9 le<\/p>\n<p>            10 mai 2025 \u00e0 8h14        <\/p>\n<p>C\u2019est une belle sortie alors que les beaux jours arrivent enfin. Le parc Phoenix, un parc botanique et zoologique dans le quartier de l\u2019Arenas, non loin de l\u2019a\u00e9roport de <a href=\"https:\/\/actu.fr\/provence-alpes-cote-d-azur\/nice_06088\" rel=\"nofollow noopener\" target=\"_blank\">Nice<\/a> (<a href=\"https:\/\/actu.fr\/provence-alpes-cote-d-azur\/alpes-maritimes_06\" rel=\"nofollow noopener\" target=\"_blank\">Alpes-Maritimes<\/a>), propose des tarifs pr\u00e9f\u00e9rentiels pour les r\u00e9sidents de la M\u00e9tropole.<\/p>\n<p class=\" wall-content\">L\u2019entr\u00e9e est tout simplement <strong>gratuite<\/strong>, et ce, toute l\u2019ann\u00e9e. Voici comment \u00e7a fonctionne pour ne pas avoir de mauvaises surprises.<\/p>\n<p>Gratuit pour les habitants<\/p>\n<p class=\" wall-content\">Vous ne le saviez pas\u2009? Le parc Phoenix propose la gratuit\u00e9 \u00e0 tous les r\u00e9sidents de la M\u00e9tropole de Nice C\u00f4te d\u2019Azur. Sur place, il suffit de se pr\u00e9senter avec <strong>une carte d\u2019identit\u00e9<\/strong> et <strong>un justificatif de domicile<\/strong> de moins de 3\u00a0mois.<\/p>\n<p class=\" wall-content\">Pour rappel, la collectivit\u00e9 compte 51\u00a0communes. <a href=\"https:\/\/www.nicecotedazur.org\/metropole\/territoire\/les-communes\/\" rel=\"nofollow noopener\" target=\"_blank\">Une carte est disponible en ligne<\/a> afin de savoir si votre lieu de r\u00e9sidence en fait partie.<\/p>\n<p>    <a href=\"https:\/\/www.facebook.com\/plugins\/post.php?href=https%3A%2F%2Fwww.facebook.com%2FVilledeNice%2Fposts%2Fpfbid02JzBiYMd9N5Qihkmx9n58hnCsXhgbtYt94LrZBpMEcmt8T13a6i1PBDi6Jf868uvgl&amp;show_text=true&amp;width=350\" title=\"Ouvrie le lien\" rel=\"nofollow noopener\" target=\"_blank\">Cliquez ici pour visualiser le contenu<\/a><\/p>\n<p>Vid\u00e9os : en ce moment sur Actu7 hectares de jardin labellis\u00e9<\/p>\n<p class=\" wall-content\">Ouvert depuis 1990, ce c\u00e9l\u00e8bre zoo propose 7 hectares de jardin en plein centre-ville de Nice. Il est labellis\u00e9 \u00ab\u2009Jardin remarquable\u2009\u00bb et abrite plus de <strong>2\u2009500 esp\u00e8ces de plantes<\/strong>. \u00c0 l\u2019int\u00e9rieur, sa serre en forme de pyramide, aussi appel\u00e9e le \u00ab\u2009Diamant verte\u2009\u00bb, est l\u2019une des hautes d\u2019Europe avec ses 25\u00a0m\u00e8tres de haut et sa 7\u2009000 m\u00b2 de superficie.<\/p>\n<p class=\" wall-content\">Ce lieu est \u00e9galement un vrai parc loisirs pour les enfants. Des aires de jeux sont \u00e0 disposition ainsi qu\u2019un espace restauration.<\/p>\n<p class=\" wall-content\">Suivez toute l\u2019actualit\u00e9 de vos villes et m\u00e9dias favoris en vous inscrivant \u00e0 <a href=\"https:\/\/moncompte.actu.fr\" title=\"D\u00e9couvez Mon Actu\" rel=\"nofollow noopener\" data-trk=\"{&quot;cta&quot;:{&quot;action&quot;:&quot;https:\\\/\\\/moncompte.actu.fr&quot;,&quot;category&quot;:&quot;mon compte&quot;,&quot;from&quot;:&quot;article footer&quot;,&quot;name&quot;:&quot;Mon actu&quot;,&quot;type&quot;:&quot;cta&quot;}}\" target=\"_blank\">Mon Actu<\/a>.<\/p>\n","protected":false},"excerpt":{"rendered":"Par Manon Reinhardt Publi\u00e9 le 10 mai 2025 \u00e0 8h14 C\u2019est une belle sortie alors que les beaux&hellip;\n","protected":false},"author":2,"featured_media":88723,"comment_status":"","ping_status":"","sticky":false,"template":"","format":"standard","meta":{"footnotes":""},"categories":[2819],"tags":[1111,11,1867,1261,33,1777,674,1011,27,12,2401,882,25],"class_list":{"0":"post-88722","1":"post","2":"type-post","3":"status-publish","4":"format-standard","5":"has-post-thumbnail","7":"category-nice","8":"tag-actu","9":"tag-actualites","10":"tag-animaux","11":"tag-argent","12":"tag-economie","13":"tag-eu","14":"tag-europe","15":"tag-fr","16":"tag-france","17":"tag-news","18":"tag-nice","19":"tag-provence-alpes-cote-dazur","20":"tag-republique-francaise"},"share_on_mastodon":{"url":"https:\/\/pubeurope.com\/@fr\/114482188338989551","error":""},"_links":{"self":[{"href":"https:\/\/www.europesays.com\/fr\/wp-json\/wp\/v2\/posts\/88722","targetHints":{"allow":["GET"]}}],"collection":[{"href":"https:\/\/www.europesays.com\/fr\/wp-json\/wp\/v2\/posts"}],"about":[{"href":"https:\/\/www.europesays.com\/fr\/wp-json\/wp\/v2\/types\/post"}],"author":[{"embeddable":true,"href":"https:\/\/www.europesays.com\/fr\/wp-json\/wp\/v2\/users\/2"}],"replies":[{"embeddable":true,"href":"https:\/\/www.europesays.com\/fr\/wp-json\/wp\/v2\/comments?post=88722"}],"version-history":[{"count":0,"href":"https:\/\/www.europesays.com\/fr\/wp-json\/wp\/v2\/posts\/88722\/revisions"}],"wp:featuredmedia":[{"embeddable":true,"href":"https:\/\/www.europesays.com\/fr\/wp-json\/wp\/v2\/media\/88723"}],"wp:attachment":[{"href":"https:\/\/www.europesays.com\/fr\/wp-json\/wp\/v2\/media?parent=88722"}],"wp:term":[{"taxonomy":"category","embeddable":true,"href":"https:\/\/www.europesays.com\/fr\/wp-json\/wp\/v2\/categories?post=88722"},{"taxonomy":"post_tag","embeddable":true,"href":"https:\/\/www.europesays.com\/fr\/wp-json\/wp\/v2\/tags?post=88722"}],"curies":[{"name":"wp","href":"https:\/\/api.w.org\/{rel}","templated":true}]}}