{"id":88734,"date":"2025-05-10T06:50:10","date_gmt":"2025-05-10T06:50:10","guid":{"rendered":"https:\/\/www.europesays.com\/fr\/88734\/"},"modified":"2025-05-10T06:50:10","modified_gmt":"2025-05-10T06:50:10","slug":"des-retrouvailles-un-mois-apres-et-une-revanche-aux-multiples-visages","status":"publish","type":"post","link":"https:\/\/www.europesays.com\/fr\/88734\/","title":{"rendered":"des retrouvailles un mois apr\u00e8s et une revanche aux multiples visages"},"content":{"rendered":"<p>Pr\u00e8s d\u2019un mois apr\u00e8s leur duel \u00e0 Mayol en Champions Cup, le RCT et le Stade se retrouvent au V\u00e9lodrome pour un choc au sommet. Ils auront plusieurs comptes \u00e0 r\u00e9gler, surtout vis-\u00e0-vis d\u2019eux-m\u00eames.<\/p>\n<p class=\"fig-paragraph\">On prend (presque) les m\u00eames et on recommence. Le 13 avril, le Stade Toulousain sortait vainqueur de Mayol apr\u00e8s\u00a0<a href=\"http:\/\/www.lefigaro.fr\/sports\/rugby\/coupe-d-europe\/toulon-toulouse-rade-en-feu-serin-coute-cher-les-coups-de-coeur-et-coups-de-griffe-de-notre-envoye-special-20250414\" data-fig-type=\"NewsFlash\" data-gtm-custom-categorie=\"navigation\" data-gtm-custom-action=\"crossclick\" data-gtm-custom-label=\"Contextuel\" data-gtm-event=\"customEventSPE\" data-fig-domain=\"LEFIGARO\" target=\"_blank\" rel=\"noopener\">un choc au sommet face au RC Toulon (18-21)<\/a>\u00a0en quart de finale de la Champions Cup. Un succ\u00e8s arrach\u00e9 sur le gong gr\u00e2ce \u00e0 une p\u00e9nalit\u00e9 de\u00a0<a href=\"http:\/\/www.lefigaro.fr\/sports\/rugby\/coupe-d-europe\/rugby-champions-cup-en-video-les-larmes-de-thomas-ramos-le-heros-toulousain-20250413\" data-fig-type=\"NewsFlash\" data-gtm-custom-categorie=\"navigation\" data-gtm-custom-action=\"crossclick\" data-gtm-custom-label=\"Contextuel\" data-gtm-event=\"customEventSPE\" data-fig-domain=\"LEFIGARO\" target=\"_blank\" rel=\"noopener\">Thomas Ramos<\/a>, sauveur des siens en larmes au coup de sifflet final. Presque un mois plus tard, les deux \u00e9quipes en rouge et noir se retrouvent ce samedi (21h05), cette fois au Stade V\u00e9lodrome de Marseille, pour\u00a0<a href=\"http:\/\/www.lefigaro.fr\/sports\/rugby\/top-14\/toulon-toulouse-a-quelle-heure-et-sur-quelle-chaine-suivre-le-choc-de-la-23e-journee-du-top-14-20250506\" data-fig-type=\"NewsFlash\" data-gtm-custom-categorie=\"navigation\" data-gtm-custom-action=\"crossclick\" data-gtm-custom-label=\"Contextuel\" data-gtm-event=\"customEventSPE\" data-fig-domain=\"LEFIGARO\" target=\"_blank\" rel=\"noopener\">l\u2019affiche de la 23e journ\u00e9e du Top 14<\/a>. Pas d\u2019\u00e9limination directe, mais un choc aux airs de (plusieurs) revanches pour les deux bellig\u00e9rants.<\/p>\n<p class=\"fig-paragraph\">Le RCT, \u00e0 seulement deux points de la deuxi\u00e8me place occup\u00e9e par Bordeaux-B\u00e8gles &#8211; qui alignera une \u00e9quipe remani\u00e9e dimanche soir \u00e0 Montpellier apr\u00e8s\u00a0<a href=\"http:\/\/www.lefigaro.fr\/sports\/rugby\/coupe-d-europe\/rugby-champions-cup-on-doit-revenir-rapidement-a-la-realite-met-en-garde-jefferson-poirot-apres-la-victoire-de-l-ubb-20250504\" data-fig-type=\"NewsFlash\" data-gtm-custom-categorie=\"navigation\" data-gtm-custom-action=\"crossclick\" data-gtm-custom-label=\"Contextuel\" data-gtm-event=\"customEventSPE\" data-fig-domain=\"LEFIGARO\" target=\"_blank\" rel=\"noopener\">sa qualification pour la finale de la Champions Cup<\/a>\u00a0-, doit d\u2019abord laver l\u2019affront d\u2019<a href=\"http:\/\/www.lefigaro.fr\/sports\/rugby\/top-14\/top-14-l-immense-exploit-de-vannes-succes-important-pour-clermont-les-resultats-du-multiplex-20250426\" data-fig-type=\"NewsFlash\" data-gtm-custom-categorie=\"navigation\" data-gtm-custom-action=\"crossclick\" data-gtm-custom-label=\"Contextuel\" data-gtm-event=\"customEventSPE\" data-fig-domain=\"LEFIGARO\" target=\"_blank\" rel=\"noopener\">une lourde d\u00e9faite chez le promu Vannes (29-19)<\/a>, qui avait sign\u00e9 son premier succ\u00e8s bonifi\u00e9 de la saison. \u00c0 chaud, le manager varois\u00a0<a href=\"http:\/\/www.lefigaro.fr\/sports\/rugby\/top-14\/top-14-la-premiere-fois-cette-saison-qu-on-n-a-rien-propose-grince-mignoni-toulon-20250426\" data-fig-type=\"NewsFlash\" data-gtm-custom-categorie=\"navigation\" data-gtm-custom-action=\"crossclick\" data-gtm-custom-label=\"Contextuel\" data-gtm-event=\"customEventSPE\" data-fig-domain=\"LEFIGARO\" target=\"_blank\" rel=\"noopener\">Pierre Mignoni<\/a>\u00a0avait l\u00e2ch\u00e9\u00a0: \u00abJ\u2019ai un sentiment de honte pour tous les supporters qui ont fait le d\u00e9placement et ceux qui sont rest\u00e9s l\u00e0-bas. On peut perdre un match mais comme \u00e7a, c\u2019est dur et il faut reconna\u00eetre qu\u2019on n\u2019\u00e9tait pas l\u00e0. C\u2019est la premi\u00e8re fois depuis tr\u00e8s longtemps, en tout cas cette saison, qu\u2019on n\u2019a rien propos\u00e9&#8230;\u00bb<\/p>\n<blockquote class=\"fig-quote&#10;    \">\n<p class=\"fig-quote__text\">On ne doit pas se cacher\u00a0: pour que la f\u00eate soit belle, il faut gagner peu importe la mani\u00e8re<\/p>\n<p>            Gabin Villi\u00e8re\n    <\/p><\/blockquote>\n<p class=\"fig-paragraph\">\u00c0 domicile, les Toulonnais, qui seront priv\u00e9s samedi des internationaux fran\u00e7ais Antoine Frisch (fracture du pied) et Melvyn Jaminet (commotion et fracture de l\u2019os zygomatique), ont un statut assum\u00e9. Ils sont l\u2019\u00e9quipe qui a obtenu les meilleurs r\u00e9sultats sur ses terres avec 51 points sur 55 possibles. Et depuis 2009, sur initiative de l\u2019ancien pr\u00e9sident toulonnais\u00a0<a href=\"http:\/\/www.lefigaro.fr\/sports\/rugby\/vous-ne-me-verrez-plus-jamais-dans-le-sport-mourad-boudjellal-va-quitter-le-monde-du-rugby-et-du-foot-20240529\" data-fig-type=\"NewsFlash\" data-gtm-custom-categorie=\"navigation\" data-gtm-custom-action=\"crossclick\" data-gtm-custom-label=\"Contextuel\" data-gtm-event=\"customEventSPE\" data-fig-domain=\"LEFIGARO\" target=\"_blank\" rel=\"noopener\">Mourad Boudjellal<\/a>, le club au muguet d\u00e9localise ses chocs face \u00e0 Toulouse au Stade V\u00e9lodrome, la bouillante enceinte de l\u2019Olympique de Marseille. Pour un bilan presque immacul\u00e9\u00a0: neuf victoires en dix matches, avec juste un revers en mars 2015. \u00abOn ne doit pas se cacher\u00a0: pour que la f\u00eate soit belle, il faut gagner peu importe la mani\u00e8re. Ce choc doit nous lancer vers la phase finale\u00bb, plante l\u2019ailier international\u00a0<a href=\"http:\/\/www.lefigaro.fr\/sports\/rugby\/gabin-villiere-parvenir-a-surmonter-les-moments-difficiles-c-est-une-belle-recompense-20241230\" data-fig-type=\"Article\" data-gtm-custom-categorie=\"navigation\" data-gtm-custom-action=\"crossclick\" data-gtm-custom-label=\"Contextuel\" data-gtm-event=\"customEventSPE\" data-fig-domain=\"LEFIGARO\" target=\"_blank\" rel=\"noopener\">Gabin Villi\u00e8re<\/a>\u00a0aupr\u00e8s de nos confr\u00e8res de\u00a0<a href=\"https:\/\/www.rugbyrama.fr\/2025\/05\/08\/exclu-midol-top-14-cette-faute-de-main-restera-une-blessure-gabin-villiere-toulon-revient-sur-son-erreur-fatale-contre-toulouse-12681674.php\" target=\"_blank\" rel=\"nofollow noopener\" data-gtm-custom-categorie=\"navigation\" data-gtm-custom-action=\"crossclick\" data-gtm-custom-label=\"Contextuel\" data-gtm-event=\"customEventSPE\">Midi Olympique<\/a> .\u00a0<\/p>\n<p class=\"fig-paragraph\">Si les Varois refusent de parler de revanche face aux Haut-Garonnais apr\u00e8s la cruelle \u00e9limination en Champions Cup, leur pr\u00e9sident\u00a0<a href=\"http:\/\/www.lefigaro.fr\/sports\/rugby\/top-14\/bernard-lemaitre-il-vaut-mieux-avoir-les-poches-profondes-pour-gerer-le-rct-20240510\" data-fig-type=\"Article\" data-gtm-custom-categorie=\"navigation\" data-gtm-custom-action=\"crossclick\" data-gtm-custom-label=\"Contextuel\" data-gtm-event=\"customEventSPE\" data-fig-domain=\"LEFIGARO\" target=\"_blank\" rel=\"noopener\">Bernard Lemaitre\u00a0<\/a>n\u2019est pas exactement sur la m\u00eame longueur d\u2019onde, reconnaissant dans\u00a0<a href=\"https:\/\/www.varmatin.com\/rugby\/-face-a-toulouse-il-faut-se-remettre-au-niveau-le-president-du-rct-bernard-lemaitre-hausse-le-ton-985024?t=1746722481\" target=\"_blank\" rel=\"nofollow noopener\" data-gtm-custom-categorie=\"navigation\" data-gtm-custom-action=\"crossclick\" data-gtm-custom-label=\"Contextuel\" data-gtm-event=\"customEventSPE\">Var Matin<\/a> \u00a0qu\u2019il a \u00abmal v\u00e9cu (ce match) parce qu\u2019on a perdu \u00e0 la fin, alors qu\u2019on \u00e9tait encore dans le match. Mais r\u00e9flexion faite, je dirais qu\u2019on a \u00e9t\u00e9 domin\u00e9 sur la totalit\u00e9 de la rencontre.\u00bb Et de poursuivre\u00a0: \u00abIl n\u2019est pas du tout anormal que l\u2019on perde. On n\u2019a pas fait tout \u00e0 fait ce qu\u2019il fallait pour remporter ce quart de finale. Toulouse a marqu\u00e9 deux essais, nous z\u00e9ro. On n\u2019a m\u00eame jamais \u00e9t\u00e9 vraiment en position d\u2019en inscrire un. J\u2019en ai souffert, mais j\u2019en ai parl\u00e9 avec Pierre Mignoni.\u00bb<\/p>\n<blockquote class=\"fig-quote&#10;    \">\n<p class=\"fig-quote__text\">On juge la qualit\u00e9 d\u2019un athl\u00e8te \u00e0 la fa\u00e7on dont il se rel\u00e8ve<\/p>\n<p>            Paul Costes\n    <\/p><\/blockquote>\n<p class=\"fig-paragraph\">Du c\u00f4t\u00e9 du Stade Toulousain, de l\u2019eau a coul\u00e9 sous les ponts en un mois. La joie de cette qualification \u00e0 Toulon a \u00e9t\u00e9 depuis balay\u00e9e par l\u2019\u00e9limination, au tour suivant, par\u00a0<a href=\"http:\/\/www.lefigaro.fr\/sports\/rugby\/coupe-d-europe\/ubb-toulouse-lucu-et-jalibert-en-feu-des-gros-revanchards-ntamack-pas-classe-coups-de-coeur-et-coups-de-griffe-de-notre-envoye-special-20250505\" data-fig-type=\"NewsFlash\" data-gtm-custom-categorie=\"navigation\" data-gtm-custom-action=\"crossclick\" data-gtm-custom-label=\"Contextuel\" data-gtm-event=\"customEventSPE\" data-fig-domain=\"LEFIGARO\" target=\"_blank\" rel=\"noopener\">l\u2019UBB de Lucu et Jalibert<\/a>. \u00abIl faut retrouver de l\u2019app\u00e9tit, de l\u2019engagement. Je pense que c\u2019est une bonne chose de tr\u00e8s vite rebasculer dans un tr\u00e8s grand match\u00bb, avance Laurent Thu\u00e9ry, l\u2019adjoint toulousain en charge de la d\u00e9fense, qui conc\u00e8de que \u00abquand on se regarde un peu dans le miroir, on est pass\u00e9 \u00e0 c\u00f4t\u00e9. Bordeaux nous a aid\u00e9s \u00e0 passer \u00e0 c\u00f4t\u00e9 vu leurs qualit\u00e9s, mais que ce soit staff et joueurs, on n\u2019a pas fait ce qu\u2019il fallait\u00bb.<\/p>\n<p class=\"fig-paragraph\">D\u00e9sormais,\u00a0<a href=\"http:\/\/www.lefigaro.fr\/sports\/rugby\/coupe-d-europe\/rugby-hecatombe-titre-abandonne-orgueil-pique-le-stade-promet-de-vite-rebondir-20250505\" data-fig-type=\"NewsFlash\" data-gtm-custom-categorie=\"navigation\" data-gtm-custom-action=\"crossclick\" data-gtm-custom-label=\"Contextuel\" data-gtm-event=\"customEventSPE\" data-fig-domain=\"LEFIGARO\" target=\"_blank\" rel=\"noopener\">le Stade Toulousain<\/a>\u00a0n\u2019a plus qu\u2019\u00e0 seul li\u00e8vre \u00e0 courir et devrait &#8211; sauf improbable tremblement de terre (il compte 10 points d\u2019avance sur l\u2019UBB, deuxi\u00e8me) &#8211; d\u00e9crocher son billet directement qualificatif pour les demi-finales qui auront lieu cette ann\u00e9e \u00e0 Lyon. \u00abOn juge la qualit\u00e9 d\u2019un athl\u00e8te \u00e0 la fa\u00e7on dont il se rel\u00e8ve\u00bb, mart\u00e8le le centre\u00a0<a href=\"http:\/\/www.lefigaro.fr\/sports\/rugby\/top-14\/top-14-l-etrange-derapage-du-toulousain-paul-costes-apres-la-finale-20240629\" data-fig-type=\"NewsFlash\" data-gtm-custom-categorie=\"navigation\" data-gtm-custom-action=\"crossclick\" data-gtm-custom-label=\"Contextuel\" data-gtm-event=\"customEventSPE\" data-fig-domain=\"LEFIGARO\" target=\"_blank\" rel=\"noopener\">Paul Costes<\/a>. Et Laurent Thu\u00e9ry de rappeler\u00a0: \u00abC\u2019est l\u2019avantage du sport de haut niveau, six jours apr\u00e8s, vous avez la capacit\u00e9 de montrer un autre visage, c\u2019est l\u2019objectif qu\u2019on a. (&#8230;) On sait qu\u2019on veut montrer un visage diff\u00e9rent samedi au V\u00e9lodrome, j\u2019esp\u00e8re que ce sera le cas.\u00bb Cette saison, Toulouse n\u2019a perdu deux fois d\u2019affil\u00e9e qu\u2019une seule fois. C\u2019\u00e9tait fin septembre-d\u00e9but octobre face \u00e0 l\u2019UBB (12-16) puis Castres (28-23). Il y a une \u00e9ternit\u00e9.<\/p><\/p>\n","protected":false},"excerpt":{"rendered":"Pr\u00e8s d\u2019un mois apr\u00e8s leur duel \u00e0 Mayol en Champions Cup, le RCT et le Stade se retrouvent&hellip;\n","protected":false},"author":2,"featured_media":88735,"comment_status":"","ping_status":"","sticky":false,"template":"","format":"standard","meta":{"footnotes":""},"categories":[2816],"tags":[1111,11,525,4590,1981,2313,814,1777,674,1011,27,955,12,2680,4589,2311,3461,25,1980,479,10405,2259,476,478,2310,2312],"class_list":{"0":"post-88734","1":"post","2":"type-post","3":"status-publish","4":"format-standard","5":"has-post-thumbnail","7":"category-toulouse","8":"tag-actu","9":"tag-actualites","10":"tag-calendrier","11":"tag-championnat-france","12":"tag-classement","13":"tag-clermont","14":"tag-direct","15":"tag-eu","16":"tag-europe","17":"tag-fr","18":"tag-france","19":"tag-match","20":"tag-news","21":"tag-occitanie","22":"tag-phase-finale","23":"tag-racing","24":"tag-rct","25":"tag-republique-francaise","26":"tag-resultats","27":"tag-rugby","28":"tag-rugby-club-toulonnais","29":"tag-score","30":"tag-stade-toulousain","31":"tag-top-14","32":"tag-toulon","33":"tag-toulouse"},"share_on_mastodon":{"url":"https:\/\/pubeurope.com\/@fr\/114482211973723977","error":""},"_links":{"self":[{"href":"https:\/\/www.europesays.com\/fr\/wp-json\/wp\/v2\/posts\/88734","targetHints":{"allow":["GET"]}}],"collection":[{"href":"https:\/\/www.europesays.com\/fr\/wp-json\/wp\/v2\/posts"}],"about":[{"href":"https:\/\/www.europesays.com\/fr\/wp-json\/wp\/v2\/types\/post"}],"author":[{"embeddable":true,"href":"https:\/\/www.europesays.com\/fr\/wp-json\/wp\/v2\/users\/2"}],"replies":[{"embeddable":true,"href":"https:\/\/www.europesays.com\/fr\/wp-json\/wp\/v2\/comments?post=88734"}],"version-history":[{"count":0,"href":"https:\/\/www.europesays.com\/fr\/wp-json\/wp\/v2\/posts\/88734\/revisions"}],"wp:featuredmedia":[{"embeddable":true,"href":"https:\/\/www.europesays.com\/fr\/wp-json\/wp\/v2\/media\/88735"}],"wp:attachment":[{"href":"https:\/\/www.europesays.com\/fr\/wp-json\/wp\/v2\/media?parent=88734"}],"wp:term":[{"taxonomy":"category","embeddable":true,"href":"https:\/\/www.europesays.com\/fr\/wp-json\/wp\/v2\/categories?post=88734"},{"taxonomy":"post_tag","embeddable":true,"href":"https:\/\/www.europesays.com\/fr\/wp-json\/wp\/v2\/tags?post=88734"}],"curies":[{"name":"wp","href":"https:\/\/api.w.org\/{rel}","templated":true}]}}