{"id":88738,"date":"2025-05-10T06:52:17","date_gmt":"2025-05-10T06:52:17","guid":{"rendered":"https:\/\/www.europesays.com\/fr\/88738\/"},"modified":"2025-05-10T06:52:17","modified_gmt":"2025-05-10T06:52:17","slug":"brest-lille-avant-la-derniere-a-le-ble-les-signes-manifestes-dune-usure-generalisee-au-stade-brestois","status":"publish","type":"post","link":"https:\/\/www.europesays.com\/fr\/88738\/","title":{"rendered":"Brest &#8211; Lille\u00a0: avant la derni\u00e8re \u00e0 Le Bl\u00e9, les signes manifestes d\u2019une usure g\u00e9n\u00e9ralis\u00e9e au Stade Brestois"},"content":{"rendered":"<p>Ligue 1 (33e journ\u00e9e). Stade Brestois &#8211; Lille OSC, ce samedi (21\u00a0h)<\/p>\n<p>Qu\u2019elles semblent loin ces soir\u00e9es de milieu de semaine berc\u00e9es des notes d\u2019un hymne que personne \u00e0 Brest ne pensait jamais entendre. Qu\u2019elles semblent loin ces promesses de grandes soir\u00e9es europ\u00e9ennes o\u00f9 les noms de Real, PSV, Wirtz ou encore Mbapp\u00e9 faisaient se d\u00e9placer tout un peuple rouge et blanc, m\u00fb par une impatience fi\u00e9vreuse. Et pourtant. Il n\u2019y a pas si longtemps, <a href=\"https:\/\/www.letelegramme.fr\/sports\/football\/stade-brestois\/brest-monaco-le-resume-dune-victoire-sur-le-gong-pour-le-sb29-6792823.php\" title=\"www.letelegramme.fr\" target=\"_blank\" rel=\"noopener\">au sortir d\u2019une victoire contre Monaco <\/a>d\u00e9croch\u00e9e dans une ambiance des (tr\u00e8s) grands soirs, le Stade Brestois chassait encore l\u2019Europe, id\u00e9alement embusqu\u00e9 derri\u00e8re le Top 7. Une position d\u2019autant plus ch\u00e9rissable que totalement inesp\u00e9r\u00e9e au vu de la saison travers\u00e9e. C\u2019\u00e9tait le 5 avril, il y a un mois seulement. Vu d\u2019aujourd\u2019hui, presque une \u00e9ternit\u00e9\u2026<\/p>\n<p>La digue a fini par c\u00e9der<\/p>\n<p>Dans l\u2019intervalle, l\u2019accumulation de r\u00e9sultats n\u00e9gatifs &#8211; \u00e0 commencer par <a href=\"https:\/\/www.letelegramme.fr\/sports\/football\/stade-brestois\/saint-etienne-brest-le-resume-du-nul-tres-anime-mais-frustrant-des-brestois-6797943.php\" title=\"www.letelegramme.fr\" target=\"_blank\" rel=\"noopener\">ce nul si frustrant \u00e0 Saint-\u00c9tienne <\/a>&#8211; a fait d\u00e9railler la m\u00e9canique brestoise, et provoqu\u00e9 une brusque chute de tension. Longtemps, on s\u2019est demand\u00e9 comment Roy et sa bande faisaient pour garder l\u2019influx n\u00e9cessaire pour livrer de si rudes batailles. Dans quelles r\u00e9serves ils allaient puiser pour conserver cette constance et cette apparente fra\u00eecheur, malgr\u00e9 le rythme de comp\u00e9tition effr\u00e9n\u00e9 auquel ils \u00e9taient soumis. Si la digue a au final tenu plus longtemps qu\u2019on aurait pu l\u2019imaginer, elle a aujourd\u2019hui bel et bien c\u00e9d\u00e9\u00a0: un constat qui s\u2019impose alors que les Brestois s\u2019appr\u00eatent \u00e0 disputer leur 47e et avant-dernier match de la saison face \u00e0 Lille.<\/p>\n<p>Un parfum de fin de cycle<\/p>\n<p>Il fallait s\u2019y attendre, mais l\u2019ivresse des sommets a donc laiss\u00e9 sa place \u00e0 ces lendemains qui d\u00e9chantent. Et c\u2019est m\u00eame un parfum de fin de cycle qui flotte d\u00e9sormais au-dessus de Francis-Le Bl\u00e9. Tandis que les joueurs pr\u00eat\u00e9s vont repartir, que certains cadres pourraient \ufeff(Camara, Lees-Melou) ou vont s\u2019en aller (Bizot), sans tambour ni trompette qui plus est pour ce dernier, que la majeure partie de ceux en fin de contrat ne sera pas conserv\u00e9e (Ha\u00efdara, Martin, Amavi), une page s\u2019appr\u00eate \u00e0 se tourner, et c\u2019est tout un club et son environnement au sens large qui semblent press\u00e9s d\u2019en finir.<\/p>\n<p>Si un son et lumi\u00e8re viendra ponctuer la derni\u00e8re sortie \u00e0 domicile des Brestois ce samedi, point d\u2019orgue d\u2019une saison qui restera quoi qu\u2019il arrive inoubliable, le c\u0153ur n\u2019est plus vraiment \u00e0 la f\u00eate. D\u2019une certaine fa\u00e7on, celle-ci n\u2019a que trop dur\u00e9, parce que si belle mais \u00e9prouvante \u00e0 la fois. Les corps et les t\u00eates sont fatigu\u00e9s, \u00e0 tous les \u00e9tages du club. Une impression encore renforc\u00e9e par les sifflets entendus apr\u00e8s la d\u00e9faite face \u00e0 Lens, <a href=\"https:\/\/www.letelegramme.fr\/sports\/football\/stade-brestois\/que-personne-ne-se-sente-en-vacances-le-recadrage-de-gregory-lorenzi-directeur-sportif-du-stade-brestois-6810045.php\" title=\"www.letelegramme.fr\" target=\"_blank\" rel=\"noopener\">la n\u00e9cessaire remobilisation du directeur sportif Gr\u00e9gory Lorenzi la semaine pass\u00e9e<\/a>, le flou entretenu par \u00c9ric Roy sur son avenir (et la distanciation avec l\u2019\u00e9tat-major du club que g\u00e9n\u00e8re ce silence), ou la fermeture de la tribune Kemper pour les deux derniers matchs. Comment expliquer, sinon, l\u2019absence totale d\u2019enthousiasme soulev\u00e9 par la victoire contre Montpellier, dimanche dernier\u00a0? Un r\u00e9sultat \u00e0 peine c\u00e9l\u00e9br\u00e9, pourtant synonyme de Top 10 mais comme f\u00eat\u00e9 d\u2019un champagne sans bulles, sorti d\u2019une bouteille ouverte depuis trop longtemps. Blas\u00e9s, les Brestois\u00a0? S\u00fbrement pas. Mais rinc\u00e9s, lessiv\u00e9s, \u00e9reint\u00e9s\u00a0? Un peu, beaucoup, assur\u00e9ment.<\/p>\n","protected":false},"excerpt":{"rendered":"Ligue 1 (33e journ\u00e9e). Stade Brestois &#8211; Lille OSC, ce samedi (21\u00a0h) Qu\u2019elles semblent loin ces soir\u00e9es de&hellip;\n","protected":false},"author":2,"featured_media":88739,"comment_status":"","ping_status":"","sticky":false,"template":"","format":"standard","meta":{"footnotes":""},"categories":[2815],"tags":[1111,11,3450,1777,674,63,1011,27,811,66,1307,12,25,60,4449],"class_list":{"0":"post-88738","1":"post","2":"type-post","3":"status-publish","4":"format-standard","5":"has-post-thumbnail","7":"category-lille","8":"tag-actu","9":"tag-actualites","10":"tag-brest","11":"tag-eu","12":"tag-europe","13":"tag-football","14":"tag-fr","15":"tag-france","16":"tag-hauts-de-france","17":"tag-ligue-1","18":"tag-lille","19":"tag-news","20":"tag-republique-francaise","21":"tag-sports","22":"tag-stade-brestois"},"share_on_mastodon":{"url":"https:\/\/pubeurope.com\/@fr\/114482219876437013","error":""},"_links":{"self":[{"href":"https:\/\/www.europesays.com\/fr\/wp-json\/wp\/v2\/posts\/88738","targetHints":{"allow":["GET"]}}],"collection":[{"href":"https:\/\/www.europesays.com\/fr\/wp-json\/wp\/v2\/posts"}],"about":[{"href":"https:\/\/www.europesays.com\/fr\/wp-json\/wp\/v2\/types\/post"}],"author":[{"embeddable":true,"href":"https:\/\/www.europesays.com\/fr\/wp-json\/wp\/v2\/users\/2"}],"replies":[{"embeddable":true,"href":"https:\/\/www.europesays.com\/fr\/wp-json\/wp\/v2\/comments?post=88738"}],"version-history":[{"count":0,"href":"https:\/\/www.europesays.com\/fr\/wp-json\/wp\/v2\/posts\/88738\/revisions"}],"wp:featuredmedia":[{"embeddable":true,"href":"https:\/\/www.europesays.com\/fr\/wp-json\/wp\/v2\/media\/88739"}],"wp:attachment":[{"href":"https:\/\/www.europesays.com\/fr\/wp-json\/wp\/v2\/media?parent=88738"}],"wp:term":[{"taxonomy":"category","embeddable":true,"href":"https:\/\/www.europesays.com\/fr\/wp-json\/wp\/v2\/categories?post=88738"},{"taxonomy":"post_tag","embeddable":true,"href":"https:\/\/www.europesays.com\/fr\/wp-json\/wp\/v2\/tags?post=88738"}],"curies":[{"name":"wp","href":"https:\/\/api.w.org\/{rel}","templated":true}]}}