{"id":88740,"date":"2025-05-10T06:53:08","date_gmt":"2025-05-10T06:53:08","guid":{"rendered":"https:\/\/www.europesays.com\/fr\/88740\/"},"modified":"2025-05-10T06:53:08","modified_gmt":"2025-05-10T06:53:08","slug":"a-82-ans-le-pertuisien-albert-bovigny-publie-son-premier-roman-un-thriller-captivant","status":"publish","type":"post","link":"https:\/\/www.europesays.com\/fr\/88740\/","title":{"rendered":"\u00c0 82 ans, le Pertuisien Albert Bovigny publie son premier roman : un thriller captivant !"},"content":{"rendered":"<p>Albert Bovigny, Proven\u00e7al depuis 20 ans et Franc-Comtois de naissance, r\u00e9gion o\u00f9 il a exerc\u00e9 son activit\u00e9 pendant plus de deux d\u00e9cennies, ajoute une nouvelle corde \u00e0 son arc en d\u00e9voilant son premier roman, Braco \u00e0 Marseille.<\/p>\n<p>Albert Boviny a men\u00e9 une carri\u00e8re de 43 ans au sein de la <a href=\"https:\/\/www.laprovence.com\/article\/economie\/35953434676595\/impots-2025-les-dates-limites-pour-faire-votre-declaration-de-revenus-en-provence-departement-par-departement\" target=\"_blank\" rel=\"noopener\">direction g\u00e9n\u00e9rale des imp\u00f4ts<\/a>, o\u00f9 il a occup\u00e9 des postes cl\u00e9s en Franche-Comt\u00e9 et \u00e0 Bercy, avant d&rsquo;\u00eatre nomm\u00e9 chef des services fiscaux du Lot, de la C\u00f4te-d&rsquo;Or et des Bouches-du-Rh\u00f4ne. Il est bien connu \u00e0 Pertuis o\u00f9 il a choisi de s&rsquo;installer pour une retraite active et dans les collectivit\u00e9s locales de PACA auxquelles il a apport\u00e9 son concours et ses comp\u00e9tences de fiscaliste comme consultant depuis sa retraite en 2009.<\/p>\n","protected":false},"excerpt":{"rendered":"Albert Bovigny, Proven\u00e7al depuis 20 ans et Franc-Comtois de naissance, r\u00e9gion o\u00f9 il a exerc\u00e9 son activit\u00e9 pendant&hellip;\n","protected":false},"author":2,"featured_media":88741,"comment_status":"","ping_status":"","sticky":false,"template":"","format":"standard","meta":{"footnotes":""},"categories":[2814],"tags":[17,1111,11,11801,1764,19892,251,1777,674,1011,27,884,12,19891,7910,882,11755,25,3711],"class_list":{"0":"post-88740","1":"post","2":"type-post","3":"status-publish","4":"format-standard","5":"has-post-thumbnail","7":"category-marseille","8":"tag-17","9":"tag-actu","10":"tag-actualites","11":"tag-albert","12":"tag-ans","13":"tag-bovigny","14":"tag-culture","15":"tag-eu","16":"tag-europe","17":"tag-fr","18":"tag-france","19":"tag-marseille","20":"tag-news","21":"tag-pertuisien","22":"tag-premier","23":"tag-provence-alpes-cote-dazur","24":"tag-publie","25":"tag-republique-francaise","26":"tag-son"},"share_on_mastodon":{"url":"https:\/\/pubeurope.com\/@fr\/114482223722034923","error":""},"_links":{"self":[{"href":"https:\/\/www.europesays.com\/fr\/wp-json\/wp\/v2\/posts\/88740","targetHints":{"allow":["GET"]}}],"collection":[{"href":"https:\/\/www.europesays.com\/fr\/wp-json\/wp\/v2\/posts"}],"about":[{"href":"https:\/\/www.europesays.com\/fr\/wp-json\/wp\/v2\/types\/post"}],"author":[{"embeddable":true,"href":"https:\/\/www.europesays.com\/fr\/wp-json\/wp\/v2\/users\/2"}],"replies":[{"embeddable":true,"href":"https:\/\/www.europesays.com\/fr\/wp-json\/wp\/v2\/comments?post=88740"}],"version-history":[{"count":0,"href":"https:\/\/www.europesays.com\/fr\/wp-json\/wp\/v2\/posts\/88740\/revisions"}],"wp:featuredmedia":[{"embeddable":true,"href":"https:\/\/www.europesays.com\/fr\/wp-json\/wp\/v2\/media\/88741"}],"wp:attachment":[{"href":"https:\/\/www.europesays.com\/fr\/wp-json\/wp\/v2\/media?parent=88740"}],"wp:term":[{"taxonomy":"category","embeddable":true,"href":"https:\/\/www.europesays.com\/fr\/wp-json\/wp\/v2\/categories?post=88740"},{"taxonomy":"post_tag","embeddable":true,"href":"https:\/\/www.europesays.com\/fr\/wp-json\/wp\/v2\/tags?post=88740"}],"curies":[{"name":"wp","href":"https:\/\/api.w.org\/{rel}","templated":true}]}}