{"id":88744,"date":"2025-05-10T06:55:26","date_gmt":"2025-05-10T06:55:26","guid":{"rendered":"https:\/\/www.europesays.com\/fr\/88744\/"},"modified":"2025-05-10T06:55:26","modified_gmt":"2025-05-10T06:55:26","slug":"vernissage-a-la-galerie-philippe-bettan-les-grands-maitres-a-lhonneur","status":"publish","type":"post","link":"https:\/\/www.europesays.com\/fr\/88744\/","title":{"rendered":"Vernissage \u00e0 la Galerie Philippe Bettan. Les grands ma\u00eetres \u00e0 l\u2019honneur"},"content":{"rendered":"<p>\t\t\t\t<img fetchpriority=\"high\" decoding=\"async\" width=\"900\" height=\"600\" src=\"https:\/\/www.europesays.com\/fr\/wp-content\/uploads\/2025\/05\/01-Galerie-Philippe-Bettan-MS.jpg\" alt=\"\" title=\"01 Galerie Philippe Bettan MS\"   class=\"wp-image-159141\"\/><\/p>\n<p>Photos \u00a9 Saby Maviel pour Lyon People<\/p>\n<p style=\"font-weight: 400;\"><strong>Texte\u00a0: Christian Mure<\/strong> \u2013 Philippe Bettan se montrant digne de la confiance de son mentor <strong>Alain Georges<\/strong> a r\u00e9ussi le tour de force de hisser sa galerie au sommet des expositions de qualit\u00e9 : \u00ab\u00a0Les Grands Maitres\u00a0\u00bb attirant tous les amateurs d\u2019art \u00e9clair\u00e9s. Il faut dire que c\u2019est l\u2019une des plus belles expositions lyonnaises de ces vingt derni\u00e8res ann\u00e9es\u2026<\/p>\n<p style=\"font-weight: 400;\">Parmi ces grands maitres du d\u00e9but du XX\u00e8me si\u00e8cle, les quatre tableaux de <strong>Emile Othon Friesz <\/strong>(membre fondateur du fauvisme) m\u00e9ritent \u00e0 eux seuls le d\u00e9placement\u2026\u00a0J\u2019ai toujours recherch\u00e9 des tableaux de <strong>Jean Puy<\/strong>, peintre fauviste :\u00a0les quatre tableaux du c\u00e9l\u00e8bre peintre de Roanne dont une corbeille aux raisins et un bouquet de fleurs aux persiennes sont des petits chefs d\u2019\u0153uvre !<\/p>\n<p><a href=\"https:\/\/www.lyonpeople.com\/?attachment_id=159139\" rel=\"attachment wp-att-159139 noopener\" target=\"_blank\"><img loading=\"lazy\" decoding=\"async\" class=\"lazy lazy-hidden alignnone size-full wp-image-159139\" data-lazy-type=\"image\" src=\"https:\/\/www.europesays.com\/fr\/wp-content\/uploads\/2025\/05\/03-Galerie-Philippe-Bettan-MS.jpg\" alt=\"\" width=\"900\" height=\"600\"  \/><\/a><\/p>\n<p style=\"font-weight: 400;\"><strong>Philippe Bettan<\/strong> : \u00ab\u00a0Leurs \u0153uvres incarnent l\u2019\u00e9volution de l\u2019art moderne \u00e0 travers des mouvements vari\u00e9s comme le fauvisme et le post impressionnisme t\u00e9moignant d\u2019une qu\u00eate constante de modernit\u00e9. Ces artistes ont travers\u00e9 des p\u00e9riodes artistiques communes notamment celle du fauvisme o\u00f9 la couleur pure et vibrante\u00a0exprime l\u2019\u00e9motion et la libert\u00e9 cr\u00e9ative. Chacun d\u2019eux par son style singulier a contribu\u00e9 \u00e0 bouleverser les codes esth\u00e9tiques de leur temps et \u00e0 ouvrir la voie \u00e0 de nouvelles formes d\u2019expression\u00a0\u00bb.<\/p>\n<p style=\"font-weight: 400;\"><strong>Aida Mojallal<\/strong>, directrice artistique de la galerie et curatrice de l\u2019exposition : \u00ab\u00a0L\u2019exposition se veut un pont entre le pass\u00e9 et le pr\u00e9sent : elle offre l\u2019opportunit\u00e9 de red\u00e9couvrir les \u0153uvres intemporelles des Grands Maitres telles qu\u2019elles sont pr\u00e9sent\u00e9es dans les mus\u00e9es des Beaux-Arts tout en b\u00e9n\u00e9ficiant d\u2019un cadre de galerie plus accessible. Ce format permet de toucher un public de tous \u00e2ges qui peut ainsi se familiariser avec une histoire riche et complexe, et nourrir une relation personnelle sur l\u2019\u00e9volution de l\u2019art dans notre soci\u00e9t\u00e9\u00a0\u00bb.<\/p>\n<p><a href=\"https:\/\/www.lyonpeople.com\/?attachment_id=159140\" rel=\"attachment wp-att-159140 noopener\" target=\"_blank\"><img loading=\"lazy\" decoding=\"async\" class=\"lazy lazy-hidden alignnone size-full wp-image-159140\" data-lazy-type=\"image\" src=\"https:\/\/www.europesays.com\/fr\/wp-content\/uploads\/2025\/05\/05-Galerie-Philippe-Bettan-MS.jpg\" alt=\"\" width=\"900\" height=\"600\"  \/><\/a><\/p>\n<p style=\"font-weight: 400;\">Comment en effet ne pas avoir un coup de c\u0153ur pour <strong>Maurice Utrillo<\/strong>\u00a0avec son \u00ab\u00a0Cabaret du Lapin Agile\u00a0\u00bb sous la neige de Montmartre avec sa touche po\u00e9tique et m\u00e9lancolique qui fit sa c\u00e9l\u00e9brit\u00e9 mondiale\u2026 A cause de ses probl\u00e8mes avec l\u2019alcool, sa m\u00e8re <strong>Suzanne Valadon<\/strong> voulant l\u2019\u00e9loigner de la tentation des villes habita longtemps le Ch\u00e2teau de Saint Bernard \u00e0 Anse\u00a0en face de chez Bibet o\u00f9 Utrillo, alors compl\u00e8tement m\u00e9connu, exposait en vain ses toiles\u00a0pour essayer de les vendre, les \u00e9changeant m\u00eame contre quelques bouteilles de beaujolais.\u00a0Les vignerons qui ne l\u2019ont pas fait\u00a0s\u2019en mordent encore les doigts\u2026<\/p>\n<p style=\"font-weight: 400;\">Les\u00a0\u0153uvres de <strong>Charles Camoin<\/strong> retiennent aussi particuli\u00e8rement l\u2019attention : Femme nue allong\u00e9e coupe de fruits et Odalisque dans une pose lascive sur un lit. <strong>Francis Picabia <\/strong>artiste inclassable et <strong>Ren\u00e9 Seyssaud<\/strong>\u00e9merveilleront les passionn\u00e9s de la peinture du XX\u00e8me si\u00e8cle. <strong>Jean Dufy<\/strong>\u00a0h\u00e9ritant de l\u2019influence de son c\u00e9l\u00e8bre fr\u00e8re <strong>Raoul Dufy<\/strong> peint dans un style lyrique et color\u00e9 reconnaissable entre mille l\u2019effervescence de Paris\u2026 <strong>Henri Lebasque<\/strong> avec ses deux femmes nues\u00a0sont deux petits fours dignes de Bernachon !<\/p>\n<p style=\"font-weight: 400;\"><strong>LES GRANDS MAITRES<br \/>Du 17 avril au 17 mai 2025<br \/>Galerie Philippe Bettan<br \/>47, rue Auguste Comte \u2013 Lyon\u00a02<\/strong><\/p>\n<p style=\"font-weight: 400; text-align: center;\"><strong>Galerie Philipe Bettan<br \/>Jeudi 17 avril 2025<\/strong><\/p>\n<p>                                <a href=\"https:\/\/www.europesays.com\/fr\/wp-content\/uploads\/2025\/05\/1-Galerie-Bettan-MS.jpg\" title=\"1. Agn\u00e8s Hamelin et Olivier Gautheron\" data-rl_title=\"1. Agn\u00e8s Hamelin et Olivier Gautheron\" class=\"rl-gallery-link\" data-rl_caption=\"\" data-rel=\"lightbox-gallery-bGlnaHRib3gtZ2FsbGVyeS0w\" data-rl_><img loading=\"lazy\" decoding=\"async\" width=\"900\" height=\"600\" data-lazy-type=\"image\" src=\"https:\/\/www.europesays.com\/fr\/wp-content\/uploads\/2025\/05\/1-Galerie-Bettan-MS.jpg\" class=\"lazy lazy-hidden attachment-large size-large\" alt=\"\" aria-describedby=\"gallery--159142\"  \/><\/a><\/p>\n<p>\n                                1. Agn\u00e8s Hamelin et Olivier Gautheron  <\/p>\n<p>                                <a href=\"https:\/\/www.europesays.com\/fr\/wp-content\/uploads\/2025\/05\/2-Galerie-Bettan-MS.jpg\" title=\"2. Michel Franc, courtier en assurance, les vid\u00e9astes Alice et Victoria (Lyon People) et Christian Mure (Guide Lyon Gourmand)\" data-rl_title=\"2. Michel Franc, courtier en assurance, les vid\u00e9astes Alice et Victoria (Lyon People) et Christian Mure (Guide Lyon Gourmand)\" class=\"rl-gallery-link\" data-rl_caption=\"\" data-rel=\"lightbox-gallery-bGlnaHRib3gtZ2FsbGVyeS0w\" data-rl_><img loading=\"lazy\" decoding=\"async\" width=\"900\" height=\"600\" data-lazy-type=\"image\" src=\"https:\/\/www.europesays.com\/fr\/wp-content\/uploads\/2025\/05\/2-Galerie-Bettan-MS.jpg\" class=\"lazy lazy-hidden attachment-large size-large\" alt=\"\" aria-describedby=\"gallery--159143\"  \/><\/a><\/p>\n<p>\n                                2. Michel Franc, courtier en assurance, les vid\u00e9astes Alice et Victoria (Lyon People) et Christian Mure (Guide Lyon Gourmand) <\/p>\n<p><br style=\"clear: both\"\/><\/p>\n<p>                                <a href=\"https:\/\/www.europesays.com\/fr\/wp-content\/uploads\/2025\/05\/3-Galerie-Bettand-MS.jpg\" title=\"3. Thomas Tran (La Lyonnaise du Patrimoine) et Katia Manent\" data-rl_title=\"3. Thomas Tran (La Lyonnaise du Patrimoine) et Katia Manent\" class=\"rl-gallery-link\" data-rl_caption=\"\" data-rel=\"lightbox-gallery-bGlnaHRib3gtZ2FsbGVyeS0w\" data-rl_><img loading=\"lazy\" decoding=\"async\" width=\"900\" height=\"600\" data-lazy-type=\"image\" src=\"https:\/\/www.europesays.com\/fr\/wp-content\/uploads\/2025\/05\/3-Galerie-Bettand-MS.jpg\" class=\"lazy lazy-hidden attachment-large size-large\" alt=\"\" aria-describedby=\"gallery--159144\"  \/><\/a><\/p>\n<p>\n                                3. Thomas Tran (La Lyonnaise du Patrimoine) et Katia Manent <\/p>\n<p>                                <a href=\"https:\/\/www.europesays.com\/fr\/wp-content\/uploads\/2025\/05\/4-Galerie-Bettand-MS.jpg\" title=\"4. J\u00e9r\u00f4me Chabanne (Piano A Lyon) et J\u00e9rome Tomaselli (Tomaselli Collection)\" data-rl_title=\"4. J\u00e9r\u00f4me Chabanne (Piano A Lyon) et J\u00e9rome Tomaselli (Tomaselli Collection)\" class=\"rl-gallery-link\" data-rl_caption=\"\" data-rel=\"lightbox-gallery-bGlnaHRib3gtZ2FsbGVyeS0w\" data-rl_><img loading=\"lazy\" decoding=\"async\" width=\"900\" height=\"600\" data-lazy-type=\"image\" src=\"https:\/\/www.europesays.com\/fr\/wp-content\/uploads\/2025\/05\/4-Galerie-Bettand-MS.jpg\" class=\"lazy lazy-hidden attachment-large size-large\" alt=\"\" aria-describedby=\"gallery--159145\"  \/><\/a><\/p>\n<p>\n                                4. J\u00e9r\u00f4me Chabanne (Piano A Lyon) et J\u00e9rome Tomaselli (Tomaselli Collection) <\/p>\n<p><br style=\"clear: both\"\/><\/p>\n<p>                                <a href=\"https:\/\/www.europesays.com\/fr\/wp-content\/uploads\/2025\/05\/5-Galerie-Bettand-MS.jpg\" title=\"5. Innes Meliani et Isabelle Lepore (L\u2019Avenue des Mari\u00e9es)\" data-rl_title=\"5. Innes Meliani et Isabelle Lepore (L\u2019Avenue des Mari\u00e9es)\" class=\"rl-gallery-link\" data-rl_caption=\"\" data-rel=\"lightbox-gallery-bGlnaHRib3gtZ2FsbGVyeS0w\" data-rl_><img loading=\"lazy\" decoding=\"async\" width=\"900\" height=\"600\" data-lazy-type=\"image\" src=\"https:\/\/www.europesays.com\/fr\/wp-content\/uploads\/2025\/05\/5-Galerie-Bettand-MS.jpg\" class=\"lazy lazy-hidden attachment-large size-large\" alt=\"\" aria-describedby=\"gallery--159146\"  \/><\/a><\/p>\n<p>\n                                5. Innes Meliani et Isabelle Lepore (L\u2019Avenue des Mari\u00e9es) <\/p>\n<p>                                <a href=\"https:\/\/www.europesays.com\/fr\/wp-content\/uploads\/2025\/05\/6-Galerie-Bettand-MS.jpg\" title=\"6. Emma Beaudeau et Romain Rousset (Histoire de l\u2019art)\" data-rl_title=\"6. Emma Beaudeau et Romain Rousset (Histoire de l\u2019art)\" class=\"rl-gallery-link\" data-rl_caption=\"\" data-rel=\"lightbox-gallery-bGlnaHRib3gtZ2FsbGVyeS0w\" data-rl_><img loading=\"lazy\" decoding=\"async\" width=\"900\" height=\"600\" data-lazy-type=\"image\" src=\"https:\/\/www.europesays.com\/fr\/wp-content\/uploads\/2025\/05\/6-Galerie-Bettand-MS.jpg\" class=\"lazy lazy-hidden attachment-large size-large\" alt=\"\" aria-describedby=\"gallery--159147\"  \/><\/a><\/p>\n<p>\n                                6. Emma Beaudeau et Romain Rousset (Histoire de l\u2019art) <\/p>\n<p><br style=\"clear: both\"\/><\/p>\n<p>                                <a href=\"https:\/\/www.europesays.com\/fr\/wp-content\/uploads\/2025\/05\/7-Galerie-Bettand-MS.jpg\" title=\"7. Martial Morel et Olivier Gautheron\" data-rl_title=\"7. Martial Morel et Olivier Gautheron\" class=\"rl-gallery-link\" data-rl_caption=\"\" data-rel=\"lightbox-gallery-bGlnaHRib3gtZ2FsbGVyeS0w\" data-rl_><img loading=\"lazy\" decoding=\"async\" width=\"900\" height=\"600\" data-lazy-type=\"image\" src=\"https:\/\/www.europesays.com\/fr\/wp-content\/uploads\/2025\/05\/7-Galerie-Bettand-MS.jpg\" class=\"lazy lazy-hidden attachment-large size-large\" alt=\"\" aria-describedby=\"gallery--159148\"  \/><\/a><\/p>\n<p>\n                                7. Martial Morel et Olivier Gautheron <\/p>\n<p>                                <a href=\"https:\/\/www.europesays.com\/fr\/wp-content\/uploads\/2025\/05\/8-Galerie-Bettand-MS.jpg\" title=\"8. Caroline Flamant (Cabinet d\u2019Expertise) et J\u00e9r\u00f4me Chabanne (Festival Piano A Lyon)\" data-rl_title=\"8. Caroline Flamant (Cabinet d\u2019Expertise) et J\u00e9r\u00f4me Chabanne (Festival Piano A Lyon)\" class=\"rl-gallery-link\" data-rl_caption=\"\" data-rel=\"lightbox-gallery-bGlnaHRib3gtZ2FsbGVyeS0w\" data-rl_><img loading=\"lazy\" decoding=\"async\" width=\"900\" height=\"600\" data-lazy-type=\"image\" src=\"https:\/\/www.europesays.com\/fr\/wp-content\/uploads\/2025\/05\/8-Galerie-Bettand-MS.jpg\" class=\"lazy lazy-hidden attachment-large size-large\" alt=\"\" aria-describedby=\"gallery--159149\"  \/><\/a><\/p>\n<p>\n                                8. Caroline Flamant (Cabinet d\u2019Expertise) et J\u00e9r\u00f4me Chabanne (Festival Piano A Lyon)<\/p>\n<p><br style=\"clear: both\"\/><\/p>\n<p>                                <a href=\"https:\/\/www.europesays.com\/fr\/wp-content\/uploads\/2025\/05\/9-Galerie-Bettand-MS.jpg\" title=\"9. Philippe Bettan (Galerie Philippe Bettan) entour\u00e9 d\u2019Isabelle Lepore et Caroline Flamant (L\u2019Avenue des Mari\u00e9es)\" data-rl_title=\"9. Philippe Bettan (Galerie Philippe Bettan) entour\u00e9 d\u2019Isabelle Lepore et Caroline Flamant (L\u2019Avenue des Mari\u00e9es)\" class=\"rl-gallery-link\" data-rl_caption=\"\" data-rel=\"lightbox-gallery-bGlnaHRib3gtZ2FsbGVyeS0w\" data-rl_><img loading=\"lazy\" decoding=\"async\" width=\"900\" height=\"600\" data-lazy-type=\"image\" src=\"https:\/\/www.europesays.com\/fr\/wp-content\/uploads\/2025\/05\/9-Galerie-Bettand-MS.jpg\" class=\"lazy lazy-hidden attachment-large size-large\" alt=\"\" aria-describedby=\"gallery--159150\"  \/><\/a><\/p>\n<p>\n                                9. Philippe Bettan (Galerie Philippe Bettan) entour\u00e9 d\u2019Isabelle Lepore et Caroline Flamant (L\u2019Avenue des Mari\u00e9es) <\/p>\n<p>                                <a href=\"https:\/\/www.europesays.com\/fr\/wp-content\/uploads\/2025\/05\/10-Galerie-Bettand-MS.jpg\" title=\"10. Michel Franc, courtier en assurance et Christian Mure (Guide Lyon Gourmand)\" data-rl_title=\"10. Michel Franc, courtier en assurance et Christian Mure (Guide Lyon Gourmand)\" class=\"rl-gallery-link\" data-rl_caption=\"\" data-rel=\"lightbox-gallery-bGlnaHRib3gtZ2FsbGVyeS0w\" data-rl_><img loading=\"lazy\" decoding=\"async\" width=\"900\" height=\"600\" data-lazy-type=\"image\" src=\"https:\/\/www.europesays.com\/fr\/wp-content\/uploads\/2025\/05\/10-Galerie-Bettand-MS.jpg\" class=\"lazy lazy-hidden attachment-large size-large\" alt=\"\" aria-describedby=\"gallery--159151\"  \/><\/a><\/p>\n<p>\n                                10. Michel Franc, courtier en assurance et Christian Mure (Guide Lyon Gourmand) <\/p>\n<p><br style=\"clear: both\"\/><\/p>\n<p>                                <a href=\"https:\/\/www.europesays.com\/fr\/wp-content\/uploads\/2025\/05\/11-Galerie-Bettand-MS.jpg\" title=\"11. Michel Regnier, ancien adjoint \u00e0 la culture de Vourles, Aida Mojallal (Galerie Philippe Bettan Lyon) et J\u00e9rome Tomaselli (Tomaselli Collection)\" data-rl_title=\"11. Michel Regnier, ancien adjoint \u00e0 la culture de Vourles, Aida Mojallal (Galerie Philippe Bettan Lyon) et J\u00e9rome Tomaselli (Tomaselli Collection)\" class=\"rl-gallery-link\" data-rl_caption=\"\" data-rel=\"lightbox-gallery-bGlnaHRib3gtZ2FsbGVyeS0w\" data-rl_><img loading=\"lazy\" decoding=\"async\" width=\"900\" height=\"600\" data-lazy-type=\"image\" src=\"https:\/\/www.europesays.com\/fr\/wp-content\/uploads\/2025\/05\/11-Galerie-Bettand-MS.jpg\" class=\"lazy lazy-hidden attachment-large size-large\" alt=\"\" aria-describedby=\"gallery--159152\"  \/><\/a><\/p>\n<p>\n                                11. Michel Regnier, ancien adjoint \u00e0 la culture de Vourles, Aida Mojallal (Galerie Philippe Bettan Lyon) et J\u00e9rome Tomaselli (Tomaselli Collection) <\/p>\n<p>                                <a href=\"https:\/\/www.europesays.com\/fr\/wp-content\/uploads\/2025\/05\/12-Galerie-Bettand-MS.jpg\" title=\"12. Philippe Bettan, Aida Mojallal, curatrice de l\u2019exposition (Galerie Philippe Bettan) et Jean-Claude Viala\" data-rl_title=\"12. Philippe Bettan, Aida Mojallal, curatrice de l\u2019exposition (Galerie Philippe Bettan) et Jean-Claude Viala\" class=\"rl-gallery-link\" data-rl_caption=\"\" data-rel=\"lightbox-gallery-bGlnaHRib3gtZ2FsbGVyeS0w\" data-rl_><img loading=\"lazy\" decoding=\"async\" width=\"900\" height=\"600\" data-lazy-type=\"image\" src=\"https:\/\/www.europesays.com\/fr\/wp-content\/uploads\/2025\/05\/12-Galerie-Bettand-MS.jpg\" class=\"lazy lazy-hidden attachment-large size-large\" alt=\"\" aria-describedby=\"gallery--159153\"  \/><\/a><\/p>\n<p>\n                                12. Philippe Bettan, Aida Mojallal, curatrice de l\u2019exposition (Galerie Philippe Bettan) et Jean-Claude Viala <\/p>\n<p><br style=\"clear: both\"\/><\/p>\n<p>                                <a href=\"https:\/\/www.europesays.com\/fr\/wp-content\/uploads\/2025\/05\/13-Galerie-Bettand-MS.jpg\" title=\"13. Agn\u00e8s Hamelin et Maryaline Morel\" data-rl_title=\"13. Agn\u00e8s Hamelin et Maryaline Morel\" class=\"rl-gallery-link\" data-rl_caption=\"\" data-rel=\"lightbox-gallery-bGlnaHRib3gtZ2FsbGVyeS0w\" data-rl_><img loading=\"lazy\" decoding=\"async\" width=\"900\" height=\"600\" data-lazy-type=\"image\" src=\"https:\/\/www.europesays.com\/fr\/wp-content\/uploads\/2025\/05\/13-Galerie-Bettand-MS.jpg\" class=\"lazy lazy-hidden attachment-large size-large\" alt=\"\" aria-describedby=\"gallery--159154\"  \/><\/a><\/p>\n<p>\n                                13. Agn\u00e8s Hamelin et Maryaline Morel  <\/p>\n<p>                                <a href=\"https:\/\/www.europesays.com\/fr\/wp-content\/uploads\/2025\/05\/14-Galerie-Bettand-MS.jpg\" title=\"14. Sylvie et Pierre Guillard et l\u2019artiste peintre Fabienne Amiel\" data-rl_title=\"14. Sylvie et Pierre Guillard et l\u2019artiste peintre Fabienne Amiel\" class=\"rl-gallery-link\" data-rl_caption=\"\" data-rel=\"lightbox-gallery-bGlnaHRib3gtZ2FsbGVyeS0w\" data-rl_><img loading=\"lazy\" decoding=\"async\" width=\"900\" height=\"600\" data-lazy-type=\"image\" src=\"https:\/\/www.europesays.com\/fr\/wp-content\/uploads\/2025\/05\/14-Galerie-Bettand-MS.jpg\" class=\"lazy lazy-hidden attachment-large size-large\" alt=\"\" aria-describedby=\"gallery--159155\"  \/><\/a><\/p>\n<p>\n                                14. Sylvie et Pierre Guillard et l\u2019artiste peintre Fabienne Amiel <\/p>\n<p><br style=\"clear: both\"\/><\/p>\n<p>                                <a href=\"https:\/\/www.europesays.com\/fr\/wp-content\/uploads\/2025\/05\/15-Galerie-Bettand-MS.jpg\" title=\"15. Emmanuelle Chervet et Emmanuel Suchet\" data-rl_title=\"15. Emmanuelle Chervet et Emmanuel Suchet\" class=\"rl-gallery-link\" data-rl_caption=\"\" data-rel=\"lightbox-gallery-bGlnaHRib3gtZ2FsbGVyeS0w\" data-rl_><img loading=\"lazy\" decoding=\"async\" width=\"900\" height=\"641\" data-lazy-type=\"image\" src=\"https:\/\/www.europesays.com\/fr\/wp-content\/uploads\/2025\/05\/15-Galerie-Bettand-MS.jpg\" class=\"lazy lazy-hidden attachment-large size-large\" alt=\"\" aria-describedby=\"gallery--159156\"  \/><\/a><\/p>\n<p>\n                                15. Emmanuelle Chervet et Emmanuel Suchet  <\/p>\n<p>                                <a href=\"https:\/\/www.europesays.com\/fr\/wp-content\/uploads\/2025\/05\/16-Galerie-Bettand-MS.jpg\" title=\"16. Olivier B\u00e9atrix et Marie-C\u00e9cile Blanchet, chirurgiens digestifs\" data-rl_title=\"16. Olivier B\u00e9atrix et Marie-C\u00e9cile Blanchet, chirurgiens digestifs\" class=\"rl-gallery-link\" data-rl_caption=\"\" data-rel=\"lightbox-gallery-bGlnaHRib3gtZ2FsbGVyeS0w\" data-rl_><img loading=\"lazy\" decoding=\"async\" width=\"900\" height=\"619\" data-lazy-type=\"image\" src=\"https:\/\/www.europesays.com\/fr\/wp-content\/uploads\/2025\/05\/16-Galerie-Bettand-MS.jpg\" class=\"lazy lazy-hidden attachment-large size-large\" alt=\"\" aria-describedby=\"gallery--159157\"  \/><\/a><\/p>\n<p>\n                                16. Olivier B\u00e9atrix et Marie-C\u00e9cile Blanchet, chirurgiens digestifs <\/p>\n<p><br style=\"clear: both\"\/><\/p>\n<p>                                <a href=\"https:\/\/www.europesays.com\/fr\/wp-content\/uploads\/2025\/05\/17-Galerie-Bettand-MS.jpg\" title=\"17. Anne-Sophie Plaza (Fika agence de design) et Fran\u00e7ois David (Artcurial Commissaires-priseurs)\" data-rl_title=\"17. Anne-Sophie Plaza (Fika agence de design) et Fran\u00e7ois David (Artcurial Commissaires-priseurs)\" class=\"rl-gallery-link\" data-rl_caption=\"\" data-rel=\"lightbox-gallery-bGlnaHRib3gtZ2FsbGVyeS0w\" data-rl_><img loading=\"lazy\" decoding=\"async\" width=\"900\" height=\"600\" data-lazy-type=\"image\" src=\"https:\/\/www.europesays.com\/fr\/wp-content\/uploads\/2025\/05\/17-Galerie-Bettand-MS.jpg\" class=\"lazy lazy-hidden attachment-large size-large\" alt=\"\" aria-describedby=\"gallery--159158\"  \/><\/a><\/p>\n<p>\n                                17. Anne-Sophie Plaza (Fika agence de design) et Fran\u00e7ois David (Artcurial Commissaires-priseurs) <\/p>\n<p>                                <a href=\"https:\/\/www.europesays.com\/fr\/wp-content\/uploads\/2025\/05\/18-Galerie-Bettand-MS.jpg\" title=\"18. Le galeriste Philippe Bettan, Marco Polisson, r\u00e9dacteur en chef Lyon People, Michel Regnier, ancien adjoint \u00e0 la culture de Vourles et J\u00e9r\u00f4me Chabanne, directeur du festival Piano \u00e0 Lyon\" data-rl_title=\"18. Le galeriste Philippe Bettan, Marco Polisson, r\u00e9dacteur en chef Lyon People, Michel Regnier, ancien adjoint \u00e0 la culture de Vourles et J\u00e9r\u00f4me Chabanne, directeur du festival Piano \u00e0 Lyon\" class=\"rl-gallery-link\" data-rl_caption=\"\" data-rel=\"lightbox-gallery-bGlnaHRib3gtZ2FsbGVyeS0w\" data-rl_><img loading=\"lazy\" decoding=\"async\" width=\"900\" height=\"600\" data-lazy-type=\"image\" src=\"https:\/\/www.europesays.com\/fr\/wp-content\/uploads\/2025\/05\/18-Galerie-Bettand-MS.jpg\" class=\"lazy lazy-hidden attachment-large size-large\" alt=\"\" aria-describedby=\"gallery--159159\"  \/><\/a><\/p>\n<p>\n                                18. Le galeriste Philippe Bettan, Marco Polisson, r\u00e9dacteur en chef Lyon People, Michel Regnier, ancien adjoint \u00e0 la culture de Vourles et J\u00e9r\u00f4me Chabanne, directeur du festival Piano \u00e0 Lyon<\/p>\n<p><br style=\"clear: both\"\/><\/p>\n<p>                                <a href=\"https:\/\/www.europesays.com\/fr\/wp-content\/uploads\/2025\/05\/19-Galerie-Bettand-MS.jpg\" title=\"19. Michel Regnier, ancien adjoint \u00e0 la culture de Vourles, Caroline Flamant (Cabinet d\u2019Expertise) et Philippe Bettan (Galerie Philippe Bettan)\" data-rl_title=\"19. Michel Regnier, ancien adjoint \u00e0 la culture de Vourles, Caroline Flamant (Cabinet d\u2019Expertise) et Philippe Bettan (Galerie Philippe Bettan)\" class=\"rl-gallery-link\" data-rl_caption=\"\" data-rel=\"lightbox-gallery-bGlnaHRib3gtZ2FsbGVyeS0w\" data-rl_><img loading=\"lazy\" decoding=\"async\" width=\"900\" height=\"600\" data-lazy-type=\"image\" src=\"https:\/\/www.europesays.com\/fr\/wp-content\/uploads\/2025\/05\/19-Galerie-Bettand-MS.jpg\" class=\"lazy lazy-hidden attachment-large size-large\" alt=\"\" aria-describedby=\"gallery--159160\"  \/><\/a><\/p>\n<p>\n                                19. Michel Regnier, ancien adjoint \u00e0 la culture de Vourles, Caroline Flamant (Cabinet d\u2019Expertise) et Philippe Bettan (Galerie Philippe Bettan) <\/p>\n<p>                                <a href=\"https:\/\/www.europesays.com\/fr\/wp-content\/uploads\/2025\/05\/20-Galerie-Bettand-MS.jpg\" title=\"20. Emmanuel Flamant et Caroline Flamant (Cabinet d\u2019Expertise)\" data-rl_title=\"20. Emmanuel Flamant et Caroline Flamant (Cabinet d\u2019Expertise)\" class=\"rl-gallery-link\" data-rl_caption=\"\" data-rel=\"lightbox-gallery-bGlnaHRib3gtZ2FsbGVyeS0w\" data-rl_><img loading=\"lazy\" decoding=\"async\" width=\"900\" height=\"600\" data-lazy-type=\"image\" src=\"https:\/\/www.europesays.com\/fr\/wp-content\/uploads\/2025\/05\/20-Galerie-Bettand-MS.jpg\" class=\"lazy lazy-hidden attachment-large size-large\" alt=\"\" aria-describedby=\"gallery--159161\"  \/><\/a><\/p>\n<p>\n                                20. Emmanuel Flamant et Caroline Flamant (Cabinet d\u2019Expertise) <\/p>\n<p><br style=\"clear: both\"\/><\/p>\n<p>                                <a href=\"https:\/\/www.europesays.com\/fr\/wp-content\/uploads\/2025\/05\/21-Galerie-Bettand-MS.jpg\" title=\"21. Marie, Christophe Cruvellier (Kos Partners), Azita Daghestani, Isabella Boutin, cr\u00e9atrice de robes de mari\u00e9es et Philippe Bettan (Galerie Bettan)\" data-rl_title=\"21. Marie, Christophe Cruvellier (Kos Partners), Azita Daghestani, Isabella Boutin, cr\u00e9atrice de robes de mari\u00e9es et Philippe Bettan (Galerie Bettan)\" class=\"rl-gallery-link\" data-rl_caption=\"\" data-rel=\"lightbox-gallery-bGlnaHRib3gtZ2FsbGVyeS0w\" data-rl_><img loading=\"lazy\" decoding=\"async\" width=\"900\" height=\"600\" data-lazy-type=\"image\" src=\"https:\/\/www.europesays.com\/fr\/wp-content\/uploads\/2025\/05\/21-Galerie-Bettand-MS.jpg\" class=\"lazy lazy-hidden attachment-large size-large\" alt=\"\" aria-describedby=\"gallery--159162\"  \/><\/a><\/p>\n<p>\n                                21. Marie, Christophe Cruvellier (Kos Partners), Azita Daghestani, Isabella Boutin, cr\u00e9atrice de robes de mari\u00e9es et Philippe Bettan (Galerie Bettan) <\/p>\n<p>                                <a href=\"https:\/\/www.europesays.com\/fr\/wp-content\/uploads\/2025\/05\/22-Galerie-Bettand-MS.jpg\" title=\"22. Philippe Bettan et Clara (BLO)\" data-rl_title=\"22. Philippe Bettan et Clara (BLO)\" class=\"rl-gallery-link\" data-rl_caption=\"\" data-rel=\"lightbox-gallery-bGlnaHRib3gtZ2FsbGVyeS0w\" data-rl_><img loading=\"lazy\" decoding=\"async\" width=\"900\" height=\"600\" data-lazy-type=\"image\" src=\"https:\/\/www.europesays.com\/fr\/wp-content\/uploads\/2025\/05\/22-Galerie-Bettand-MS.jpg\" class=\"lazy lazy-hidden attachment-large size-large\" alt=\"\" aria-describedby=\"gallery--159163\"  \/><\/a><\/p>\n<p>\n                                22. Philippe Bettan et Clara (BLO) <\/p>\n<p><br style=\"clear: both\"\/><\/p>\n<p>                                <a href=\"https:\/\/www.europesays.com\/fr\/wp-content\/uploads\/2025\/05\/23-Galerie-Bettand-MS.jpg\" title=\"23. Aida Mojallal, curatrice de l\u2019exposition (Galerie Philippe Bettan) et Ali Mojallal (Hospices Civils de Lyon)\" data-rl_title=\"23. Aida Mojallal, curatrice de l\u2019exposition (Galerie Philippe Bettan) et Ali Mojallal (Hospices Civils de Lyon)\" class=\"rl-gallery-link\" data-rl_caption=\"\" data-rel=\"lightbox-gallery-bGlnaHRib3gtZ2FsbGVyeS0w\" data-rl_><img loading=\"lazy\" decoding=\"async\" width=\"900\" height=\"600\" data-lazy-type=\"image\" src=\"https:\/\/www.europesays.com\/fr\/wp-content\/uploads\/2025\/05\/23-Galerie-Bettand-MS.jpg\" class=\"lazy lazy-hidden attachment-large size-large\" alt=\"\" aria-describedby=\"gallery--159164\"  \/><\/a><\/p>\n<p>\n                                23. Aida Mojallal, curatrice de l\u2019exposition (Galerie Philippe Bettan) et Ali Mojallal (Hospices Civils de Lyon) <\/p>\n<p>                                <a href=\"https:\/\/www.europesays.com\/fr\/wp-content\/uploads\/2025\/05\/24-Galerie-Bettand-MS.jpg\" title=\"24. Aida Mojallal, curatrice de l\u2019exposition (Galerie Philippe Bettan) et Philippe Bataille\" data-rl_title=\"24. Aida Mojallal, curatrice de l\u2019exposition (Galerie Philippe Bettan) et Philippe Bataille\" class=\"rl-gallery-link\" data-rl_caption=\"\" data-rel=\"lightbox-gallery-bGlnaHRib3gtZ2FsbGVyeS0w\" data-rl_><img loading=\"lazy\" decoding=\"async\" width=\"900\" height=\"600\" data-lazy-type=\"image\" src=\"https:\/\/www.europesays.com\/fr\/wp-content\/uploads\/2025\/05\/24-Galerie-Bettand-MS.jpg\" class=\"lazy lazy-hidden attachment-large size-large\" alt=\"\" aria-describedby=\"gallery--159173\"  \/><\/a><\/p>\n<p>\n                                24. Aida Mojallal, curatrice de l\u2019exposition (Galerie Philippe Bettan) et Philippe Bataille <\/p>\n<p><br style=\"clear: both\"\/><\/p>\n<p>                                <a href=\"https:\/\/www.europesays.com\/fr\/wp-content\/uploads\/2025\/05\/25-Galerie-Bettand-MS.jpg\" title=\"25. Azita Daghestani et Isabella Boutin, cr\u00e9atrice de robes de mari\u00e9es\" data-rl_title=\"25. Azita Daghestani et Isabella Boutin, cr\u00e9atrice de robes de mari\u00e9es\" class=\"rl-gallery-link\" data-rl_caption=\"\" data-rel=\"lightbox-gallery-bGlnaHRib3gtZ2FsbGVyeS0w\" data-rl_><img loading=\"lazy\" decoding=\"async\" width=\"900\" height=\"600\" data-lazy-type=\"image\" src=\"https:\/\/www.europesays.com\/fr\/wp-content\/uploads\/2025\/05\/25-Galerie-Bettand-MS.jpg\" class=\"lazy lazy-hidden attachment-large size-large\" alt=\"\" aria-describedby=\"gallery--159165\"  \/><\/a><\/p>\n<p>\n                                25. Azita Daghestani et Isabella Boutin, cr\u00e9atrice de robes de mari\u00e9es  <\/p>\n<p>                                <a href=\"https:\/\/www.europesays.com\/fr\/wp-content\/uploads\/2025\/05\/26-Galerie-Bettand-MS.jpg\" title=\"26. Emmanuelle et Bernard Chervet\" data-rl_title=\"26. Emmanuelle et Bernard Chervet\" class=\"rl-gallery-link\" data-rl_caption=\"\" data-rel=\"lightbox-gallery-bGlnaHRib3gtZ2FsbGVyeS0w\" data-rl_><img loading=\"lazy\" decoding=\"async\" width=\"900\" height=\"600\" data-lazy-type=\"image\" src=\"https:\/\/www.europesays.com\/fr\/wp-content\/uploads\/2025\/05\/26-Galerie-Bettand-MS.jpg\" class=\"lazy lazy-hidden attachment-large size-large\" alt=\"\" aria-describedby=\"gallery--159166\"  \/><\/a><\/p>\n<p>\n                                26. Emmanuelle et Bernard Chervet <\/p>\n<p><br style=\"clear: both\"\/><\/p>\n<p>                                <a href=\"https:\/\/www.europesays.com\/fr\/wp-content\/uploads\/2025\/05\/27-Galerie-Bettan-Camoin-MS.jpg\" title=\"27. Charles Camoin 1879-1965\" data-rl_title=\"27. Charles Camoin 1879-1965\" class=\"rl-gallery-link\" data-rl_caption=\"\" data-rel=\"lightbox-gallery-bGlnaHRib3gtZ2FsbGVyeS0w\" data-rl_><img loading=\"lazy\" decoding=\"async\" width=\"900\" height=\"600\" data-lazy-type=\"image\" src=\"https:\/\/www.europesays.com\/fr\/wp-content\/uploads\/2025\/05\/27-Galerie-Bettan-Camoin-MS.jpg\" class=\"lazy lazy-hidden attachment-large size-large\" alt=\"\" aria-describedby=\"gallery--159167\"  \/><\/a><\/p>\n<p>\n                                27. Charles Camoin 1879-1965<\/p>\n<p>                                <a href=\"https:\/\/www.europesays.com\/fr\/wp-content\/uploads\/2025\/05\/29-Galerie-Bettand-MS.jpg\" title=\"28. Charles Camoin 1879-1965\" data-rl_title=\"28. Charles Camoin 1879-1965\" class=\"rl-gallery-link\" data-rl_caption=\"\" data-rel=\"lightbox-gallery-bGlnaHRib3gtZ2FsbGVyeS0w\" data-rl_><img loading=\"lazy\" decoding=\"async\" width=\"900\" height=\"600\" data-lazy-type=\"image\" src=\"https:\/\/www.europesays.com\/fr\/wp-content\/uploads\/2025\/05\/29-Galerie-Bettand-MS.jpg\" class=\"lazy lazy-hidden attachment-large size-large\" alt=\"\" aria-describedby=\"gallery--159169\"  \/><\/a><\/p>\n<p>\n                                28. Charles Camoin 1879-1965<\/p>\n<p><br style=\"clear: both\"\/><\/p>\n<p>                                <a href=\"https:\/\/www.europesays.com\/fr\/wp-content\/uploads\/2025\/05\/48-Galerie-Bettand-MS.jpg\" title=\"29. Les amateurs d\u2019art \u00e9taient au rendez-vous\" data-rl_title=\"29. Les amateurs d\u2019art \u00e9taient au rendez-vous\" class=\"rl-gallery-link\" data-rl_caption=\"\" data-rel=\"lightbox-gallery-bGlnaHRib3gtZ2FsbGVyeS0w\" data-rl_><img loading=\"lazy\" decoding=\"async\" width=\"900\" height=\"600\" data-lazy-type=\"image\" src=\"https:\/\/www.europesays.com\/fr\/wp-content\/uploads\/2025\/05\/48-Galerie-Bettand-MS.jpg\" class=\"lazy lazy-hidden attachment-large size-large\" alt=\"\" aria-describedby=\"gallery--159170\"  \/><\/a><\/p>\n<p>\n                                29. Les amateurs d\u2019art \u00e9taient au rendez-vous <\/p>\n<p>                                <a href=\"https:\/\/www.europesays.com\/fr\/wp-content\/uploads\/2025\/05\/49-Galerie-Bettand-MS.jpg\" title=\"30. La galerie de la rue Auguste Comte\" data-rl_title=\"30. La galerie de la rue Auguste Comte\" class=\"rl-gallery-link\" data-rl_caption=\"\" data-rel=\"lightbox-gallery-bGlnaHRib3gtZ2FsbGVyeS0w\" data-rl_><img loading=\"lazy\" decoding=\"async\" width=\"900\" height=\"600\" data-lazy-type=\"image\" src=\"https:\/\/www.europesays.com\/fr\/wp-content\/uploads\/2025\/05\/49-Galerie-Bettand-MS.jpg\" class=\"lazy lazy-hidden attachment-large size-large\" alt=\"\" aria-describedby=\"gallery--159171\"  \/><\/a><\/p>\n<p>\n                                30. La galerie de la rue Auguste Comte <\/p>\n<p><br style=\"clear: both\"\/><\/p>\n<p>                                <a href=\"https:\/\/www.europesays.com\/fr\/wp-content\/uploads\/2025\/05\/73-Galerie-Bettand-MS.jpg\" title=\"31. Le galeriste Philippe Bettan et Marco Polisson, r\u00e9dacteur en chef Lyon People\" data-rl_title=\"31. Le galeriste Philippe Bettan et Marco Polisson, r\u00e9dacteur en chef Lyon People\" class=\"rl-gallery-link\" data-rl_caption=\"\" data-rel=\"lightbox-gallery-bGlnaHRib3gtZ2FsbGVyeS0w\" data-rl_><img loading=\"lazy\" decoding=\"async\" width=\"900\" height=\"600\" data-lazy-type=\"image\" src=\"https:\/\/www.europesays.com\/fr\/wp-content\/uploads\/2025\/05\/73-Galerie-Bettand-MS.jpg\" class=\"lazy lazy-hidden attachment-large size-large\" alt=\"\" aria-describedby=\"gallery--159172\"  \/><\/a><\/p>\n<p>\n                                31. Le galeriste Philippe Bettan et Marco Polisson, r\u00e9dacteur en chef Lyon People<\/p>\n<p>                                <a href=\"https:\/\/www.europesays.com\/fr\/wp-content\/uploads\/2025\/05\/80-Galerie-Bettand-MS.jpg\" title=\"32. Azita Daghestani et Isabella Boutin, cr\u00e9atrice de robes de mari\u00e9es\" data-rl_title=\"32. Azita Daghestani et Isabella Boutin, cr\u00e9atrice de robes de mari\u00e9es\" class=\"rl-gallery-link\" data-rl_caption=\"\" data-rel=\"lightbox-gallery-bGlnaHRib3gtZ2FsbGVyeS0w\" data-rl_><img loading=\"lazy\" decoding=\"async\" width=\"900\" height=\"600\" data-lazy-type=\"image\" src=\"https:\/\/www.europesays.com\/fr\/wp-content\/uploads\/2025\/05\/80-Galerie-Bettand-MS.jpg\" class=\"lazy lazy-hidden attachment-large size-large\" alt=\"\" aria-describedby=\"gallery--159174\"  \/><\/a><\/p>\n<p>\n                                32. Azita Daghestani et Isabella Boutin, cr\u00e9atrice de robes de mari\u00e9es  <\/p>\n<p><br style=\"clear: both\"\/><\/p>\n","protected":false},"excerpt":{"rendered":"Photos \u00a9 Saby Maviel pour Lyon People Texte\u00a0: Christian Mure \u2013 Philippe Bettan se montrant digne de la&hellip;\n","protected":false},"author":2,"featured_media":88745,"comment_status":"","ping_status":"","sticky":false,"template":"","format":"standard","meta":{"footnotes":""},"categories":[1889],"tags":[4257,1111,47,11,2430,1777,674,1011,27,19893,2428,12,25],"class_list":{"0":"post-88744","1":"post","2":"type-post","3":"status-publish","4":"format-standard","5":"has-post-thumbnail","7":"category-lyon","8":"tag-0top","9":"tag-actu","10":"tag-actualite","11":"tag-actualites","12":"tag-auvergne-rhone-alpes","13":"tag-eu","14":"tag-europe","15":"tag-fr","16":"tag-france","17":"tag-galerie-philippe-bettan","18":"tag-lyon","19":"tag-news","20":"tag-republique-francaise"},"share_on_mastodon":{"url":"https:\/\/pubeurope.com\/@fr\/114482232141323328","error":""},"_links":{"self":[{"href":"https:\/\/www.europesays.com\/fr\/wp-json\/wp\/v2\/posts\/88744","targetHints":{"allow":["GET"]}}],"collection":[{"href":"https:\/\/www.europesays.com\/fr\/wp-json\/wp\/v2\/posts"}],"about":[{"href":"https:\/\/www.europesays.com\/fr\/wp-json\/wp\/v2\/types\/post"}],"author":[{"embeddable":true,"href":"https:\/\/www.europesays.com\/fr\/wp-json\/wp\/v2\/users\/2"}],"replies":[{"embeddable":true,"href":"https:\/\/www.europesays.com\/fr\/wp-json\/wp\/v2\/comments?post=88744"}],"version-history":[{"count":0,"href":"https:\/\/www.europesays.com\/fr\/wp-json\/wp\/v2\/posts\/88744\/revisions"}],"wp:featuredmedia":[{"embeddable":true,"href":"https:\/\/www.europesays.com\/fr\/wp-json\/wp\/v2\/media\/88745"}],"wp:attachment":[{"href":"https:\/\/www.europesays.com\/fr\/wp-json\/wp\/v2\/media?parent=88744"}],"wp:term":[{"taxonomy":"category","embeddable":true,"href":"https:\/\/www.europesays.com\/fr\/wp-json\/wp\/v2\/categories?post=88744"},{"taxonomy":"post_tag","embeddable":true,"href":"https:\/\/www.europesays.com\/fr\/wp-json\/wp\/v2\/tags?post=88744"}],"curies":[{"name":"wp","href":"https:\/\/api.w.org\/{rel}","templated":true}]}}