{"id":88746,"date":"2025-05-10T06:56:22","date_gmt":"2025-05-10T06:56:22","guid":{"rendered":"https:\/\/www.europesays.com\/fr\/88746\/"},"modified":"2025-05-10T06:56:22","modified_gmt":"2025-05-10T06:56:22","slug":"pres-de-lyon-il-fait-vivre-lenfer-a-sa-voisine-a-cause-de-voix-dans-sa-tete","status":"publish","type":"post","link":"https:\/\/www.europesays.com\/fr\/88746\/","title":{"rendered":"Pr\u00e8s de Lyon. Il fait vivre l&rsquo;enfer \u00e0 sa voisine \u00e0 cause de \u00ab\u00a0voix dans sa t\u00eate\u00a0\u00bb"},"content":{"rendered":"<p>            Par<br \/>\n        <strong><br \/>\n            <a href=\"https:\/\/actu.fr\/auteur\/redaction-lyon\" title=\"Consulter tous les articles de R\u00e9daction Lyon\" rel=\"nofollow noopener\" target=\"_blank\">R\u00e9daction Lyon<\/a><br \/>\n        <\/strong><\/p>\n<p>        Publi\u00e9 le<\/p>\n<p>            10 mai 2025 \u00e0 7h06        <\/p>\n<p>Le tribunal correctionnel de Lyon a prononc\u00e9 l\u2019hospitalisation d\u2019office d\u2019un jeune schizophr\u00e8ne de Saint-Symphorien-d\u2019Ozon (Rh\u00f4ne), pr\u00e8s de <a href=\"https:\/\/actu.fr\/lyon\/\" rel=\"nofollow noopener\" target=\"_blank\">Lyon<\/a>, qui avait mis le feu \u00e0 la maison de sa voisine pour faire taire les petites \u00ab\u00a0voix\u00a0\u00bb qu\u2019il entendait.<\/p>\n<p>Des voix dans sa t\u00eate lui disaient de mettre le feu<\/p>\n<p class=\" wall-content\">Le 2 mars 2025, \u00e0 l\u2019arriv\u00e9e des pompiers et gendarmes, les t\u00e9moins avaient vite point\u00e9 du doigt Cihat XXX, un jeune de 24 ans qui vit chez ses parents dans une maison voisine. Interpell\u00e9, il avait tout de suite reconnu les faits : il avait \u00ab\u00a0entendu des voix dans sa t\u00eate qui lui disaient de mettre le feu\u00a0\u00bb et s\u2019\u00e9tait ex\u00e9cut\u00e9 pour les \u00ab\u00a0faire taire\u00a0\u00bb.<\/p>\n<p class=\" wall-content\">Le matin des faits, il avait donc achet\u00e9 de l\u2019essence \u00e0 la station-service de la commune, avant d\u2019asperger les deux v\u00e9hicules de ses voisines, mais aussi les murs de leur habitation. Au total, <strong>cinq d\u00e9parts de feux seront recens\u00e9s<\/strong>, notamment dans le \u00ab\u00a0garage\u00a0\u00bb et \u00e0 \u00ab\u00a0l\u2019arri\u00e8re de la maison\u00a0\u00bb. Pour ces faits, le jeune homme a donc \u00e9t\u00e9 jug\u00e9 ce mardi 29 avril 2025 en comparution imm\u00e9diate au tribunal correctionnel de Lyon.<\/p>\n<p class=\" wall-content\">Un psychiatre avait toutefois conclu \u00e0 \u00ab\u00a0l\u2019abolition de son discernement\u00a0\u00bb, au moment des faits, en raison de sa \u00ab\u00a0schizophr\u00e9nie\u00a0\u00bb : depuis plus d\u2019un an, le jeune homme souffre \u00ab\u00a0d\u2019hallucinations r\u00e9p\u00e9t\u00e9es\u00a0\u00bb. \u00ab\u00a0Une <strong>voix se moque de lui, l\u2019insulte<\/strong> et le menace\u00a0\u00bb, explique son avocat. Il lui \u00e9tait par exemple arriv\u00e9 de se \u00ab\u00a0couper les pieds car les voix se moquaient de ses pieds\u00a0\u00bb. Une hospitalisation serait \u00ab\u00a0n\u00e9cessaire\u00a0\u00bb, en avait donc conclu le psychiatre.<\/p>\n<p>Il voulait \u00ab\u00a0faire peur\u00a0\u00bb \u00e0 sa voisine<\/p>\n<p class=\" wall-content\">\u00ab\u00a0Je serai d\u2019accord, m\u00eame si \u00e7a va mieux et que je n\u2019entends plus les voix\u00a0\u00bb, a fait savoir le suspect d\u00e8s le d\u00e9but de son proc\u00e8s. Il avait \u00e9galement profit\u00e9 de l\u2019occasion pour pr\u00e9senter ses \u00ab\u00a0excuses\u00a0\u00bb \u00e0 sa voisine, assurant avoir \u00ab\u00a0appris la le\u00e7on\u00a0\u00bb et \u00ab\u00a0ne plus jamais refaire \u00e7a\u00a0\u00bb.<\/p>\n<p class=\" wall-content\">Mais Hafida XXX reste <strong>tr\u00e8s marqu\u00e9e par cet incendie<\/strong> : elle ne comprend pas cette \u00ab\u00a0haine\u00a0\u00bb du jeune homme \u00e0 son \u00e9gard. \u00ab\u00a0Ce n\u2019est pas la premi\u00e8re fois, <strong>il a d\u00e9j\u00e0 cass\u00e9 ma voiture<\/strong> et celle de ma fille\u00a0\u00bb, a-t-elle fait observer au tribunal correctionnel de Lyon.<\/p>\n<p>\u00ab\u00a0Je ne comprends pas cette obsession pour moi\u00a0\u00bb<\/p>\n<p class=\" wall-content\">\u00ab\u00a0Je ne comprends pas cette obsession pour moi\u00a0\u00bb, a-t-elle donc souffl\u00e9. \u00ab\u00a0Qu\u2019est-ce qui me dit que, demain, il ne viendra pas faire pire ? Comment je peux vivre \u00e0 c\u00f4t\u00e9 de quelqu\u2019un qui me veut du mal ?\u00a0\u00bb.<\/p>\n<p class=\" wall-content\">Il y a en effet chez Cihat XXX \u00ab\u00a0une volont\u00e9 de maximiser les dommages\u00a0\u00bb, a confirm\u00e9 l\u2019avocate de la partie civile. Heureusement, \u00ab\u00a0personne n\u2019\u00e9tait pr\u00e9sent au moment des faits\u00a0\u00bb mais sa cliente reste \u00ab\u00a0traumatis\u00e9e\u00a0\u00bb. Elle doit d\u2019ailleurs dormir chez sa fille depuis l\u2019incendie : l\u2019\u00e9lectricit\u00e9 de sa maison a \u00e9t\u00e9 enti\u00e8rement coup\u00e9e.<\/p>\n<p>Ses parents ont pr\u00e9vu de d\u00e9m\u00e9nager<\/p>\n<p class=\" wall-content\">Au moment des faits,\u00a0Cihat XXX \u00e9tait en fait tiraill\u00e9 entre \u00ab\u00a0deux voix\u00a0\u00bb, a d\u00e9taill\u00e9 son avocat : des \u00ab\u00a0voix de femmes m\u00e9chantes\u00a0\u00bb qu\u2019il assimilait \u00e0 celles de ses voisines, mais aussi des \u00ab\u00a0voix d\u2019hommes\u00a0\u00bb qui le sommaient de \u00ab\u00a0br\u00fbler chez la voisine\u00a0\u00bb pour que les premi\u00e8res s\u2019arr\u00eatent\u2026 Son client voulait donc <strong>\u00ab\u00a0faire peur \u00e0 la voisine pour que les voix s\u2019arr\u00eatent\u00a0\u00bb.<\/strong><\/p>\n<p class=\" wall-content\">Le jeune homme, sans emploi, a finalement \u00e9t\u00e9 d\u00e9clar\u00e9 \u00ab\u00a0p\u00e9nalement irresponsable\u00a0\u00bb et a \u00e9t\u00e9 intern\u00e9 d\u2019office par le tribunal correctionnel de Lyon. \u00c0 sa sortie et pendant les trois ann\u00e9es suivantes, il aura interdiction de porter une arme, d\u2019entrer en contact avec la plaignante et de remettre les pieds \u00e0 Saint-Symphorien-d\u2019Ozon. Ses parents ont de toute fa\u00e7on pr\u00e9vu de \u00ab\u00a0d\u00e9m\u00e9nager\u00a0\u00bb, a annonc\u00e9 son avocat.<\/p>\n<p class=\" wall-content\">La question de l\u2019indemnisation de la victime, elle, devra \u00eatre tranch\u00e9e dans quelques semaines.<\/p>\n<p class=\" wall-content\"><strong>MJ (PressPepper)<\/strong><\/p>\n<p class=\" wall-content\">Suivez toute l\u2019actualit\u00e9 de vos villes et m\u00e9dias favoris en vous inscrivant \u00e0 <a href=\"https:\/\/moncompte.actu.fr\" title=\"D\u00e9couvez Mon Actu\" rel=\"nofollow noopener\" data-trk=\"{&quot;cta&quot;:{&quot;action&quot;:&quot;https:\\\/\\\/moncompte.actu.fr&quot;,&quot;category&quot;:&quot;mon compte&quot;,&quot;from&quot;:&quot;article footer&quot;,&quot;name&quot;:&quot;Mon actu&quot;,&quot;type&quot;:&quot;cta&quot;}}\" target=\"_blank\">Mon Actu<\/a>.<\/p>\n","protected":false},"excerpt":{"rendered":"Par R\u00e9daction Lyon Publi\u00e9 le 10 mai 2025 \u00e0 7h06 Le tribunal correctionnel de Lyon a prononc\u00e9 l\u2019hospitalisation&hellip;\n","protected":false},"author":2,"featured_media":88747,"comment_status":"","ping_status":"","sticky":false,"template":"","format":"standard","meta":{"footnotes":""},"categories":[1889],"tags":[1111,11,2430,1777,674,118,1011,27,1310,303,2428,12,25],"class_list":{"0":"post-88746","1":"post","2":"type-post","3":"status-publish","4":"format-standard","5":"has-post-thumbnail","7":"category-lyon","8":"tag-actu","9":"tag-actualites","10":"tag-auvergne-rhone-alpes","11":"tag-eu","12":"tag-europe","13":"tag-faits-divers","14":"tag-fr","15":"tag-france","16":"tag-incendie","17":"tag-justice","18":"tag-lyon","19":"tag-news","20":"tag-republique-francaise"},"share_on_mastodon":{"url":"https:\/\/pubeurope.com\/@fr\/114482235563604394","error":""},"_links":{"self":[{"href":"https:\/\/www.europesays.com\/fr\/wp-json\/wp\/v2\/posts\/88746","targetHints":{"allow":["GET"]}}],"collection":[{"href":"https:\/\/www.europesays.com\/fr\/wp-json\/wp\/v2\/posts"}],"about":[{"href":"https:\/\/www.europesays.com\/fr\/wp-json\/wp\/v2\/types\/post"}],"author":[{"embeddable":true,"href":"https:\/\/www.europesays.com\/fr\/wp-json\/wp\/v2\/users\/2"}],"replies":[{"embeddable":true,"href":"https:\/\/www.europesays.com\/fr\/wp-json\/wp\/v2\/comments?post=88746"}],"version-history":[{"count":0,"href":"https:\/\/www.europesays.com\/fr\/wp-json\/wp\/v2\/posts\/88746\/revisions"}],"wp:featuredmedia":[{"embeddable":true,"href":"https:\/\/www.europesays.com\/fr\/wp-json\/wp\/v2\/media\/88747"}],"wp:attachment":[{"href":"https:\/\/www.europesays.com\/fr\/wp-json\/wp\/v2\/media?parent=88746"}],"wp:term":[{"taxonomy":"category","embeddable":true,"href":"https:\/\/www.europesays.com\/fr\/wp-json\/wp\/v2\/categories?post=88746"},{"taxonomy":"post_tag","embeddable":true,"href":"https:\/\/www.europesays.com\/fr\/wp-json\/wp\/v2\/tags?post=88746"}],"curies":[{"name":"wp","href":"https:\/\/api.w.org\/{rel}","templated":true}]}}