{"id":88748,"date":"2025-05-10T06:57:42","date_gmt":"2025-05-10T06:57:42","guid":{"rendered":"https:\/\/www.europesays.com\/fr\/88748\/"},"modified":"2025-05-10T06:57:42","modified_gmt":"2025-05-10T06:57:42","slug":"gregoire-de-lasteyrie-promu-vice-president-de-la-region-ile-de-france-en-charge-des-transports","status":"publish","type":"post","link":"https:\/\/www.europesays.com\/fr\/88748\/","title":{"rendered":"Gr\u00e9goire de Lasteyrie promu vice-pr\u00e9sident de la R\u00e9gion \u00cele-de-France en charge des Transports"},"content":{"rendered":"<p>            Par<br \/>\n        <strong><br \/>\n            <a href=\"https:\/\/actu.fr\/auteur\/redaction-essonne\" title=\"Consulter tous les articles de R\u00e9daction Essonne\" rel=\"nofollow noopener\" target=\"_blank\">R\u00e9daction Essonne<\/a><br \/>\n        <\/strong><\/p>\n<p>        Publi\u00e9 le<\/p>\n<p>            3 oct. 2024 \u00e0 6h28        <\/p>\n<p>Les <a href=\"https:\/\/actu.fr\/tag\/transport\" rel=\"nofollow noopener\" target=\"_blank\">transports<\/a> seraient-ils une sp\u00e9cialit\u00e9 d\u2019\u00e9lus de l\u2019<a href=\"https:\/\/actu.fr\/essonne\/\" rel=\"nofollow noopener\" target=\"_blank\">Essonne<\/a>\u2009? Le 26\u00a0septembre 2024, quelques jours apr\u00e8s la <a href=\"https:\/\/actu.fr\/politique\/francois-durovray-nomme-ministre-delegue-aux-transports-un-domaine-qu-il-connait-bien_61639247.html\" rel=\"nofollow noopener\" target=\"_blank\">nomination du pr\u00e9sident du D\u00e9partement, Fran\u00e7ois Durovray,<\/a> en tant que ministre d\u00e9l\u00e9gu\u00e9 aux Transports, <strong>Gr\u00e9goire de Lasteyrie<\/strong> a \u00e9t\u00e9 <strong>\u00e9lu<\/strong> par l\u2019assembl\u00e9e pl\u00e9ni\u00e8re du conseil r\u00e9gional, <strong>vice-pr\u00e9sident<\/strong> de la<strong> R\u00e9gion \u00cele-de-France<\/strong> <strong>en charge des Transports.<\/strong><\/p>\n<p>Il remplace un autre \u00e9lu Essonnien<\/p>\n<p class=\" wall-content\">Sur la proposition de Val\u00e9rie P\u00e9cresse, la maire de Palaiseau et pr\u00e9sident de l\u2019agglom\u00e9ration <a href=\"https:\/\/actu.fr\/tag\/paris-saclay\" rel=\"nofollow noopener\" target=\"_blank\">Paris-Saclay<\/a> <strong>remplace un autre \u00e9lu de l\u2019Essonne,<\/strong> le maire d\u2019\u00c9vry-Courcouronnes, St\u00e9phane Beaudet qui occupait le poste depuis neuf ans.<\/p>\n<p class=\" wall-content\">D\u00e9j\u00e0 premier vice-Pr\u00e9sident d<a href=\"https:\/\/actu.fr\/tag\/ile-de-france-mobilites\" rel=\"nofollow noopener\" target=\"_blank\">\u2019\u00cele-de-France Mobilit\u00e9s<\/a> et d\u00e9l\u00e9gu\u00e9 sp\u00e9cial en charge des nouvelles mobilit\u00e9s depuis 2018, puis des mobilit\u00e9s durables, Gr\u00e9goire de Lasteyrie se voit confier un <strong>secteur strat\u00e9gique pour le quotidien des Franciliens<\/strong> et l\u2019avenir de la R\u00e9gion alors que plusieurs lignes du Grand Paris Express seront mises en service ces prochaines ann\u00e9es.<\/p>\n<p class=\" wall-content\">\u00ab<strong>\u2009Je sais les fortes attentes, l\u00e9gitimes,<\/strong> des Franciliens en mati\u00e8re de transports et de mobilit\u00e9\u00a0\u00bb, assure-t-il dans un communiqu\u00e9.<\/p>\n<p class=\" wall-content\">L\u2019\u00e9lu Horizons indique vouloir \u00ab\u2009contribuer \u00e0 rendre nos mobilit\u00e9s <strong>plus d\u00e9carbon\u00e9es, plus partag\u00e9es, plus inclusives et plus accessibles\u2009\u00bb<\/strong> \u00e0 travers \u00ab\u2009la mise en \u0153uvre de la r\u00e9volution des transports, le d\u00e9veloppement des mobilit\u00e9s douces ou l\u2019accompagnement de ceux qui n\u2019ont pas d\u2019autre choix que d\u2019utiliser une voiture\u2009\u00bb.<\/p>\n<p>Vid\u00e9os : en ce moment sur ActuJean-Philippe Dugoin-Cl\u00e9ment et St\u00e9phane Beaudet restent vice-pr\u00e9sidents<\/p>\n<p class=\" wall-content\">Son pr\u00e9d\u00e9cesseur, St\u00e9phane Beaudet, <strong>reste au sein de l\u2019ex\u00e9cutif r\u00e9gional<\/strong> en tant que vice-pr\u00e9sident en charge de l\u2019action internationale, des coop\u00e9rations d\u00e9centralis\u00e9es, du d\u00e9veloppement solidaire et de l\u2019aide humanitaire.<\/p>\n<p class=\" wall-content\">Le pr\u00e9sident d\u00e9l\u00e9gu\u00e9 de l\u2019agglom\u00e9ration Grand Paris Sud se verra \u00e9galement confier <strong>une mission \u00e0 \u00cele-de-France Mobilit\u00e9s<\/strong> sur la ligne S.<\/p>\n<p class=\" wall-content\">De son c\u00f4t\u00e9, le maire de Mennecy, <strong>Jean-Philippe Dugoin-Cl\u00e9ment<\/strong> (UDI), a \u00e9t\u00e9 reconduit dans ses fonctions de vice-pr\u00e9sident en charge du logement, de l\u2019am\u00e9nagement durable du territoire et du SDRIF-E.<\/p>\n<p class=\" wall-content\">En fin, deux \u00e9lues essonniennes h\u00e9ritent de<strong> postes de d\u00e9l\u00e9gu\u00e9s sp\u00e9ciaux<\/strong>\u2009: la maire de Morsang-sur-Orge, Marianne Duranton, sur le sujet des mobilit\u00e9s durables et Faten Hidri, adjointe au maire de Draveil, sur le sujet de l\u2019\u00e9ducation artistique et culturelle.<\/p>\n<p class=\" wall-content\">Suivez toute l\u2019actualit\u00e9 de vos villes et m\u00e9dias favoris en vous inscrivant \u00e0 <a href=\"https:\/\/moncompte.actu.fr\" title=\"D\u00e9couvez Mon Actu\" rel=\"nofollow noopener\" data-trk=\"{&quot;cta&quot;:{&quot;action&quot;:&quot;https:\\\/\\\/moncompte.actu.fr&quot;,&quot;category&quot;:&quot;mon compte&quot;,&quot;from&quot;:&quot;article footer&quot;,&quot;name&quot;:&quot;Mon actu&quot;,&quot;type&quot;:&quot;cta&quot;}}\" target=\"_blank\">Mon Actu<\/a>.<\/p>\n","protected":false},"excerpt":{"rendered":"Par R\u00e9daction Essonne Publi\u00e9 le 3 oct. 2024 \u00e0 6h28 Les transports seraient-ils une sp\u00e9cialit\u00e9 d\u2019\u00e9lus de l\u2019Essonne\u2009?&hellip;\n","protected":false},"author":2,"featured_media":88749,"comment_status":"","ping_status":"","sticky":false,"template":"","format":"standard","meta":{"footnotes":""},"categories":[1592],"tags":[1111,11,1777,674,1011,27,662,10883,12,626,19894,25,104,2803],"class_list":{"0":"post-88748","1":"post","2":"type-post","3":"status-publish","4":"format-standard","5":"has-post-thumbnail","7":"category-ile-de-france","8":"tag-actu","9":"tag-actualites","10":"tag-eu","11":"tag-europe","12":"tag-fr","13":"tag-france","14":"tag-ile-de-france","15":"tag-ile-de-france-mobilites","16":"tag-news","17":"tag-paris","18":"tag-paris-saclay","19":"tag-republique-francaise","20":"tag-societe","21":"tag-transport"},"share_on_mastodon":{"url":"https:\/\/pubeurope.com\/@fr\/114482239441294541","error":""},"_links":{"self":[{"href":"https:\/\/www.europesays.com\/fr\/wp-json\/wp\/v2\/posts\/88748","targetHints":{"allow":["GET"]}}],"collection":[{"href":"https:\/\/www.europesays.com\/fr\/wp-json\/wp\/v2\/posts"}],"about":[{"href":"https:\/\/www.europesays.com\/fr\/wp-json\/wp\/v2\/types\/post"}],"author":[{"embeddable":true,"href":"https:\/\/www.europesays.com\/fr\/wp-json\/wp\/v2\/users\/2"}],"replies":[{"embeddable":true,"href":"https:\/\/www.europesays.com\/fr\/wp-json\/wp\/v2\/comments?post=88748"}],"version-history":[{"count":0,"href":"https:\/\/www.europesays.com\/fr\/wp-json\/wp\/v2\/posts\/88748\/revisions"}],"wp:featuredmedia":[{"embeddable":true,"href":"https:\/\/www.europesays.com\/fr\/wp-json\/wp\/v2\/media\/88749"}],"wp:attachment":[{"href":"https:\/\/www.europesays.com\/fr\/wp-json\/wp\/v2\/media?parent=88748"}],"wp:term":[{"taxonomy":"category","embeddable":true,"href":"https:\/\/www.europesays.com\/fr\/wp-json\/wp\/v2\/categories?post=88748"},{"taxonomy":"post_tag","embeddable":true,"href":"https:\/\/www.europesays.com\/fr\/wp-json\/wp\/v2\/tags?post=88748"}],"curies":[{"name":"wp","href":"https:\/\/api.w.org\/{rel}","templated":true}]}}