{"id":88767,"date":"2025-05-10T07:07:09","date_gmt":"2025-05-10T07:07:09","guid":{"rendered":"https:\/\/www.europesays.com\/fr\/88767\/"},"modified":"2025-05-10T07:07:09","modified_gmt":"2025-05-10T07:07:09","slug":"allemagne-un-train-ice-rate-larret-en-gare","status":"publish","type":"post","link":"https:\/\/www.europesays.com\/fr\/88767\/","title":{"rendered":"Allemagne . Un train ICE rate l&rsquo;arr\u00eat en gare"},"content":{"rendered":"<p>Il peut arriver que des voyageurs distraits ratent leur train. Mais qu&rsquo;un train rate l&rsquo;arr\u00eat en gare, c&rsquo;est plus rare ! Et pourtant ce jeudi 8 mai un train ICE de la Deutsche Bahn a tout simplement travers\u00e9 la gare de G\u00fcnzburg en Bavi\u00e8re en \u00ab\u00a0oubliant\u00a0\u00bb de s&rsquo;arr\u00eater !<\/p>\n<p>Ce contenu est bloqu\u00e9 car vous n&rsquo;avez pas accept\u00e9 les cookies et autres traceurs.<\/p>\n<p>En cliquant sur \u00ab J\u2019accepte \u00bb, les cookies et autres traceurs seront d\u00e9pos\u00e9s et vous pourrez visualiser les contenus  (<a href=\"\" class=\"consentModule_policy\" target=\"_blank\" title=\"Consulter la politique de protection des donn\u00e9es du fournisseur\">plus d&rsquo;informations<\/a>).<\/p>\n<p>En cliquant sur \u00ab J\u2019accepte tous les cookies \u00bb, vous autorisez des d\u00e9p\u00f4ts de cookies et autres traceurs pour le stockage de vos donn\u00e9es sur nos sites et applications \u00e0 des fins de personnalisation et de ciblage publicitaire.<\/p>\n<p class=\"consentModule_secondaryText\">Vous gardez la possibilit\u00e9 de retirer votre consentement \u00e0 tout moment en consultant notre <a href=\"https:\/\/www.lalsace.fr\/protection-des-donnees\" target=\"_blank\" title=\"Consulter notre politique de protection des donn\u00e9es\" rel=\"nofollow noopener\">politique de protection des donn\u00e9es<\/a>. <br \/>&#13;<br \/>\n            <a href=\"https:\/\/www.lalsace.fr\/insolite\/2025\/05\/10\/javascript:Didomi.notice.show()\" class=\"consentModule_cmp\" rel=\"nofollow noopener\" target=\"_blank\">G\u00e9rer mes choix<\/a>&#13;\n        <\/p>\n<p>&#13;<br \/>\n                        J&rsquo;accepte&#13;<br \/>\n            J&rsquo;accepte tous les cookies&#13;\n        <\/p>\n<p><a href=\"https:\/\/www.tagesschau.de\/inland\/regional\/badenwuerttemberg\/swr-guenzburg-ice-faehrt-einfach-durch-bahnhof-100.html?t=%7Bseek_to_second_number%7D\" target=\"_blank\" rel=\"nofollow noopener\">R\u00e9v\u00e9l\u00e9 par la presse allemande,<\/a> l&rsquo;incident a \u00e9t\u00e9 confirm\u00e9 par la Deutsche Bahn qui a pr\u00e9sent\u00e9 ses excuses aux passagers qui devaient descendre dans cette gare, dont des familles qui voulaient se rendre au c\u00e9l\u00e8bre parc d&rsquo;attraction Legoland situ\u00e9 dans cette ville de Souabe.<\/p>\n<p>Un \u00ab\u00a0d\u00e9faut de signalisation\u00a0\u00bb en cause<\/p>\n<p>La Deutsche Bahn \u00e9voque un d\u00e9faut de signalisation: le conducteur de la locomotive n&rsquo;aurait pas eu le feu rouge lui indiquant qu&rsquo;un arr\u00eat s&rsquo;imposait.<\/p>\n<p>Selon certains m\u00e9dias allemands, un incident identique ce serait produit le lundi de la m\u00eame semaine, ce que n&rsquo;a pas confirm\u00e9 la DB.<\/p>\n<p>La\u00a0Deutsche Bahn dans la tourmente<\/p>\n<p>Outre Rhin, cette histoire fait les choux gras de la presse et alimente les sarcasmes \u00e0 propos de la Deutsche Bahn qui est d\u00e9j\u00e0 objet de vives critiques en raison des <a href=\"https:\/\/www.lalsace.fr\/transport\/2025\/04\/29\/trop-souvent-en-retard-des-trains-allemands-desormais-stoppes-en-gare-frontiere-de-bale\" target=\"_blank\" rel=\"nofollow noopener\">retards quasiment chroniques<\/a> qui affectent les trains.<\/p>\n","protected":false},"excerpt":{"rendered":"Il peut arriver que des voyageurs distraits ratent leur train. Mais qu&rsquo;un train rate l&rsquo;arr\u00eat en gare, c&rsquo;est&hellip;\n","protected":false},"author":2,"featured_media":88768,"comment_status":"","ping_status":"","sticky":false,"template":"","format":"standard","meta":{"footnotes":""},"categories":[1587],"tags":[11,672,1804,1805,1803,1777,674,107,329,1801,1757,12,1802,1806],"class_list":{"0":"post-88767","1":"post","2":"type-post","3":"status-publish","4":"format-standard","5":"has-post-thumbnail","7":"category-allemagne","8":"tag-actualites","9":"tag-allemagne","10":"tag-bundesrepublik-deutschland","11":"tag-de","12":"tag-deutschland","13":"tag-eu","14":"tag-europe","15":"tag-fil-info","16":"tag-france-monde","17":"tag-germany","18":"tag-insolite","19":"tag-news","20":"tag-republique-federale-dallemagne","21":"tag-rheinblick"},"share_on_mastodon":{"url":"https:\/\/pubeurope.com\/@fr\/114482278768753515","error":""},"_links":{"self":[{"href":"https:\/\/www.europesays.com\/fr\/wp-json\/wp\/v2\/posts\/88767","targetHints":{"allow":["GET"]}}],"collection":[{"href":"https:\/\/www.europesays.com\/fr\/wp-json\/wp\/v2\/posts"}],"about":[{"href":"https:\/\/www.europesays.com\/fr\/wp-json\/wp\/v2\/types\/post"}],"author":[{"embeddable":true,"href":"https:\/\/www.europesays.com\/fr\/wp-json\/wp\/v2\/users\/2"}],"replies":[{"embeddable":true,"href":"https:\/\/www.europesays.com\/fr\/wp-json\/wp\/v2\/comments?post=88767"}],"version-history":[{"count":0,"href":"https:\/\/www.europesays.com\/fr\/wp-json\/wp\/v2\/posts\/88767\/revisions"}],"wp:featuredmedia":[{"embeddable":true,"href":"https:\/\/www.europesays.com\/fr\/wp-json\/wp\/v2\/media\/88768"}],"wp:attachment":[{"href":"https:\/\/www.europesays.com\/fr\/wp-json\/wp\/v2\/media?parent=88767"}],"wp:term":[{"taxonomy":"category","embeddable":true,"href":"https:\/\/www.europesays.com\/fr\/wp-json\/wp\/v2\/categories?post=88767"},{"taxonomy":"post_tag","embeddable":true,"href":"https:\/\/www.europesays.com\/fr\/wp-json\/wp\/v2\/tags?post=88767"}],"curies":[{"name":"wp","href":"https:\/\/api.w.org\/{rel}","templated":true}]}}