{"id":88783,"date":"2025-05-10T07:16:10","date_gmt":"2025-05-10T07:16:10","guid":{"rendered":"https:\/\/www.europesays.com\/fr\/88783\/"},"modified":"2025-05-10T07:16:10","modified_gmt":"2025-05-10T07:16:10","slug":"pronostic-lorenzo-musetti-brandon-nakashima-atp-rome","status":"publish","type":"post","link":"https:\/\/www.europesays.com\/fr\/88783\/","title":{"rendered":"Pronostic Lorenzo Musetti Brandon Nakashima &#8211; ATP Rome"},"content":{"rendered":"<p class=\"text-xs leading-5 text-gray-400 mb-2\">\n                        Publi\u00e9 le 09\/05\/2025 14:50<br \/>\n                        \u00a0par<br \/>\n                                                            <a href=\"https:\/\/www.sportytrader.com\/auteur\/leo-measson-54\/\" target=\"_blank\" rel=\"noopener\">L\u00e9o Measson<\/a><\/p>\n<p>                                                    |<br \/>\n                            Modifi\u00e9 le<br \/>\n                                09\/05\/2025<br \/>\n                                \u00e0 15:20<\/p>\n<p>                                                                                                            dans<br \/>\n                                <a data-trans=\"tips.published.competition %competition%\" href=\"https:\/\/www.sportytrader.com\/pronostics\/tennis\/atp\/rome-347\/\" target=\"_blank\" rel=\"noopener\"><br \/>\n                                    Pronostic ATP Rome<br \/>\n                                <\/a><\/p>\n<p>Quoi de mieux qu&rsquo;un Masters 1000 \u00e0 domicile pour le tout jeune top 10 Lorenzo Musetti pour asseoir sa domination dans le\u00a0tennis masculin\u00a0! Et l&rsquo;italien de 23 ans affrontera l&rsquo;am\u00e9ricain du m\u00eame \u00e2ge\u00a0Brandon Nakashima lors des 16e de finale de ce tournoi de Rome.<\/p>\n<p>Lorenzo Musetti, t\u00eate de s\u00e9rie num\u00e9ro 8, est m\u00e9connaissable sur les courts de tennis depuis le mois d&rsquo;avril. En effet, il a tout simplement \u00e9t\u00e9 exceptionnel dans le\u00a0premier Masters 1000 de la saison sur terre battue\u00a0puisqu&rsquo;il a enchain\u00e9 5 victoires cons\u00e9cutives \u00e0 Monte-Carlo en stoppant notamment Stefanos Tsitsipas et Alex De Minaur. Finaliste face au num\u00e9ro 3 mondial Carlos Alcaraz, il n&rsquo;est pas pass\u00e9 loin du titre sur le Rocher. Demi-finaliste ensuite \u00e0 Madrid face au top 5\u00a0Jack Draper, Lorenzo Musetti devrait avoir \u00e0 coeur de reproduire un parcours similaire ici devant son public.\u00a0<\/p>\n<p>Brandon Nakashima, \u00e9galement t\u00eate de s\u00e9rie num\u00e9ro 28, n&rsquo;a pas encore r\u00e9ellement foul\u00e9 la terre battue de ce tournoi italien puisqu&rsquo;il a b\u00e9n\u00e9fici\u00e9 du forfait de Jordan Thompson lors des 32e de finale. Auteur d&rsquo;une campagne bien moins int\u00e9ressante que son adversaire \u00e0 Monaco, o\u00f9 il a \u00e9t\u00e9 \u00e9limin\u00e9 d\u00e8s le premier tour, l&rsquo;am\u00e9ricain a ensuite \u00e9t\u00e9 stopp\u00e9 en 8e de finale par Daniil Medvedev.<\/p>\n","protected":false},"excerpt":{"rendered":"Publi\u00e9 le 09\/05\/2025 14:50 \u00a0par L\u00e9o Measson | Modifi\u00e9 le 09\/05\/2025 \u00e0 15:20 dans Pronostic ATP Rome Quoi&hellip;\n","protected":false},"author":2,"featured_media":88784,"comment_status":"","ping_status":"","sticky":false,"template":"","format":"standard","meta":{"footnotes":""},"categories":[1415],"tags":[19595,2031,1011,27,19896,1817,1821,60,1467],"class_list":{"0":"post-88783","1":"post","2":"type-post","3":"status-publish","4":"format-standard","5":"has-post-thumbnail","7":"category-tennis","8":"tag-atp-rome","9":"tag-brandon-nakashima","10":"tag-fr","11":"tag-france","12":"tag-lorenzo-musetti","13":"tag-pronostic","14":"tag-pronostics","15":"tag-sports","16":"tag-tennis"},"share_on_mastodon":{"url":"https:\/\/pubeurope.com\/@fr\/114482314120905514","error":""},"_links":{"self":[{"href":"https:\/\/www.europesays.com\/fr\/wp-json\/wp\/v2\/posts\/88783","targetHints":{"allow":["GET"]}}],"collection":[{"href":"https:\/\/www.europesays.com\/fr\/wp-json\/wp\/v2\/posts"}],"about":[{"href":"https:\/\/www.europesays.com\/fr\/wp-json\/wp\/v2\/types\/post"}],"author":[{"embeddable":true,"href":"https:\/\/www.europesays.com\/fr\/wp-json\/wp\/v2\/users\/2"}],"replies":[{"embeddable":true,"href":"https:\/\/www.europesays.com\/fr\/wp-json\/wp\/v2\/comments?post=88783"}],"version-history":[{"count":0,"href":"https:\/\/www.europesays.com\/fr\/wp-json\/wp\/v2\/posts\/88783\/revisions"}],"wp:featuredmedia":[{"embeddable":true,"href":"https:\/\/www.europesays.com\/fr\/wp-json\/wp\/v2\/media\/88784"}],"wp:attachment":[{"href":"https:\/\/www.europesays.com\/fr\/wp-json\/wp\/v2\/media?parent=88783"}],"wp:term":[{"taxonomy":"category","embeddable":true,"href":"https:\/\/www.europesays.com\/fr\/wp-json\/wp\/v2\/categories?post=88783"},{"taxonomy":"post_tag","embeddable":true,"href":"https:\/\/www.europesays.com\/fr\/wp-json\/wp\/v2\/tags?post=88783"}],"curies":[{"name":"wp","href":"https:\/\/api.w.org\/{rel}","templated":true}]}}