{"id":88812,"date":"2025-05-10T07:32:09","date_gmt":"2025-05-10T07:32:09","guid":{"rendered":"https:\/\/www.europesays.com\/fr\/88812\/"},"modified":"2025-05-10T07:32:09","modified_gmt":"2025-05-10T07:32:09","slug":"le-cbd-molecule-bien-etre-aux-effets-secondaires-sous-estimes-lanses-alerte-sur-un-danger-silencieux","status":"publish","type":"post","link":"https:\/\/www.europesays.com\/fr\/88812\/","title":{"rendered":"Le CBD, mol\u00e9cule bien-\u00eatre aux effets secondaires sous-estim\u00e9s ? L\u2019Anses alerte sur un danger silencieux"},"content":{"rendered":"<p>\t\t\t\t\t L\u2019Anses tire la sonnette d\u2019alarme sur la toxicit\u00e9 reproductive<\/p>\n<p class=\"\" data-start=\"807\" data-end=\"1064\">L\u2019<strong data-start=\"809\" data-end=\"851\">Agence nationale de s\u00e9curit\u00e9 sanitaire<\/strong> s\u2019appuie sur une s\u00e9rie d\u2019\u00e9tudes men\u00e9es chez l\u2019animal. Chez les rongeurs, les chercheurs ont mis en \u00e9vidence des <strong data-start=\"964\" data-end=\"1062\">effets significatifs du CBD sur la fertilit\u00e9, le d\u00e9veloppement du f\u0153tus et la sant\u00e9 postnatale<\/strong>.<\/p>\n<p class=\"\" data-start=\"1066\" data-end=\"1088\">Les donn\u00e9es montrent :<\/p>\n<ul data-start=\"1089\" data-end=\"1273\">\n<li data-start=\"1089\" data-end=\"1130\">Une <strong data-start=\"1095\" data-end=\"1130\">alt\u00e9ration de la spermatogen\u00e8se<\/strong><\/li>\n<li data-start=\"1089\" data-end=\"1130\">Une <strong data-start=\"1137\" data-end=\"1180\">augmentation de la mortalit\u00e9 p\u00e9rinatale<\/strong><\/li>\n<li data-start=\"1089\" data-end=\"1130\">Des <strong data-start=\"1187\" data-end=\"1229\">troubles du d\u00e9veloppement neurologique<\/strong><\/li>\n<li data-start=\"1089\" data-end=\"1130\">Un <strong data-start=\"1235\" data-end=\"1273\">retard de croissance intra-ut\u00e9rine<\/strong><\/li>\n<\/ul>\n<p class=\"\" data-start=\"1275\" data-end=\"1465\">Ces observations ont conduit l\u2019Anses \u00e0 recommander une classification du CBD en <strong data-start=\"1355\" data-end=\"1371\">cat\u00e9gorie 1B<\/strong>, c\u2019est-\u00e0-dire \u201cpr\u00e9sum\u00e9 toxique pour la reproduction humaine\u201d, avec les mentions de danger :<\/p>\n<ul data-start=\"1466\" data-end=\"1602\">\n<li data-start=\"1466\" data-end=\"1530\"><strong data-start=\"1468\" data-end=\"1478\">H360FD<\/strong> : Peut nuire \u00e0 la fertilit\u00e9. Peut nuire au f\u0153tus.<\/li>\n<li data-start=\"1466\" data-end=\"1530\"><strong data-start=\"1533\" data-end=\"1541\">H362<\/strong> : Peut \u00eatre nocif pour les b\u00e9b\u00e9s nourris au lait maternel.<\/li>\n<\/ul>\n<p> Une \u00e9tape cl\u00e9 dans le processus europ\u00e9en<\/p>\n<p class=\"\" data-start=\"1649\" data-end=\"1989\">Le dossier de l\u2019Anses a \u00e9t\u00e9 transmis \u00e0 l\u2019<strong data-start=\"1690\" data-end=\"1741\">Agence europ\u00e9enne des produits chimiques (ECHA)<\/strong>. Une <strong data-start=\"1747\" data-end=\"1772\">consultation publique<\/strong> est en cours jusqu\u2019au <strong data-start=\"1795\" data-end=\"1810\">16 mai 2025<\/strong>, ouverte aux chercheurs, industriels et associations. Elle permettra de recueillir des donn\u00e9es compl\u00e9mentaires avant une \u00e9ventuelle d\u00e9cision d\u2019application \u00e0 l\u2019\u00e9chelle europ\u00e9enne.<\/p>\n<p class=\"\" data-start=\"1991\" data-end=\"2045\">Si cette classification est adopt\u00e9e, elle impliquera :<\/p>\n<ul data-start=\"2046\" data-end=\"2275\">\n<li data-start=\"2046\" data-end=\"2109\">Un <strong data-start=\"2051\" data-end=\"2074\">\u00e9tiquetage renforc\u00e9<\/strong> pour les produits contenant du CBD<\/li>\n<li data-start=\"2046\" data-end=\"2109\">Des <strong data-start=\"2116\" data-end=\"2146\">contraintes r\u00e9glementaires<\/strong> pour son usage dans les cosm\u00e9tiques, aliments et compl\u00e9ments<\/li>\n<li data-start=\"2046\" data-end=\"2109\">Une <strong data-start=\"2214\" data-end=\"2252\">r\u00e9vision des all\u00e9gations marketing<\/strong> utilis\u00e9es actuellement<\/li>\n<\/ul>\n<p>Une mol\u00e9cule mal encadr\u00e9e, largement consomm\u00e9e<\/p>\n<p class=\"\" data-start=\"2328\" data-end=\"2612\">La notori\u00e9t\u00e9 du CBD repose sur <strong data-start=\"2359\" data-end=\"2416\">son image naturelle, non psychotrope, et d\u00e9stressante<\/strong>. Pourtant, ses effets r\u00e9els sur la sant\u00e9 humaine restent <strong data-start=\"2474\" data-end=\"2502\">partiellement document\u00e9s<\/strong>, notamment en ce qui concerne <strong data-start=\"2533\" data-end=\"2611\">les expositions prolong\u00e9es, les doses \u00e9lev\u00e9es ou les populations sensibles<\/strong>.<\/p>\n<p class=\"\" data-start=\"2614\" data-end=\"2910\">En France comme dans plusieurs pays europ\u00e9ens, <strong data-start=\"2661\" data-end=\"2706\">le statut r\u00e9glementaire du CBD reste flou<\/strong>, en particulier dans les produits alimentaires et les compl\u00e9ments. Or, <strong data-start=\"2778\" data-end=\"2852\">de nombreux produits sont vendus sans validation scientifique compl\u00e8te<\/strong>, \u00e9chappant aux exigences du r\u00e8glement Novel Food de l\u2019UE.<\/p>\n<p>Seniors, femmes enceintes, patients sous traitement : les plus \u00e0 risque<\/p>\n<p class=\"\" data-start=\"2988\" data-end=\"3245\">Les utilisateurs r\u00e9guliers de CBD sont souvent des personnes en situation de vuln\u00e9rabilit\u00e9 : <strong data-start=\"3081\" data-end=\"3137\">seniors cherchant \u00e0 soulager des douleurs chroniques<\/strong>, <strong data-start=\"3139\" data-end=\"3194\">femmes enceintes en qu\u00eate d\u2019alternatives naturelles<\/strong>, ou <strong data-start=\"3199\" data-end=\"3244\">patients anxieux ou sous traitement lourd<\/strong>.<\/p>\n<p class=\"\" data-start=\"3247\" data-end=\"3545\">Mais ces m\u00eames populations sont <strong data-start=\"3279\" data-end=\"3377\">plus expos\u00e9es aux risques d\u2019interactions, de perturbations hormonales ou de toxicit\u00e9 h\u00e9patique<\/strong>. C\u2019est pourquoi l\u2019Anses recommande d\u2019ores et d\u00e9j\u00e0 <strong data-start=\"3428\" data-end=\"3463\">la prudence, voire l\u2019abstention<\/strong>, en particulier <strong data-start=\"3480\" data-end=\"3544\">chez les femmes enceintes, allaitantes ou en \u00e2ge de procr\u00e9er<\/strong>.<\/p>\n<p>Tableau explicatif : ce que dit l\u2019Anses sur les risques du CBD<\/p>\n<tr>\n<strong>Effet observ\u00e9 (chez l\u2019animal)<\/strong><br \/>\n<strong>Type d\u2019\u00e9tude<\/strong><br \/>\n<strong>Cons\u00e9quence possible chez l\u2019humain<\/strong><br \/>\n<\/tr>\n<tr>\n<td>Alt\u00e9ration de la fertilit\u00e9 (m\u00e2le\/femelle)<\/td>\n<td>\u00c9tudes sur rongeurs<\/td>\n<td>Risque de baisse de fertilit\u00e9 ou de troubles hormonaux<\/td>\n<\/tr>\n<tr>\n<td>Retard de croissance f\u0153tale<\/td>\n<td>\u00c9tudes in vivo<\/td>\n<td>Ralentissement du d\u00e9veloppement intra-ut\u00e9rin<\/td>\n<\/tr>\n<tr>\n<td>Troubles du neurod\u00e9veloppement<\/td>\n<td>Donn\u00e9es postnatales animales<\/td>\n<td>Risques pour le cerveau en d\u00e9veloppement (notamment in utero)<\/td>\n<\/tr>\n<tr>\n<td>Toxicit\u00e9 h\u00e9patique<\/td>\n<td>\u00c9tudes chroniques<\/td>\n<td>Interactions avec traitements m\u00e9dicaux, atteintes h\u00e9patiques<\/td>\n<\/tr>\n<p class=\"\" data-start=\"4521\" data-end=\"4760\">La proposition de l\u2019Anses pourrait marquer un <strong data-start=\"4567\" data-end=\"4594\">changement de paradigme<\/strong>. Si elle est valid\u00e9e par l\u2019ECHA, elle ouvrira la voie \u00e0 <strong data-start=\"4651\" data-end=\"4688\">un encadrement plus strict du CBD<\/strong> en Europe et \u00e0 <strong data-start=\"4704\" data-end=\"4759\">un meilleur contr\u00f4le des produits mis sur le march\u00e9<\/strong>.<\/p>\n<p class=\"\" data-start=\"4762\" data-end=\"4960\">Mais au-del\u00e0 des r\u00e9gulations, cette alerte pose une question fondamentale : <strong data-start=\"4838\" data-end=\"4909\">peut-on encore consid\u00e9rer le CBD comme une mol\u00e9cule \u00ab\u00a0inoffensive\u00a0\u00bb ?<\/strong> La r\u00e9ponse, aujourd\u2019hui, est loin d\u2019\u00eatre tranch\u00e9e.<\/p>\n<p class=\"\" data-start=\"4962\" data-end=\"5165\">En attendant les conclusions d\u00e9finitives, <strong data-start=\"5004\" data-end=\"5028\">la prudence s\u2019impose<\/strong>, notamment pour les consommateurs les plus fragiles. Et comme toujours en mati\u00e8re de sant\u00e9, <strong data-start=\"5121\" data-end=\"5164\">\u201cnaturel\u201d ne signifie pas \u201csans danger\u201d<\/strong>.<\/p>\n<p class=\"\" data-start=\"5167\" data-end=\"5298\">Source : <a href=\"https:\/\/bibliotheque.60millions-mag.com\/detail\/publication\/detail-top-right\/561\/60-millions-de-consommateurs-613?issue_id=210724\" target=\"_blank\" rel=\"noopener\">60 millions de consommateurs &#8211; Mai 2025<\/a><\/p>\n","protected":false},"excerpt":{"rendered":"L\u2019Anses tire la sonnette d\u2019alarme sur la toxicit\u00e9 reproductive L\u2019Agence nationale de s\u00e9curit\u00e9 sanitaire s\u2019appuie sur une s\u00e9rie&hellip;\n","protected":false},"author":2,"featured_media":88813,"comment_status":"","ping_status":"","sticky":false,"template":"","format":"standard","meta":{"footnotes":""},"categories":[6],"tags":[140,17711,35,19898,33,34,19899,1011,27,196,56,19900],"class_list":{"0":"post-88812","1":"post","2":"type-post","3":"status-publish","4":"format-standard","5":"has-post-thumbnail","7":"category-economie","8":"tag-60-millions-de-consommateurs","9":"tag-anses","10":"tag-business","11":"tag-cbd","12":"tag-economie","13":"tag-economy","14":"tag-fertilite","15":"tag-fr","16":"tag-france","17":"tag-grossesse","18":"tag-push","19":"tag-retard-de-croissance"},"share_on_mastodon":{"url":"https:\/\/pubeurope.com\/@fr\/114482377135688288","error":""},"_links":{"self":[{"href":"https:\/\/www.europesays.com\/fr\/wp-json\/wp\/v2\/posts\/88812","targetHints":{"allow":["GET"]}}],"collection":[{"href":"https:\/\/www.europesays.com\/fr\/wp-json\/wp\/v2\/posts"}],"about":[{"href":"https:\/\/www.europesays.com\/fr\/wp-json\/wp\/v2\/types\/post"}],"author":[{"embeddable":true,"href":"https:\/\/www.europesays.com\/fr\/wp-json\/wp\/v2\/users\/2"}],"replies":[{"embeddable":true,"href":"https:\/\/www.europesays.com\/fr\/wp-json\/wp\/v2\/comments?post=88812"}],"version-history":[{"count":0,"href":"https:\/\/www.europesays.com\/fr\/wp-json\/wp\/v2\/posts\/88812\/revisions"}],"wp:featuredmedia":[{"embeddable":true,"href":"https:\/\/www.europesays.com\/fr\/wp-json\/wp\/v2\/media\/88813"}],"wp:attachment":[{"href":"https:\/\/www.europesays.com\/fr\/wp-json\/wp\/v2\/media?parent=88812"}],"wp:term":[{"taxonomy":"category","embeddable":true,"href":"https:\/\/www.europesays.com\/fr\/wp-json\/wp\/v2\/categories?post=88812"},{"taxonomy":"post_tag","embeddable":true,"href":"https:\/\/www.europesays.com\/fr\/wp-json\/wp\/v2\/tags?post=88812"}],"curies":[{"name":"wp","href":"https:\/\/api.w.org\/{rel}","templated":true}]}}