{"id":88816,"date":"2025-05-10T07:34:08","date_gmt":"2025-05-10T07:34:08","guid":{"rendered":"https:\/\/www.europesays.com\/fr\/88816\/"},"modified":"2025-05-10T07:34:08","modified_gmt":"2025-05-10T07:34:08","slug":"une-forme-de-relativisation-du-nazisme-larcom-intervient-apres-les-propos-de-leditorialiste-jean-michel-aphatie-sur-rtl","status":"publish","type":"post","link":"https:\/\/www.europesays.com\/fr\/88816\/","title":{"rendered":"\u00ab\u00a0Une forme de relativisation du nazisme\u00a0\u00bb\u00a0: l\u2019Arcom intervient apr\u00e8s les propos de l\u2019\u00e9ditorialiste Jean-Michel Aphatie sur RTL"},"content":{"rendered":"<p class=\"paragraph text_align_left\">\u00ab La France a fait des centaines d\u2019Oradour-sur-Glane en Alg\u00e9rie. \u00bb Le mardi 25 f\u00e9vrier, lors d\u2019un d\u00e9bat dans la matinale de RTL avec Florence Portelli, vice-pr\u00e9sidente LR de la r\u00e9gion \u00cele-de-France, Jean-Michel Aphatie <a href=\"https:\/\/www.leparisien.fr\/culture-loisirs\/jean-michel-apathie-mis-en-retrait-de-lantenne-de-rtl-apres-ses-propos-sur-lalgerie-et-oradour-sur-glane-05-03-2025-3WGYSZOY2FF6VFGJS7W65GKAVU.php\" target=\"_blank\" rel=\"nofollow noopener\">a cr\u00e9\u00e9 la pol\u00e9mique<\/a> en \u00e9voquant la \u00ab culpabilit\u00e9 \u00bb de la France vis-\u00e0-vis de l\u2019Alg\u00e9rie. Et alors que l\u2019animateur Thomas Sotto le reprenait, le journaliste de 66 ans confirmait son propos : \u00ab Les nazis se sont comport\u00e9s comme nous l\u2019avons fait en Alg\u00e9rie. \u00bb<\/p>\n<p class=\"paragraph text_align_left\">Dans la foul\u00e9e, plusieurs voix de la droite et de l\u2019extr\u00eame droite se sont \u00e9rig\u00e9es contre les paroles du chroniqueur, \u00e0 l\u2019instar d\u2019\u00c9ric Ciotti ou de <a href=\"https:\/\/www.leparisien.fr\/politique\/jordan-bardella\/\" target=\"_blank\" rel=\"nofollow noopener\">Jordan Bardella<\/a>. Jean-Michel Aphatie, lui, avait \u00e9t\u00e9 mis en retrait par sa direction avant d\u2019annoncer d\u00e9but mars ne pas revenir \u00e0 l\u2019antenne, en d\u00e9saccord avec la sentence. L\u2019Arcom, elle, avait annonc\u00e9 <a href=\"https:\/\/www.leparisien.fr\/culture-loisirs\/la-france-a-fait-des-centaines-doradour-sur-glane-en-algerie-larcom-va-instruire-les-propos-de-jean-michel-aphatie-26-02-2025-6ITDD52S3RE25JZPALJDRIFYF4.php\" target=\"_blank\" rel=\"nofollow noopener\">instruire la s\u00e9quence<\/a>. Et dans une d\u00e9cision dat\u00e9e du 19 mars et publi\u00e9e ce vendredi, les sages annoncent \u00eatre intervenus aupr\u00e8s de RTL.<\/p>\n<p>Un appel \u00ab \u00e0 une particuli\u00e8re vigilance lors de la diffusion de d\u00e9bats sur des sujets sensibles \u00bb<\/p>\n<p class=\"paragraph text_align_left\">\u00ab Elle a fait part \u00e0 la station de l\u2019\u00e9moi suscit\u00e9 par cette analogie que nombre d\u2019auditeurs ont estim\u00e9 choquante en ce qu\u2019elle mettait sur un m\u00eame plan des \u00e9v\u00e9nements s\u2019inscrivant dans des contextes historiques radicalement diff\u00e9rents, indique l\u2019autorit\u00e9. Les propos tenus ont, en outre, pu \u00eatre per\u00e7us comme susceptibles de contribuer \u00e0 une forme de relativisation du nazisme. \u00bb Ainsi, l\u2019Arcom appelle la station \u00ab \u00e0 une particuli\u00e8re vigilance lors de la diffusion de d\u00e9bats portant sur des sujets d\u2019une telle sensibilit\u00e9, tout particuli\u00e8rement lorsqu\u2019ils font intervenir des chroniqueurs r\u00e9guliers \u00bb.<\/p>\n<p class=\"paragraph text_align_left\">Dans nos colonnes, d\u00e9but mars,<a href=\"https:\/\/www.leparisien.fr\/culture-loisirs\/tv\/revenir-cetait-reconnaitre-une-faute-qui-nexiste-pas-pourquoi-jean-michel-aphatie-quitte-rtl-09-03-2025-F2OQYQO26BEFZH5S2NCJ3FYLKQ.php\" target=\"_blank\" rel=\"nofollow noopener\"> Jean-Michel Aphatie avait confirm\u00e9 ne pas revenir sur RTL<\/a> et d\u00e9fendu sa position. \u00ab Le malheur que l\u2019on a r\u00e9pandu, il faut le reconna\u00eetre \u00e0 un moment, expliquait-il au sujet de la colonisation de l\u2019Alg\u00e9rie. Des gens ont souffert de tout \u00e7a. Et moi, si je retourne toucher mon petit cachet, je suis infid\u00e8le \u00e0 ces gens-l\u00e0 et \u00e0 cette souffrance. \u00bb Apr\u00e8s une p\u00e9riode de latence, RTL a finalement relanc\u00e9 ses d\u00e9bats du mardi avec <a href=\"https:\/\/www.leparisien.fr\/culture-loisirs\/tv\/rtl-raquel-garrido-remplace-jean-michel-aphatie-apres-son-depart-polemique-de-la-radio-02-04-2025-PBSQSPYWTNBWRLZRBY63BKV75Q.php\" target=\"_blank\" rel=\"nofollow noopener\">l\u2019ex-d\u00e9put\u00e9e LFI Raquel Garrido<\/a>.<\/p>\n","protected":false},"excerpt":{"rendered":"\u00ab La France a fait des centaines d\u2019Oradour-sur-Glane en Alg\u00e9rie. \u00bb Le mardi 25 f\u00e9vrier, lors d\u2019un d\u00e9bat&hellip;\n","protected":false},"author":2,"featured_media":88817,"comment_status":"","ping_status":"","sticky":false,"template":"","format":"standard","meta":{"footnotes":""},"categories":[4],"tags":[11,872,1011,27,12,25,2205],"class_list":{"0":"post-88816","1":"post","2":"type-post","3":"status-publish","4":"format-standard","5":"has-post-thumbnail","7":"category-france","8":"tag-actualites","9":"tag-culture-et-loisirs","10":"tag-fr","11":"tag-france","12":"tag-news","13":"tag-republique-francaise","14":"tag-television-medias"},"share_on_mastodon":{"url":"https:\/\/pubeurope.com\/@fr\/114482385470167363","error":""},"_links":{"self":[{"href":"https:\/\/www.europesays.com\/fr\/wp-json\/wp\/v2\/posts\/88816","targetHints":{"allow":["GET"]}}],"collection":[{"href":"https:\/\/www.europesays.com\/fr\/wp-json\/wp\/v2\/posts"}],"about":[{"href":"https:\/\/www.europesays.com\/fr\/wp-json\/wp\/v2\/types\/post"}],"author":[{"embeddable":true,"href":"https:\/\/www.europesays.com\/fr\/wp-json\/wp\/v2\/users\/2"}],"replies":[{"embeddable":true,"href":"https:\/\/www.europesays.com\/fr\/wp-json\/wp\/v2\/comments?post=88816"}],"version-history":[{"count":0,"href":"https:\/\/www.europesays.com\/fr\/wp-json\/wp\/v2\/posts\/88816\/revisions"}],"wp:featuredmedia":[{"embeddable":true,"href":"https:\/\/www.europesays.com\/fr\/wp-json\/wp\/v2\/media\/88817"}],"wp:attachment":[{"href":"https:\/\/www.europesays.com\/fr\/wp-json\/wp\/v2\/media?parent=88816"}],"wp:term":[{"taxonomy":"category","embeddable":true,"href":"https:\/\/www.europesays.com\/fr\/wp-json\/wp\/v2\/categories?post=88816"},{"taxonomy":"post_tag","embeddable":true,"href":"https:\/\/www.europesays.com\/fr\/wp-json\/wp\/v2\/tags?post=88816"}],"curies":[{"name":"wp","href":"https:\/\/api.w.org\/{rel}","templated":true}]}}