{"id":888239,"date":"2026-04-23T21:13:21","date_gmt":"2026-04-23T21:13:21","guid":{"rendered":"https:\/\/www.europesays.com\/fr\/888239\/"},"modified":"2026-04-23T21:13:21","modified_gmt":"2026-04-23T21:13:21","slug":"om-nice-adversaire-dimanche-en-finale-de-coupe-de-france-grace-a-wahi","status":"publish","type":"post","link":"https:\/\/www.europesays.com\/fr\/888239\/","title":{"rendered":"OM : Nice, adversaire dimanche, en finale de coupe de France gr\u00e2ce \u00e0 Wahi"},"content":{"rendered":"<p>En une grosse demi-heure, il a presque \u00e9gal\u00e9 son record de but en un semestre \u00e0 l&rsquo;OM (3), mais ce mercredi soir, les r\u00e9alisations d&rsquo;Elye Wahi avaient une tout autre importance, puisqu&rsquo;elles ont envoy\u00e9 Nice en finale de coupe de France.<\/p>\n<p>Un but en contre plein de sang-froid sur un caviar de Jonathan Clauss, un penalty, et les Aiglons de Wahi punissaient Strasbourg, pourtant favori de cette demi-finale. \u00ab\u00a0<a href=\"https:\/\/www.laprovence.com\/article\/om\/2224000059282315\/om-la-vie-des-ex-plus-revanchard-que-jamais-wahi-veut-relancer-nice\" target=\"_blank\" rel=\"nofollow noopener\">J&rsquo;ai connu des moments difficiles<\/a> mais aujourd&rsquo;hui, c&rsquo;est plus au collectif que j&rsquo;ai envie de passer ce message\u00a0: aller au Stade de France avec ce groupe, c&rsquo;est magnifique\u00a0\u00bb, a-t-il d\u00e9clar\u00e9 en fin de match au micro du diffuseur.<\/p>\n<p>Un l\u00e9ger mieux pour les Ni\u00e7ois<\/p>\n<p>Et voil\u00e0 donc les Ni\u00e7ois, auteurs d&rsquo;une saison d\u00e9sastreuse, en finale de coupe de France, o\u00f9 ils seront encore outsiders contre le RC Lens de Florian Thauvin.<\/p>\n<p>D&rsquo;ici l\u00e0, les hommes de Claude Puel, dont la compo minimaliste \u00e0 Strasbourg avec le seul Wahi comme joueur naturellement offensif a pay\u00e9, ont un maintien \u00e0 assurer (4 points d&rsquo;avance sur Auxerre, barragiste), et il passe par le stade V\u00e9lodrome, dimanche soir. Nice reste sur deux matches nuls (1-1 face au Havre et surtout 0-0 \u00e0 Lille, un r\u00e9sultat qui avait arrang\u00e9 les affaires des Olympiens, lamentablement battus \u00e0 Lorient), l&rsquo;OM sur trois d\u00e9faites en quatre matches.<\/p>\n<p><a href=\"https:\/\/www.laprovence.com\/article\/om\/2263168724571114\/om-beye-un-discours-qui-ne-se-reflete-pas-sur-le-terrain\" target=\"_blank\" rel=\"nofollow noopener\">Les joueurs d&rsquo;Habib Beye<\/a>, en mise au vert jusqu&rsquo;\u00e0 la fin de semaine, r\u00e9ussiront-ils \u00e0 relever la t\u00eate face \u00e0 ce mal class\u00e9 tr\u00e8s en confiance ?<\/p>\n","protected":false},"excerpt":{"rendered":"En une grosse demi-heure, il a presque \u00e9gal\u00e9 son record de but en un semestre \u00e0 l&rsquo;OM (3),&hellip;\n","protected":false},"author":2,"featured_media":888240,"comment_status":"","ping_status":"","sticky":false,"template":"","format":"standard","meta":{"footnotes":"","_share_on_mastodon":"0"},"categories":[2819],"tags":[5734,1111,11,4612,615,6664,1777,674,2396,1011,27,12,2401,149,882,25],"class_list":["post-888239","post","type-post","status-publish","format-standard","has-post-thumbnail","category-nice","tag-5734","tag-actu","tag-actualites","tag-adversaire","tag-coupe","tag-dimanche","tag-eu","tag-europe","tag-finale","tag-fr","tag-france","tag-news","tag-nice","tag-om","tag-provence-alpes-cote-dazur","tag-republique-francaise"],"share_on_mastodon":{"url":"https:\/\/pubeurope.com\/@fr\/116456089703451448","error":""},"_links":{"self":[{"href":"https:\/\/www.europesays.com\/fr\/wp-json\/wp\/v2\/posts\/888239","targetHints":{"allow":["GET"]}}],"collection":[{"href":"https:\/\/www.europesays.com\/fr\/wp-json\/wp\/v2\/posts"}],"about":[{"href":"https:\/\/www.europesays.com\/fr\/wp-json\/wp\/v2\/types\/post"}],"author":[{"embeddable":true,"href":"https:\/\/www.europesays.com\/fr\/wp-json\/wp\/v2\/users\/2"}],"replies":[{"embeddable":true,"href":"https:\/\/www.europesays.com\/fr\/wp-json\/wp\/v2\/comments?post=888239"}],"version-history":[{"count":0,"href":"https:\/\/www.europesays.com\/fr\/wp-json\/wp\/v2\/posts\/888239\/revisions"}],"wp:featuredmedia":[{"embeddable":true,"href":"https:\/\/www.europesays.com\/fr\/wp-json\/wp\/v2\/media\/888240"}],"wp:attachment":[{"href":"https:\/\/www.europesays.com\/fr\/wp-json\/wp\/v2\/media?parent=888239"}],"wp:term":[{"taxonomy":"category","embeddable":true,"href":"https:\/\/www.europesays.com\/fr\/wp-json\/wp\/v2\/categories?post=888239"},{"taxonomy":"post_tag","embeddable":true,"href":"https:\/\/www.europesays.com\/fr\/wp-json\/wp\/v2\/tags?post=888239"}],"curies":[{"name":"wp","href":"https:\/\/api.w.org\/{rel}","templated":true}]}}