{"id":88830,"date":"2025-05-10T07:41:14","date_gmt":"2025-05-10T07:41:14","guid":{"rendered":"https:\/\/www.europesays.com\/fr\/88830\/"},"modified":"2025-05-10T07:41:14","modified_gmt":"2025-05-10T07:41:14","slug":"rugby-top-14-un-air-de-revanche-et-un-velodrome-comble-pour-toulon","status":"publish","type":"post","link":"https:\/\/www.europesays.com\/fr\/88830\/","title":{"rendered":"Rugby &#8211; Top 14 : un air de revanche et un V\u00e9lodrome comble pour Toulon"},"content":{"rendered":"<p>Toulon &#8211; Toulouse au V\u00e9lodrome, <a href=\"https:\/\/www.laprovence.com\/article\/sports\/1212038822419514\/rugby-top-14-toulon-affrontera-toulouse-au-velodrome-le-10-mai-2025\" target=\"_blank\" rel=\"nofollow noopener\">c&rsquo;est devenu un classique<\/a>. Un rendez-vous annuel instaur\u00e9 en\u00a02009 par Mourad Boudjellal, dans lequel le club varois a trouv\u00e9 une formidable opportunit\u00e9 d&rsquo;assurer sa promotion sur les terres de l&rsquo;OM en m\u00eame temps que s&rsquo;assurer un boost financier devenu indispensable. Une f\u00eate du rugby o\u00f9 le RCT met les petits plats dans les grands, d&rsquo;un avant-match festif autour de l&rsquo;enceinte du boulevard Michelet \u00e0 un show millim\u00e9tr\u00e9 pour orchestrer l&rsquo;entr\u00e9e des joueurs, tifo XXL et arriv\u00e9e spectaculaire du ballon compris.<\/p>\n","protected":false},"excerpt":{"rendered":"Toulon &#8211; Toulouse au V\u00e9lodrome, c&rsquo;est devenu un classique. Un rendez-vous annuel instaur\u00e9 en\u00a02009 par Mourad Boudjellal, dans&hellip;\n","protected":false},"author":2,"featured_media":88831,"comment_status":"","ping_status":"","sticky":false,"template":"","format":"standard","meta":{"footnotes":""},"categories":[9619],"tags":[17,1111,11,2965,1777,674,1011,27,12,471,882,3241,25,19901,479,60,3030,2310,957],"class_list":{"0":"post-88830","1":"post","2":"type-post","3":"status-publish","4":"format-standard","5":"has-post-thumbnail","7":"category-toulon","8":"tag-17","9":"tag-actu","10":"tag-actualites","11":"tag-air","12":"tag-eu","13":"tag-europe","14":"tag-fr","15":"tag-france","16":"tag-news","17":"tag-pour","18":"tag-provence-alpes-cote-dazur","19":"tag-record","20":"tag-republique-francaise","21":"tag-revanche","22":"tag-rugby","23":"tag-sports","24":"tag-top","25":"tag-toulon","26":"tag-velodrome"},"share_on_mastodon":{"url":"https:\/\/pubeurope.com\/@fr\/114482412538682399","error":""},"_links":{"self":[{"href":"https:\/\/www.europesays.com\/fr\/wp-json\/wp\/v2\/posts\/88830","targetHints":{"allow":["GET"]}}],"collection":[{"href":"https:\/\/www.europesays.com\/fr\/wp-json\/wp\/v2\/posts"}],"about":[{"href":"https:\/\/www.europesays.com\/fr\/wp-json\/wp\/v2\/types\/post"}],"author":[{"embeddable":true,"href":"https:\/\/www.europesays.com\/fr\/wp-json\/wp\/v2\/users\/2"}],"replies":[{"embeddable":true,"href":"https:\/\/www.europesays.com\/fr\/wp-json\/wp\/v2\/comments?post=88830"}],"version-history":[{"count":0,"href":"https:\/\/www.europesays.com\/fr\/wp-json\/wp\/v2\/posts\/88830\/revisions"}],"wp:featuredmedia":[{"embeddable":true,"href":"https:\/\/www.europesays.com\/fr\/wp-json\/wp\/v2\/media\/88831"}],"wp:attachment":[{"href":"https:\/\/www.europesays.com\/fr\/wp-json\/wp\/v2\/media?parent=88830"}],"wp:term":[{"taxonomy":"category","embeddable":true,"href":"https:\/\/www.europesays.com\/fr\/wp-json\/wp\/v2\/categories?post=88830"},{"taxonomy":"post_tag","embeddable":true,"href":"https:\/\/www.europesays.com\/fr\/wp-json\/wp\/v2\/tags?post=88830"}],"curies":[{"name":"wp","href":"https:\/\/api.w.org\/{rel}","templated":true}]}}