{"id":88838,"date":"2025-05-10T07:45:21","date_gmt":"2025-05-10T07:45:21","guid":{"rendered":"https:\/\/www.europesays.com\/fr\/88838\/"},"modified":"2025-05-10T07:45:21","modified_gmt":"2025-05-10T07:45:21","slug":"apres-une-violente-chute-a-velo-il-attaque-la-metropole-de-rouen-pour-mauvais-entretien-de-la-route","status":"publish","type":"post","link":"https:\/\/www.europesays.com\/fr\/88838\/","title":{"rendered":"Apr\u00e8s une violente chute \u00e0 v\u00e9lo, il attaque la M\u00e9tropole de Rouen pour mauvais entretien de la route"},"content":{"rendered":"<p>            Par<br \/>\n        <strong><br \/>\n            <a href=\"https:\/\/actu.fr\/auteur\/yann-rivallan\" title=\"Consulter tous les articles de Yann Rivallan\" rel=\"nofollow noopener\" target=\"_blank\">Yann Rivallan<\/a><br \/>\n        <\/strong><\/p>\n<p>        Publi\u00e9 le<\/p>\n<p>            10 mai 2025 \u00e0 8h40        <\/p>\n<p>Robert*\u00a0a fait une <strong>violente chute \u00e0 v\u00e9lo<\/strong>. Et il compte bien faire payer la<strong>\u00a0<\/strong><a href=\"https:\/\/actu.fr\/tag\/metropole-rouen\" rel=\"nofollow noopener\" target=\"_blank\">M\u00e9tropole de Rouen<\/a> pour \u00e7a. Mercredi 7\u00a0mai 2025, le tribunal administratif de Rouen revenait sur une requ\u00eate de ce retrait\u00e9 d\u00e9pos\u00e9e suite \u00e0 un accident le 26\u00a0mai 2021 dans <strong>la c\u00f4te des Essarts<\/strong>, \u00e0 <a href=\"https:\/\/actu.fr\/normandie\/orival_76486\" rel=\"nofollow noopener\" target=\"_blank\">Orival<\/a> (Seine-Maritime). Il demande r\u00e9paration \u00e0 la M\u00e9tropole pour un manque d\u2019entretien de la route.<\/p>\n<p>Traumatisme cr\u00e2nien et perte de connaissance<\/p>\n<p class=\" wall-content\">Ce fameux 26\u00a0mai 2021, Robert d\u00e9vale \u00e0 v\u00e9lo la route d\u00e9partementale 132, plus connu sous le nom de <strong>c\u00f4te des Essarts<\/strong>. Elle relie les communes d\u2019Orival et de Grand-Couronne. Dans sa descente, il chute violemment dans un virage.<\/p>\n<p class=\" wall-content\">D\u2019apr\u00e8s le rapporteur public du tribunal administratif, Robert aurait subi \u00ab\u2009diverses blessures ainsi qu\u2019un <strong>traumatisme cr\u00e2nien<\/strong> qui a entra\u00een\u00e9 une perte de connaissance\u2009\u00bb. \u00c0 ce moment, les pompiers avaient d\u00e9cid\u00e9 de transporter le cycliste jusqu\u2019au centre hospitalier d\u2019Elbeuf.<\/p>\n<p>Il demande r\u00e9paration \u00e0 la M\u00e9tropole<\/p>\n<p class=\" wall-content\">Selon Robert, c\u2019est <strong>un mauvais entretien de la route<\/strong> d\u00e9partementale, dont la M\u00e9tropole de Rouen est en charge, qui a caus\u00e9 son accident. Il demande donc <strong>un d\u00e9dommagement de<\/strong> <strong>3\u2009894\u00a0euros \u00e0 l\u2019intercommunalit\u00e9<\/strong> pour son pr\u00e9judice ainsi que 1\u2009200\u00a0euros au titre des frais de proc\u00e8s.<\/p>\n<p class=\" wall-content\">La caisse primaire d\u2019assurance maladie Rouen-Elbeuf-Dieppe r\u00e9clame aussi de son c\u00f4t\u00e9 un remboursement \u00e0 la M\u00e9tropole de 281\u00a0euros. Mais la collectivit\u00e9 ne l\u2019entend pas de cette oreille. Elle a rejet\u00e9 cette requ\u00eate, ce qui donne lieu au jugement au tribunal administratif.<\/p>\n<p>\u00ab\u2009L\u2019\u00e9tat de la voirie\u2009\u00bb n\u2019y est pour rien, selon le tribunal<\/p>\n<p class=\" wall-content\">D\u2019apr\u00e8s le rapporteur du tribunal, \u00ab\u2009<strong>les d\u00e9fectuosit\u00e9s<\/strong> de la chauss\u00e9e \u00e0 cet endroit sont de dimension relativement modeste\u2009\u00bb. En clair, quelques trous de 3 \u00e0 5\u00a0cm de largeur tout au plus ont pu \u00eatre constat\u00e9s.<\/p>\n<p class=\" wall-content\">De plus, ces trous \u00e9taient au moment de l\u2019accident \u00ab\u2009nettement visibles \u00e0 cause de l\u2019effacement du marquage peint au sol\u2009\u00bb, poursuit le rapporteur. L\u2019accident s\u2019est d\u2019ailleurs produit \u00ab\u2009<strong>en plein jour<\/strong>, sur une route que [Robert] conna\u00eet bien puisqu\u2019elle est \u00e0 quelques kilom\u00e8tres de chez lui\u2009\u00bb.<\/p>\n<p class=\" wall-content\">Alors, \u00ab\u2009dans ces circonstances, ce n\u2019est pas l\u2019\u00e9tat de la voirie qui est la cause d\u00e9terminante de la chute, mais <strong>le d\u00e9faut d\u2019attention<\/strong> [du retrait\u00e9, NDLR] lors de sa descente\u2009\u00bb, conclut le rapporteur.<\/p>\n<p class=\" wall-content\">D\u00e8s lors, il demande au tribunal de rejeter la requ\u00eate de Robert et de donner raison \u00e0 la M\u00e9tropole de Rouen. Aucune des parties n\u2019\u00e9tait repr\u00e9sent\u00e9e par un avocat lors de l\u2019audience. L\u2019affaire a \u00e9t\u00e9 mise en d\u00e9lib\u00e9r\u00e9 et la d\u00e9cision sera connue prochainement.<\/p>\n<p class=\" wall-content\">*Le pr\u00e9nom a \u00e9t\u00e9 modifi\u00e9.<\/p>\n<p class=\" wall-content\">Suivez toute l\u2019actualit\u00e9 de vos villes et m\u00e9dias favoris en vous inscrivant \u00e0 <a href=\"https:\/\/moncompte.actu.fr\" title=\"D\u00e9couvez Mon Actu\" rel=\"nofollow noopener\" data-trk=\"{&quot;cta&quot;:{&quot;action&quot;:&quot;https:\\\/\\\/moncompte.actu.fr&quot;,&quot;category&quot;:&quot;mon compte&quot;,&quot;from&quot;:&quot;article footer&quot;,&quot;name&quot;:&quot;Mon actu&quot;,&quot;type&quot;:&quot;cta&quot;}}\" target=\"_blank\">Mon Actu<\/a>.<\/p>\n","protected":false},"excerpt":{"rendered":"Par Yann Rivallan Publi\u00e9 le 10 mai 2025 \u00e0 8h40 Robert*\u00a0a fait une violente chute \u00e0 v\u00e9lo. Et&hellip;\n","protected":false},"author":2,"featured_media":88839,"comment_status":"","ping_status":"","sticky":false,"template":"","format":"standard","meta":{"footnotes":""},"categories":[9587],"tags":[1111,11,1777,674,1011,27,12,5161,25,9590,104,13682,208],"class_list":{"0":"post-88838","1":"post","2":"type-post","3":"status-publish","4":"format-standard","5":"has-post-thumbnail","7":"category-rouen","8":"tag-actu","9":"tag-actualites","10":"tag-eu","11":"tag-europe","12":"tag-fr","13":"tag-france","14":"tag-news","15":"tag-normandie","16":"tag-republique-francaise","17":"tag-rouen","18":"tag-societe","19":"tag-tribunal-de-rouen","20":"tag-velo"},"share_on_mastodon":{"url":"https:\/\/pubeurope.com\/@fr\/114482428343433059","error":""},"_links":{"self":[{"href":"https:\/\/www.europesays.com\/fr\/wp-json\/wp\/v2\/posts\/88838","targetHints":{"allow":["GET"]}}],"collection":[{"href":"https:\/\/www.europesays.com\/fr\/wp-json\/wp\/v2\/posts"}],"about":[{"href":"https:\/\/www.europesays.com\/fr\/wp-json\/wp\/v2\/types\/post"}],"author":[{"embeddable":true,"href":"https:\/\/www.europesays.com\/fr\/wp-json\/wp\/v2\/users\/2"}],"replies":[{"embeddable":true,"href":"https:\/\/www.europesays.com\/fr\/wp-json\/wp\/v2\/comments?post=88838"}],"version-history":[{"count":0,"href":"https:\/\/www.europesays.com\/fr\/wp-json\/wp\/v2\/posts\/88838\/revisions"}],"wp:featuredmedia":[{"embeddable":true,"href":"https:\/\/www.europesays.com\/fr\/wp-json\/wp\/v2\/media\/88839"}],"wp:attachment":[{"href":"https:\/\/www.europesays.com\/fr\/wp-json\/wp\/v2\/media?parent=88838"}],"wp:term":[{"taxonomy":"category","embeddable":true,"href":"https:\/\/www.europesays.com\/fr\/wp-json\/wp\/v2\/categories?post=88838"},{"taxonomy":"post_tag","embeddable":true,"href":"https:\/\/www.europesays.com\/fr\/wp-json\/wp\/v2\/tags?post=88838"}],"curies":[{"name":"wp","href":"https:\/\/api.w.org\/{rel}","templated":true}]}}