{"id":88842,"date":"2025-05-10T07:47:34","date_gmt":"2025-05-10T07:47:34","guid":{"rendered":"https:\/\/www.europesays.com\/fr\/88842\/"},"modified":"2025-05-10T07:47:34","modified_gmt":"2025-05-10T07:47:34","slug":"la-municipalite-prete-a-rire","status":"publish","type":"post","link":"https:\/\/www.europesays.com\/fr\/88842\/","title":{"rendered":"LA MUNICIPALIT\u00c9 PR\u00caTE \u00e0 RIRE"},"content":{"rendered":"<p>Posted On 10 mai 2025 <\/p>\n<p>S&rsquo;il ne s&rsquo;agissait d&rsquo;un sujet grave, la municipalit\u00e9 pr\u00eaterait \u00e0 rire. Pensez donc. Elle a pris un arr\u00eat\u00e9 \u00ab\u00a0interdisant la d\u00e9tention, l\u2019utilisation, le d\u00e9p\u00f4t et l\u2019abandon sur l\u2019espace public de cartouches de gaz de protoxyde d\u2019azote, aussi appel\u00e9 gaz hilarant.\u00a0\u00bb\u00a0\u00a0<\/p>\n<p>Oyez oyez braves gens, qu&rsquo;on se le dise. \u00a0\u00bb Une mesure essentielle pour la s\u00e9curit\u00e9 ainsi que pour la sant\u00e9 publique\u00a0\u00bb <a target=\"_blank\" href=\"https:\/\/www.placegrenet.fr\/2025\/05\/08\/grenoble-un-arrete-interdit-la-detention-lutilisation-et-labandon-de-cartouches-de-protoxyde-azote-sur-la-voie-publique\/651985\" rel=\"noopener\">communique la ville sur Place Gre&rsquo;Net .<\/a> On imagine\u00a0 derri\u00e8re l&rsquo;efficace Pierre-Andr\u00e9 Juven , le sociologue (Verts\/LFI) Adjoint \u00e0 la sant\u00e9 <a href=\"https:\/\/grenoble-le-changement.fr\/2025\/05\/07\/sante-a-grenoble-les-verts-lfi-brassent-de-lair\/\" target=\"_blank\" rel=\"noopener\">qui pr\u00e9pare aussi\u00a0 les quartiers \u00e0 la sant\u00e9<\/a> en &#8230; 2040.\u00a0 \u00a0<\/p>\n<p><img decoding=\"async\" data-id=\"81876\" src=\"https:\/\/i2.wp.com\/grenoble-le-changement.fr\/wp-content\/uploads\/2025\/05\/Capture-de\u0301cran-2025-05-09-a\u0300-15.09.27.png?w=678&amp;ssl=1\" alt=\"\" class=\"wp-image-81876 jetpack-lazy-image\" data-recalc-dims=\"1\" data-lazy-src=\"https:\/\/i2.wp.com\/grenoble-le-changement.fr\/wp-content\/uploads\/2025\/05\/Capture-de\u0301cran-2025-05-09-a\u0300-15.09.27.png?w=678&amp;is-pending-load=1#038;ssl=1\" \/><br \/>\nPierre-Andr\u00e9 Juven, le sociologue Adjoint (Verts\/LFI) \u00e0 la  sant\u00e9 . Il meuble et trompe  beaucoup&#8230;..<\/p>\n<p><strong>LE PROTOXYDE d&rsquo;AZOTE DE PLUS EN PLUS UTILIS\u00c9 \u00e0 GRENOBLE<\/strong><\/p>\n<p>La consommation de plus en plus importante de protoxyde d\u2019azote (N\u2082O), ou gaz hilarant, par des personnes, notamment les plus jeunes est une calamit\u00e9 de sant\u00e9 publique.\u00a0 \u00ab\u00a0Le protoxyde d\u2019azote, couramment utilis\u00e9 en cuisine, se voit r\u00e9guli\u00e8rement d\u00e9tourn\u00e9 pour ses effets r\u00e9cr\u00e9atifs euphorisants \u00a0\u00bb explqie le site d&rsquo;information en ligne .\u00a0\u00bb Il s\u2019agit aujourd\u2019hui du troisi\u00e8me produit psychoactif le plus consomm\u00e9 par les jeunes au niveau national. Une pratique qui s\u2019\u00e9tend et que la Ville de Grenoble peut identifier gr\u00e2ce \u00e0 la multiplication des cartouches de \u201cproto\u201d r\u00e9guli\u00e8rement laiss\u00e9es \u00e0 l\u2019abandon sur l\u2019espace public\u00a0\u00bb poursuit place Gre&rsquo;Net.<\/p>\n<p><strong>DES TROUBLES NEUROLOGIQUES ET CARDIAQUES<\/strong><\/p>\n<p>Son inhalation peut provoquer des troubles neurologiques ou cardiaques et alt\u00e9rer consid\u00e9rablement la vigilance et les r\u00e9flexes.Dans certains cas, elle peut entra\u00eener des pertes de connaissances et un arr\u00eat respiratoire. Consomm\u00e9 sur du long terme, ce gaz peut m\u00eame d\u00e9clencher des troubles psychiatriques et une addiction.\u00a0<\/p>\n<p><strong>POURQUOI PAS UN ARR\u00caT\u00c9 CONTRE LA COKE ?\u00a0<\/strong><\/p>\n<p>Prendre un arr\u00eat\u00e9 \u00a0\u00bb interdisant son utilisation , sa d\u00e9tention, son abandon sur la voie publique \u00a0\u00bb rel\u00e8ve de la Tartufferie Piollesque.\u00a0 Est-ce \u00e0 dire que \u00a0\u00bb l&rsquo;utilisation, la d\u00e9tention ou l&rsquo;abandon \u00a0\u00bb de la coke sur la voie publique sont autoris\u00e9s? Alors que <a href=\"https:\/\/grenoble-le-changement.fr\/2025\/04\/26\/un-sachet-de-coke-trouve-par-des-eleves-de-ce2-toujours-pas-de-cameras\/\" target=\"_blank\" rel=\"noopener\">cours Berriat des \u00e9l\u00e8ves de l&rsquo;\u00e9cole Anthoard<\/a> se sont mis en danger en ramassant un sachet ?\u00a0<\/p>\n<p><video controls=\"\" src=\"https:\/\/grenoble-le-changement.fr\/wp-content\/uploads\/2025\/04\/VIDEO-2025-04-25-16-40-55.mp4\"\/>Cours Berriat de la coke ramass\u00e9e par des \u00e9l\u00e8ves de CE2 : autoris\u00e9? <\/p>\n<p><strong>LA MUNICIPALIT\u00c9 INCAPABLE DE FAIRE RESPECTER SES ARR\u00caT\u00c9S<\/strong><\/p>\n<p>La municipalit\u00e9 est incapable de faire respecter ses arr\u00eat\u00e9s sur la propret\u00e9 et les poubelles, la circulation des v\u00e9los, sur le bruit , pour n&rsquo;en citer que quelques uns et elle va envoyer des 30 malheureux policiers qui restent, d\u00e9sarm\u00e9s,<a href=\"https:\/\/grenoble-le-changement.fr\/2024\/10\/22\/insecurite-les-policiers-municipaux-refusent-dintervenir\/\" target=\"_blank\" rel=\"noopener\"> ne pouvant sortir quand il y a danger<\/a>, jamais le soir,\u00a0 pour chasser\u00a0 les utilisateurs de protoxyde d&rsquo;azote?\u00a0 De qui se moque la majorit\u00e9 municipale?\u00a0<\/p>\n<p>Cet arr\u00eat\u00e9 bidon est un arr\u00eat\u00e9 de communication, de couverture aussi en cas d&rsquo;accident grave dont un jeune serait victime:\u00a0 \u00a0\u00bb on avait pris un arr\u00eat\u00e9&#8230;\u00a0\u00bb<\/p>\n<p><strong>LA D\u00c9GRADATION DE L&rsquo;ESPACE PUBLIC SE POURSUIT<\/strong><\/p>\n<p>Ce dossier de sant\u00e9 publique d\u00e9montre bien le niveau de d\u00e9gradation de l&rsquo;espace public Grenoblois. Pour le maintenir de qualit\u00e9 et s\u00e9curis\u00e9 , il faut agir d\u00e8s la premi\u00e8re d\u00e9gradation : des poubelles qui d\u00e9bordent, des encombrants qui stagnent , des particuliers qui jettent m\u00e9gots, papiers, des populations marginales qui occupent la chauss\u00e9e et pratiquent une mendicit\u00e9 agressive.<\/p>\n<p><a href=\"https:\/\/i2.wp.com\/grenoble-le-changement.fr\/wp-content\/uploads\/2025\/05\/01_charte_proto_rectangle_definition_202110.png?ssl=1\" rel=\"lightbox[81875] noopener\" target=\"_blank\"><img decoding=\"async\" data-id=\"81878\" src=\"https:\/\/i2.wp.com\/grenoble-le-changement.fr\/wp-content\/uploads\/2025\/05\/01_charte_proto_rectangle_definition_202110.png?w=678&amp;ssl=1\" alt=\"\" class=\"wp-image-81878 jetpack-lazy-image\" data-recalc-dims=\"1\" data-lazy-src=\"https:\/\/www.europesays.com\/fr\/wp-content\/uploads\/2025\/05\/01_charte_proto_rectangle_definition_202110.png\" \/><\/a><br \/>\nLes  cartouches de protoxyde d&rsquo;azote se retrouvent sur la voie publique, mais des sachets de Coke aussi&#8230;.<\/p>\n<p><strong>UNE VILLE DANGEREUSE SUR TOUS LES PLANS <\/strong><\/p>\n<p>La continuit\u00e9 est totale dans l&rsquo;abandon . Les cartouches de protoxyde d&rsquo;azote , dangereuses, ne sont que le continuum d&rsquo;une ville dangereuse sur tous les plans. N&rsquo;a t-on pas appris par Place Gre&rsquo;Net \u00e9galement qu&rsquo;un homme \u00e9tait entre la vie et la mort pour \u00eatre tomb\u00e9 dans un trou de 5 m\u00e8tres d&rsquo;une bouche d&rsquo;\u00e9gout non ferm\u00e9e quartier de la Presqu&rsquo;ile?<\/p>\n<p><strong>COMMENT S\u00c9LECTIONNER LES D\u00c9TENTEURS DE GAZ !<\/strong><\/p>\n<p>Evidemment la municipalit\u00e9 ne va rien faire. Il lui faudrait verbaliser les tagueurs ou ceux qui urinent sur la voie publique.\u00a0<a href=\"https:\/\/grenoble-le-changement.fr\/2024\/09\/22\/insecurite-piolle-desespere-la-police-municipale\/\" target=\"_blank\" rel=\"noopener\"> Comment son effectif policier<\/a> si faible, d\u00e9motiv\u00e9, sans relais de cam\u00e9ras et de PC op\u00e9rationnel pourrait il, au milieu de tant de manquements r\u00e9p\u00e9t\u00e9s \u00e0 la r\u00e8gle commune, s\u00e9lectionner &#8211; en les trouvant- les d\u00e9tenteurs de ces gaz!\u00a0<\/p>\n<p><strong>ELLE NE PEUT PLUS QUE DES CHARTES, DES ARR\u00caT\u00c9S, DES COLLOQUES\u00a0<\/strong><\/p>\n<p>Cette municipalit\u00e9 \u00e0 bout de souffle\u00a0 s&rsquo;est coup\u00e9 les bras et les jambes en ayant r\u00e9cus\u00e9 \u00e0 la fois le mot et la chose, la fameuse \u00a0\u00bb s\u00e9curit\u00e9 \u00a0\u00bb qui ne fait pas partie du vocabulaire <a href=\"https:\/\/grenoble-le-changement.fr\/2024\/11\/23\/laurence-ruffin-verts-lfi-petits-mensonges-et-gros-sabots\/\" target=\"_blank\" rel=\"noopener\">de Piolle\/Ruffin.<\/a>\u00a0<\/p>\n<p>Sans moyen d\u2019action et sans volont\u00e9 d\u2019en conduire du fait de son id\u00e9ologie mortif\u00e8re , elle ne peut plus que voter des \u00ab\u00a0 chartes\u00a0\u00bb pondre des \u00ab\u00a0 arr\u00eat\u00e9s\u00a0\u00bb ou \u00ab\u00a0colloquer\u00a0\u00bb sur les \u00ab\u00a0villes en transitions\u00a0\u00bb\u00a0 afin de meubler sa paralysie face \u00e0 toutes les probl\u00e9matiques de vie quotidienne\u00a0 qui submergent les grenoblois.<\/p>\n<p><a href=\"https:\/\/i2.wp.com\/grenoble-le-changement.fr\/wp-content\/uploads\/2025\/05\/download.jpg?ssl=1\" rel=\"lightbox[81875] noopener\" target=\"_blank\"><img decoding=\"async\" data-id=\"81881\" src=\"https:\/\/i2.wp.com\/grenoble-le-changement.fr\/wp-content\/uploads\/2025\/05\/download.jpg?w=678&amp;ssl=1\" alt=\"\" class=\"wp-image-81881 jetpack-lazy-image\" data-recalc-dims=\"1\" data-lazy-src=\"https:\/\/www.europesays.com\/fr\/wp-content\/uploads\/2025\/05\/download.jpg\" \/><\/a><\/p>\n<p><a href=\"https:\/\/i2.wp.com\/grenoble-le-changement.fr\/wp-content\/uploads\/2025\/05\/download-1.jpg?ssl=1\" rel=\"lightbox[81875] noopener\" target=\"_blank\"><img decoding=\"async\" data-id=\"81880\" src=\"https:\/\/i2.wp.com\/grenoble-le-changement.fr\/wp-content\/uploads\/2025\/05\/download-1.jpg?w=678&amp;ssl=1\" alt=\"\" class=\"wp-image-81880 jetpack-lazy-image\" data-recalc-dims=\"1\" data-lazy-src=\"https:\/\/www.europesays.com\/fr\/wp-content\/uploads\/2025\/05\/download-1.jpg\" \/><\/a><br \/>\nGuillaume Meurice pour l&rsquo;information objective et Fatima Ouassak, pour expliquer que le \u00a0\u00bb communautarisme est une invention de l&rsquo;extr\u00eame droite\u00a0\u00bb , la \u00a0\u00bb biennale des villes en transition \u00ab\u00a0<a href=\"https:\/\/grenoble-le-changement.fr\/2025\/04\/04\/biennale-des-villes-en-transition-la-grande-arnaque\/\" target=\"_blank\" rel=\"noopener\"> est aussi une vaste arnaque politique<\/a><\/p>\n<p><strong>Guillaume MEURICE S&rsquo;ATTAQUE ENCORE \u00e0 la DROITE &#8230;.<\/strong><\/p>\n<p>Le virtuel dans lequel elle se meut sur fonds publics est de plus en plus caricatural. Ainsi \u00ab l\u2019humoriste \u00bb qu\u2019elle a invit\u00e9 pour la<a href=\"https:\/\/grenoble-le-changement.fr\/2025\/04\/04\/biennale-des-villes-en-transition-la-grande-arnaque\/\" target=\"_blank\" rel=\"noopener\"> biennale des villes en transition (!) ,<\/a> Guillaume Meurice, licenci\u00e9 pour faute grave de Radio -France- faut le faire-\u00a0 est cens\u00e9 repr\u00e9senter \u00ab\u00a0une analyse pointue, objective et impartiale de l&rsquo;actualit\u00e9\u00a0\u00bb. Il r\u00e9pond \u00e0\u00a0 Jean-Benoit Vigny aujourd\u2019hui ( DL du 10\/5\/25) \u00e0 propos de la droite \u00a0\u00a0\u00bb ce sont des gens qui n\u2019aiment pas trop payer, ils n\u2019auront pas besoin de d\u00e9tourner du pognon pour venir\u2026 \u00a0\u00bb\u00a0<\/p>\n<p><strong>DANS UNE VILLE OU LE MAIRE D\u00c9JA CONDAMN\u00c9 EST SOUP\u00e7ONN\u00c9 d&rsquo;ARGENT ILLICITE<\/strong><\/p>\n<p>Un trait d&rsquo;humour comme l\u2019effet d\u2019un gaz hilarant dans une ville ou <a href=\"https:\/\/grenoble-le-changement.fr\/2023\/09\/07\/eric-piolle-condamne-la-fin-du-regne\/\" target=\"_blank\" rel=\"noopener\">le Maire d\u00e9j\u00e0 condamn\u00e9<\/a> et son ex Premi\u00e8re Adjointe, D\u00e9put\u00e9e LFI <a href=\"https:\/\/grenoble-le-changement.fr\/2024\/06\/05\/le-systeme-piolle-et-ses-remunerations-occultes-pour-elisa-martin\/\" target=\"_blank\" rel=\"noopener\">,sont soup\u00e7onn\u00e9s de reversement illicite d\u2019argent public en esp\u00e8ces<\/a>.\u00a0 \u00a0Le DL ne demande d\u2019ailleurs <a href=\"https:\/\/grenoble-le-changement.fr\/2025\/05\/04\/les-affaires-piolle-martin-et-ferrari-enterrees-au-parquet-de-valence\/\" target=\"_blank\" rel=\"noopener\">pas son avis \u00e0 ce sujet<\/a> \u00e0 Guillaume Meurice qui veut \u00a0\u00bb redistribuer les richesses\u00a0\u00bb qu&rsquo;il ne produit pas.\u00a0<\/p>\n<p>En r\u00e9alit\u00e9 il renvoie vulgairement\u00a0 l&rsquo;ascenseur aux \u00e9lus qui lui donnent une tribune. En \u00e9pargnant \u00a0Piolle, E.Martin,\u00a0<a href=\"https:\/\/grenoble-le-changement.fr\/2024\/07\/04\/klauss-habfast-adjoint-au-maire-condamne-pour-favoritisme\/\" target=\"_blank\" rel=\"noopener\"> K.Habfast ,<\/a> il ne fait que payer la d\u00eeme \u00e0 ses employeurs d\u2019un jour.<\/p>\n<p><strong>TOUT LE MONDE VOIT, PERSONNE N&rsquo;EST DUPE<\/strong><\/p>\n<p>Tous ces proc\u00e9d\u00e9s arrivent \u00e0 leur terme. Ils sont transparents pour tous les grenoblois, m\u00eame ceux d\u2019extr\u00eame gauche . Tout le monde voit. Personne n\u2019est dupe. Tout le monde comprend tr\u00e8s bien qu\u2019un arr\u00eat\u00e9 interdisant la d\u00e9tention de gaz hilarant dans une ville ou la municipalit\u00e9 \u00e9tale son impuissance\u00a0 sur tout , est incapable de ramasser une poubelle qui d\u00e9borde, ne vaut rien.\u00a0<\/p>\n<p><strong>ILS VEULENT TROMPER Y COMPRIS AVEC DES MILITANTS GRIM\u00c9S EN CLOWNS<\/strong><\/p>\n<p>Comme les Fran\u00e7ais , les grenoblois sont tr\u00e8s \u00ab\u00a0 politiques \u00bb. Il cherchent le pourquoi des choses et des propos. Avec les \u00e9lus Rouge\/Verts Grenoblois qui ont troqu\u00e9 toute vell\u00e9it\u00e9 de r\u00e9sultat pour une incantation sujet par sujet , avec l\u2019aide de quelques affid\u00e9s, qui jettent des rideaux de fum\u00e9e pour masquer la r\u00e9alit\u00e9 de la paup\u00e9risation de la ville, la lecture est de plus en plus facile. Ils veulent tromper et ne peuvent plus duper grand monde. M\u00eame avec des militants grim\u00e9s en clowns.\u00a0\u00a0<\/p>\n<p>\u00a0<\/p>\n","protected":false},"excerpt":{"rendered":"Posted On 10 mai 2025 S&rsquo;il ne s&rsquo;agissait d&rsquo;un sujet grave, la municipalit\u00e9 pr\u00eaterait \u00e0 rire. Pensez donc.&hellip;\n","protected":false},"author":2,"featured_media":88843,"comment_status":"","ping_status":"","sticky":false,"template":"","format":"standard","meta":{"footnotes":""},"categories":[9566],"tags":[1111,11,2430,9125,19902,10131,9607,1777,674,10306,1011,27,2731,19903,10307,10135,10136,12,10138,10139,25],"class_list":{"0":"post-88842","1":"post","2":"type-post","3":"status-publish","4":"format-standard","5":"has-post-thumbnail","7":"category-grenoble","8":"tag-actu","9":"tag-actualites","10":"tag-auvergne-rhone-alpes","11":"tag-biennale-des-villes-en-transition","12":"tag-ecole-anthoard","13":"tag-elisa-martin","14":"tag-eric-piolle","15":"tag-eu","16":"tag-europe","17":"tag-fatima-ouassak","18":"tag-fr","19":"tag-france","20":"tag-grenoble","21":"tag-guillaume-meurice","22":"tag-jean-benoit-vigny","23":"tag-klauss-habfsat","24":"tag-laurence-ruffin","25":"tag-news","26":"tag-pierre-andre-juven","27":"tag-place-grenet","28":"tag-republique-francaise"},"share_on_mastodon":{"url":"https:\/\/pubeurope.com\/@fr\/114482436404515980","error":""},"_links":{"self":[{"href":"https:\/\/www.europesays.com\/fr\/wp-json\/wp\/v2\/posts\/88842","targetHints":{"allow":["GET"]}}],"collection":[{"href":"https:\/\/www.europesays.com\/fr\/wp-json\/wp\/v2\/posts"}],"about":[{"href":"https:\/\/www.europesays.com\/fr\/wp-json\/wp\/v2\/types\/post"}],"author":[{"embeddable":true,"href":"https:\/\/www.europesays.com\/fr\/wp-json\/wp\/v2\/users\/2"}],"replies":[{"embeddable":true,"href":"https:\/\/www.europesays.com\/fr\/wp-json\/wp\/v2\/comments?post=88842"}],"version-history":[{"count":0,"href":"https:\/\/www.europesays.com\/fr\/wp-json\/wp\/v2\/posts\/88842\/revisions"}],"wp:featuredmedia":[{"embeddable":true,"href":"https:\/\/www.europesays.com\/fr\/wp-json\/wp\/v2\/media\/88843"}],"wp:attachment":[{"href":"https:\/\/www.europesays.com\/fr\/wp-json\/wp\/v2\/media?parent=88842"}],"wp:term":[{"taxonomy":"category","embeddable":true,"href":"https:\/\/www.europesays.com\/fr\/wp-json\/wp\/v2\/categories?post=88842"},{"taxonomy":"post_tag","embeddable":true,"href":"https:\/\/www.europesays.com\/fr\/wp-json\/wp\/v2\/tags?post=88842"}],"curies":[{"name":"wp","href":"https:\/\/api.w.org\/{rel}","templated":true}]}}