{"id":88852,"date":"2025-05-10T07:52:07","date_gmt":"2025-05-10T07:52:07","guid":{"rendered":"https:\/\/www.europesays.com\/fr\/88852\/"},"modified":"2025-05-10T07:52:07","modified_gmt":"2025-05-10T07:52:07","slug":"nice-le-restaurant-quick-fait-un-retour-triomphant-et-annonce-une-nouveaute","status":"publish","type":"post","link":"https:\/\/www.europesays.com\/fr\/88852\/","title":{"rendered":"Nice. Le restaurant Quick fait un retour triomphant et annonce une nouveaut\u00e9"},"content":{"rendered":"<p>            Par<br \/>\n        <strong><br \/>\n            <a href=\"https:\/\/actu.fr\/auteur\/ugo-maillard\" title=\"Consulter tous les articles de Ugo Maillard\" rel=\"nofollow noopener\" target=\"_blank\">Ugo Maillard<\/a><br \/>\n        <\/strong><\/p>\n<p>        Publi\u00e9 le<\/p>\n<p>            10 mai 2025 \u00e0 9h22        <\/p>\n<p>Les clients \u00e9taient attendus, les Ni\u00e7ois ont r\u00e9pondu pr\u00e9sents. Sur les coups de 11h ce 24\u00a0avril 2025, une <a href=\"https:\/\/actu.fr\/provence-alpes-cote-d-azur\/nice_06088\/quick-ouvre-a-nice-le-restaurant-deja-pris-d-assaut-par-les-nicois_62550747.html\" rel=\"nofollow noopener\" target=\"_blank\">file d\u2019attente<\/a> d\u2019une centaine de personnes s\u2019\u00e9tait constitu\u00e9e devant le <strong>restaurant Quick<\/strong> du 58 de l\u2019avenue Jean-M\u00e9decin, \u00e0 <a href=\"https:\/\/actu.fr\/nice\/\" rel=\"nofollow noopener\" target=\"_blank\">Nice<\/a>.<\/p>\n<p>    <a href=\"https:\/\/www.google.com\/maps\/embed?pb=!1m18!1m12!1m3!1d11537.508066649138!2d7.2760769!3d43.70271345!2m3!1f0!2f0!3f0!3m2!1i1024!2i768!4f13.1!3m3!1m2!1s0x12cdd00a7fa5f32f%3A0xd9a95e819fc94788!2sQuick%20Nice%20M%C3%A9decin!5e0!3m2!1sfr!2sfr!4v1746616179782!5m2!1sfr!2sfr\" title=\"Ouvrie le lien\" rel=\"nofollow noopener\" target=\"_blank\">Cliquez ici pour visualiser le contenu<\/a><\/p>\n<p class=\" wall-content\">Depuis la journ\u00e9e d\u2019inauguration, force est de constater que les clients sont toujours aussi nombreux aux heures du d\u00e9jeuner ou du d\u00eener.<\/p>\n<p class=\" wall-content\">Un succ\u00e8s qui r\u00e9jouit l\u2019enseigne de fast-food et le directeur du restaurant ni\u00e7ois.<\/p>\n<p>\u00ab\u2009Tr\u00e8s satisfaits\u2009\u00bb<\/p>\n<p class=\" wall-content\">Sollicit\u00e9 par la r\u00e9daction d\u2019actu Nice, le responsable du magasin a souhait\u00e9 r\u00e9pondre \u00e0 nos questions par le biais d\u2019un \u00e9change \u00e9crit.<\/p>\n<p>Vid\u00e9os : en ce moment sur Actu<\/p>\n<p class=\" wall-content\">\u00ab\u2009Nous sommes tr\u00e8s satisfaits de l\u2019accueil qu\u2019a re\u00e7u l\u2019ouverture du restaurant de Nice dans le quartier Jean-M\u00e9decin. Depuis le 24\u00a0avril dernier, les clients sont au rendez-vous et la queue devant le restaurant illustre la joie qu\u2019ils ont de retrouver l\u2019enseigne et leur engouement pour les recettes iconiques, comme les innovations que nous proposons\u2009\u00bb, se r\u00e9jouit Julien de Saint-Marie, le franchis\u00e9 Quick.<\/p>\n<p class=\" wall-content\">Un bilan plus que positif, m\u00eame si le patron <strong>ne souhaite pas communiquer le nombre de personnes<\/strong> accueillies depuis l\u2019ouverture du seul Quick des<a href=\"https:\/\/actu.fr\/provence-alpes-cote-d-azur\/alpes-maritimes_06\" rel=\"nofollow noopener\" target=\"_blank\"> Alpes-Maritimes<\/a>.<\/p>\n<p>Une nouveaut\u00e9 arrive<\/p>\n<p class=\" wall-content\">Pour donner l\u2019eau \u00e0 la bouche aux clients de Quick, l\u2019\u00e9quipe du restaurant de Nice annonce qu\u2019une nouvelle terrasse va \u00eatre mise en place.<\/p>\n<blockquote class=\"ac-article-quote wall-content\">\n<p>L\u2019\u00e9quipe du restaurant, tr\u00e8s professionnelle, est extr\u00eamement impliqu\u00e9e et participe pleinement au succ\u00e8s de cette ouverture.<\/p>\n<p>    <strong>Julien Sainte-Marie <\/strong><br \/>\n        Franchis\u00e9 Quick \u00e0 Nice    <\/p><\/blockquote>\n<p class=\" wall-content\">\u00ab\u2009Nous sommes tr\u00e8s positifs quant \u00e0 la suite et nous r\u00e9jouissons d\u2019accueillir de plus en plus de fans de la marque\u2009\u00bb, conclut le franchis\u00e9 Quick.<\/p>\n<p class=\" wall-content\">Suivez toute l\u2019actualit\u00e9 de vos villes et m\u00e9dias favoris en vous inscrivant \u00e0 <a href=\"https:\/\/moncompte.actu.fr\" title=\"D\u00e9couvez Mon Actu\" rel=\"nofollow noopener\" data-trk=\"{&quot;cta&quot;:{&quot;action&quot;:&quot;https:\\\/\\\/moncompte.actu.fr&quot;,&quot;category&quot;:&quot;mon compte&quot;,&quot;from&quot;:&quot;article footer&quot;,&quot;name&quot;:&quot;Mon actu&quot;,&quot;type&quot;:&quot;cta&quot;}}\" target=\"_blank\">Mon Actu<\/a>.<\/p>\n","protected":false},"excerpt":{"rendered":"Par Ugo Maillard Publi\u00e9 le 10 mai 2025 \u00e0 9h22 Les clients \u00e9taient attendus, les Ni\u00e7ois ont r\u00e9pondu&hellip;\n","protected":false},"author":2,"featured_media":88853,"comment_status":"","ping_status":"","sticky":false,"template":"","format":"standard","meta":{"footnotes":""},"categories":[2819],"tags":[1111,11,215,1777,674,1011,27,1305,12,2401,882,25,1340],"class_list":{"0":"post-88852","1":"post","2":"type-post","3":"status-publish","4":"format-standard","5":"has-post-thumbnail","7":"category-nice","8":"tag-actu","9":"tag-actualites","10":"tag-commerce","11":"tag-eu","12":"tag-europe","13":"tag-fr","14":"tag-france","15":"tag-lifestyle","16":"tag-news","17":"tag-nice","18":"tag-provence-alpes-cote-dazur","19":"tag-republique-francaise","20":"tag-restaurant"},"share_on_mastodon":{"url":"https:\/\/pubeurope.com\/@fr\/114482455976091765","error":""},"_links":{"self":[{"href":"https:\/\/www.europesays.com\/fr\/wp-json\/wp\/v2\/posts\/88852","targetHints":{"allow":["GET"]}}],"collection":[{"href":"https:\/\/www.europesays.com\/fr\/wp-json\/wp\/v2\/posts"}],"about":[{"href":"https:\/\/www.europesays.com\/fr\/wp-json\/wp\/v2\/types\/post"}],"author":[{"embeddable":true,"href":"https:\/\/www.europesays.com\/fr\/wp-json\/wp\/v2\/users\/2"}],"replies":[{"embeddable":true,"href":"https:\/\/www.europesays.com\/fr\/wp-json\/wp\/v2\/comments?post=88852"}],"version-history":[{"count":0,"href":"https:\/\/www.europesays.com\/fr\/wp-json\/wp\/v2\/posts\/88852\/revisions"}],"wp:featuredmedia":[{"embeddable":true,"href":"https:\/\/www.europesays.com\/fr\/wp-json\/wp\/v2\/media\/88853"}],"wp:attachment":[{"href":"https:\/\/www.europesays.com\/fr\/wp-json\/wp\/v2\/media?parent=88852"}],"wp:term":[{"taxonomy":"category","embeddable":true,"href":"https:\/\/www.europesays.com\/fr\/wp-json\/wp\/v2\/categories?post=88852"},{"taxonomy":"post_tag","embeddable":true,"href":"https:\/\/www.europesays.com\/fr\/wp-json\/wp\/v2\/tags?post=88852"}],"curies":[{"name":"wp","href":"https:\/\/api.w.org\/{rel}","templated":true}]}}