{"id":88856,"date":"2025-05-10T07:54:11","date_gmt":"2025-05-10T07:54:11","guid":{"rendered":"https:\/\/www.europesays.com\/fr\/88856\/"},"modified":"2025-05-10T07:54:11","modified_gmt":"2025-05-10T07:54:11","slug":"des-enfants-recherches-pour-un-film-avec-laetitia-casta-et-roschdy-zem","status":"publish","type":"post","link":"https:\/\/www.europesays.com\/fr\/88856\/","title":{"rendered":"des enfants recherch\u00e9s pour un film avec Laetitia Casta et Roschdy Zem"},"content":{"rendered":"<p>            Par<br \/>\n        <strong><br \/>\n            <a href=\"https:\/\/actu.fr\/auteur\/laure-gentil\" title=\"Consulter tous les articles de Laure Gentil\" target=\"_blank\" rel=\"noopener\">Laure Gentil<\/a><br \/>\n        <\/strong><\/p>\n<p>        Publi\u00e9 le<\/p>\n<p>            10 mai 2025 \u00e0 9h12        <\/p>\n<p>Christine Paillard, la r\u00e9alisatrice de Pourquoi tu souris\u2009?,\u00a0a lanc\u00e9 un nouveau tournage\u2009: Billie Melody, un film avec <strong>L\u00e6titia Casta<\/strong> et <strong>Roschdy Zem<\/strong>. Le film est soutenu par la r\u00e9gion Pays de la Loire et la production recherche des enfants pour jouer dans une sc\u00e8ne tourn\u00e9e \u00e0 Nantes.<\/p>\n<p>Synopsis du film<\/p>\n<p>Billie, 11 ans, est t\u00e9moin d\u2019une violente dispute entre ses parents la veille de la mort de son p\u00e8re. Avec sa m\u00e8re, beaut\u00e9 t\u00e9n\u00e9breuse \u00e0 la personnalit\u00e9 trouble et son fr\u00e8re en pleine crise d\u2019adolescence, elle d\u00e9m\u00e9nage pour une nouvelle vie. Mais comment faire le deuil et grandir alors que les doutes ne cessent de la hanter ?<\/p>\n<p>Quels sont les profils recherch\u00e9s\u2009?<\/p>\n<ul class=\" wall-content\">\n<li>Un <strong>r\u00f4le de fillette<\/strong> pour interpr\u00e9ter une \u00ab\u2009F\u00e9e clochette\u2009\u00bb. La figurante doit avoir <strong>5 \u00e0 6\u00a0ans<\/strong>. Elle jouera dans une sc\u00e8ne de \u00ab\u2009f\u00eate conviviale entre les parents de Billie, entour\u00e9s de leurs amis et de leurs enfants\u2009\u00bb. L\u2019enfant doit \u00eatre \u00ab\u2009malicieuse, rieuse, expressive, sensible, \u00e0 l\u2019\u00e9coute et qui aime faire des spectacles\u2009\u00bb.<\/li>\n<li><strong>Deux silhouettes de gar\u00e7ons<\/strong> <strong>de 10 \u00e0 12\u00a0ans<\/strong>. Ils joueront dans la m\u00eame sc\u00e8ne que la fillette. \u00ab\u2009Aucune exp\u00e9rience de jeu exig\u00e9e\u2009\u00bb.<\/li>\n<\/ul>\n<p class=\" wall-content\">Le tournage aura lieu \u00e0 Nantes cet \u00e9t\u00e9 et se d\u00e9roulera sur une journ\u00e9e. La r\u00e9mun\u00e9ration se fait au tarif conventionnel en vigueur.<\/p>\n<p>Comment postuler\u2009?<\/p>\n<p class=\" wall-content\">Il est n\u00e9cessaire d\u2019envoyer sa candidature \u00e0 l\u2019adresse\u2009:<strong> <a href=\"https:\/\/actu.fr\/cdn-cgi\/l\/email-protection\" class=\"__cf_email__\" data-cfemail=\"5f3c3e2c2b3631383d363333363a323a33303b261f38323e3633713c3032\" target=\"_blank\" rel=\"noopener\">[email\u00a0protected]<\/a><\/strong>. Il faut pr\u00e9ciser dans l\u2019<strong>objet du mail<\/strong> \u00ab\u2009F\u00e9e clochette\u2009\u00bb ou \u00ab\u2009Silhouette gar\u00e7on\u2009\u00bb, en fonction du r\u00f4le recherch\u00e9.<\/p>\n<p>Vid\u00e9os : en ce moment sur Actu<\/p>\n<p class=\" wall-content\">Le mail doit contenir <strong>une courte vid\u00e9o<\/strong> de pr\u00e9sentation d\u2019une \u00e0 deux minutes (pour le r\u00f4le de la petite fille), <strong>deux photos<\/strong> (en portrait et en pied), l\u2019\u00e2ge des figurants, l\u2019adresse et les coordonn\u00e9es (t\u00e9l\u00e9phone et mail).<\/p>\n<p class=\" wall-content\">Suivez toute l\u2019actualit\u00e9 de vos villes et m\u00e9dias favoris en vous inscrivant \u00e0 <a href=\"https:\/\/moncompte.actu.fr\" title=\"D\u00e9couvez Mon Actu\" rel=\"nofollow noopener\" data-trk=\"{&quot;cta&quot;:{&quot;action&quot;:&quot;https:\\\/\\\/moncompte.actu.fr&quot;,&quot;category&quot;:&quot;mon compte&quot;,&quot;from&quot;:&quot;article footer&quot;,&quot;name&quot;:&quot;Mon actu&quot;,&quot;type&quot;:&quot;cta&quot;}}\" target=\"_blank\">Mon Actu<\/a>.<\/p>\n","protected":false},"excerpt":{"rendered":"Par Laure Gentil Publi\u00e9 le 10 mai 2025 \u00e0 9h12 Christine Paillard, la r\u00e9alisatrice de Pourquoi tu souris\u2009?,\u00a0a&hellip;\n","protected":false},"author":2,"featured_media":88857,"comment_status":"","ping_status":"","sticky":false,"template":"","format":"standard","meta":{"footnotes":""},"categories":[2818],"tags":[1111,11,11668,650,1719,1777,674,1011,27,1652,766,12,2636,25],"class_list":{"0":"post-88856","1":"post","2":"type-post","3":"status-publish","4":"format-standard","5":"has-post-thumbnail","7":"category-nantes","8":"tag-actu","9":"tag-actualites","10":"tag-casting","11":"tag-cinema","12":"tag-enfants","13":"tag-eu","14":"tag-europe","15":"tag-fr","16":"tag-france","17":"tag-loisirs-culture","18":"tag-nantes","19":"tag-news","20":"tag-pays-de-la-loire","21":"tag-republique-francaise"},"share_on_mastodon":{"url":"https:\/\/pubeurope.com\/@fr\/114482463693347641","error":""},"_links":{"self":[{"href":"https:\/\/www.europesays.com\/fr\/wp-json\/wp\/v2\/posts\/88856","targetHints":{"allow":["GET"]}}],"collection":[{"href":"https:\/\/www.europesays.com\/fr\/wp-json\/wp\/v2\/posts"}],"about":[{"href":"https:\/\/www.europesays.com\/fr\/wp-json\/wp\/v2\/types\/post"}],"author":[{"embeddable":true,"href":"https:\/\/www.europesays.com\/fr\/wp-json\/wp\/v2\/users\/2"}],"replies":[{"embeddable":true,"href":"https:\/\/www.europesays.com\/fr\/wp-json\/wp\/v2\/comments?post=88856"}],"version-history":[{"count":0,"href":"https:\/\/www.europesays.com\/fr\/wp-json\/wp\/v2\/posts\/88856\/revisions"}],"wp:featuredmedia":[{"embeddable":true,"href":"https:\/\/www.europesays.com\/fr\/wp-json\/wp\/v2\/media\/88857"}],"wp:attachment":[{"href":"https:\/\/www.europesays.com\/fr\/wp-json\/wp\/v2\/media?parent=88856"}],"wp:term":[{"taxonomy":"category","embeddable":true,"href":"https:\/\/www.europesays.com\/fr\/wp-json\/wp\/v2\/categories?post=88856"},{"taxonomy":"post_tag","embeddable":true,"href":"https:\/\/www.europesays.com\/fr\/wp-json\/wp\/v2\/tags?post=88856"}],"curies":[{"name":"wp","href":"https:\/\/api.w.org\/{rel}","templated":true}]}}