{"id":888645,"date":"2026-04-24T01:59:23","date_gmt":"2026-04-24T01:59:23","guid":{"rendered":"https:\/\/www.europesays.com\/fr\/888645\/"},"modified":"2026-04-24T01:59:23","modified_gmt":"2026-04-24T01:59:23","slug":"ligue-1-illia-zabarnyi-suspendu-pour-un-match","status":"publish","type":"post","link":"https:\/\/www.europesays.com\/fr\/888645\/","title":{"rendered":"Ligue 1 &#8211; Illia Zabarnyi suspendu pour un match"},"content":{"rendered":"<p><img width=\"700\" height=\"350\" src=\"https:\/\/www.europesays.com\/fr\/wp-content\/uploads\/2025\/11\/Zabarnyi-.jpg\" class=\"attachment-jannah-image-post size-jannah-image-post wp-post-image\" alt=\"Zabarnyi\" is_main_img=\"1\" decoding=\"async\" fetchpriority=\"high\"  \/><br \/>\n Image :<br \/>\nPSG.fr<\/p>\n<p>Apr\u00e8s avoir r\u00e9colt\u00e9 un nouvel avertissement ce mercredi face<br \/>\nau FC Nantes, Illia Zabarnyi sera suspendu lors de la r\u00e9ception du<br \/>\nFC Lorient.<\/p>\n<p>Devenu un titulaire indiscutable en Ligue 1, <a href=\"https:\/\/canal-supporters.com\/illia-zabarnyi-na-pas-encore-repondu-aux-attentes-placees-en-lui\/\" rel=\"nofollow noopener\" target=\"_blank\"><br \/>\n<strong>Illia Zabarnyi<\/strong><\/a> sera dans l\u2019obligation de<br \/>\nmanquer un match du <strong>PSG<\/strong> dans ce sprint final de la<br \/>\nsaison 2025-2026. En effet, le d\u00e9fenseur parisien a \u00e9t\u00e9 sanctionn\u00e9<br \/>\nd\u2019un match de suspension par la <strong><a href=\"https:\/\/ligue1.com\/fr\/articles\/l1_article_4938-discipline-les-decisions-du-mercredi-22-avril\" target=\"_blank\" rel=\"noopener nofollow\" title=\"\">commission de discipline de<br \/>\nla LFP<\/a><\/strong>.<\/p>\n<p>Zabarnyi<br \/>\nmanquera la r\u00e9ception du FC Lorient<\/p>\n<p>Face au <strong>FC Nantes<\/strong> ce mercredi (3-0),<br \/>\nl\u2019international ukrainien a r\u00e9colt\u00e9 son cinqui\u00e8me carton jaune<br \/>\n(<strong>FC Lorient<\/strong>, <strong>OGC Nice<\/strong>,<br \/>\n<strong>Paris FC<\/strong>, <strong>Olympique Lyonnais<\/strong> et<br \/>\n<strong>FC Nantes<\/strong>) depuis le d\u00e9but de la saison<br \/>\n(<strong>Ligue 1 McDonald\u2019s<\/strong>, <strong>Coupe de<br \/>\nFrance<\/strong>, <strong>Troph\u00e9e des Champions<\/strong>),<br \/>\nentra\u00eenant donc une suspension pour une rencontre. La sanction<br \/>\nprendra effet \u00e0 partir du mardi 28 avril 2026. <strong>Illia<br \/>\nZabarnyi<\/strong> manquera donc la r\u00e9ception du <strong>FC<br \/>\nLorient<\/strong> le samedi 2 mai (17h sur beIN SPORTS),<br \/>\ncomptant pour la <strong>32e journ\u00e9e de Ligue 1<\/strong>.<\/p>\n<p>Cette rencontre face aux Merlus est plac\u00e9e entre les<br \/>\ndeux affiches face au <strong><a href=\"https:\/\/canal-supporters.com\/neuer-nous-pouvons-desormais-nous-pencher-sur-le-psg\/\" title=\"\" rel=\"nofollow noopener\" target=\"_blank\">Bayern Munich<\/a><\/strong> en <strong>Ligue des<br \/>\nchampions<\/strong> (28 avril \u2013 6 mai), une rencontre qui doit<br \/>\npermettre \u00e0 <strong>Luis Enrique<\/strong> de faire tourner son<br \/>\neffectif. Ce sera \u00e9galement un coup d\u2019arr\u00eat pour le num\u00e9ro 6<br \/>\nparisien, qui reste sur huit titularisations d\u2019affil\u00e9e en<br \/>\nchampionnat, en disputant l\u2019int\u00e9gralit\u00e9 des rencontres.<\/p>\n<\/p>\n<p>Youtube :<br \/>\n<strong><a href=\"https:\/\/www.youtube.com\/@CanalSupportersParis\" target=\"_blank\" rel=\"noopener nofollow\" title=\"\">Canal Supporters<br \/>\nParis<\/a><\/strong><\/p>\n","protected":false},"excerpt":{"rendered":"Image : PSG.fr Apr\u00e8s avoir r\u00e9colt\u00e9 un nouvel avertissement ce mercredi face au FC Nantes, Illia Zabarnyi sera&hellip;\n","protected":false},"author":2,"featured_media":506007,"comment_status":"","ping_status":"","sticky":false,"template":"","format":"standard","meta":{"footnotes":"","_share_on_mastodon":"0"},"categories":[1410],"tags":[17308,81,95416,24970,63,1011,27,39683,66,91,92,93,95417,60,96,29675],"class_list":["post-888645","post","type-post","status-publish","format-standard","has-post-thumbnail","category-football","tag-32e-journee-ligue-1","tag-canal-supporters","tag-commission-de-discipline-de-la-lfp","tag-defenseur-psg","tag-football","tag-fr","tag-france","tag-illia-zabarnyi","tag-ligue-1","tag-paris-saint-germain","tag-paris-sg","tag-psg","tag-psg-lorient","tag-sports","tag-une","tag-zabarnyi"],"share_on_mastodon":{"url":"https:\/\/pubeurope.com\/@fr\/116457214696836439","error":""},"_links":{"self":[{"href":"https:\/\/www.europesays.com\/fr\/wp-json\/wp\/v2\/posts\/888645","targetHints":{"allow":["GET"]}}],"collection":[{"href":"https:\/\/www.europesays.com\/fr\/wp-json\/wp\/v2\/posts"}],"about":[{"href":"https:\/\/www.europesays.com\/fr\/wp-json\/wp\/v2\/types\/post"}],"author":[{"embeddable":true,"href":"https:\/\/www.europesays.com\/fr\/wp-json\/wp\/v2\/users\/2"}],"replies":[{"embeddable":true,"href":"https:\/\/www.europesays.com\/fr\/wp-json\/wp\/v2\/comments?post=888645"}],"version-history":[{"count":0,"href":"https:\/\/www.europesays.com\/fr\/wp-json\/wp\/v2\/posts\/888645\/revisions"}],"wp:featuredmedia":[{"embeddable":true,"href":"https:\/\/www.europesays.com\/fr\/wp-json\/wp\/v2\/media\/506007"}],"wp:attachment":[{"href":"https:\/\/www.europesays.com\/fr\/wp-json\/wp\/v2\/media?parent=888645"}],"wp:term":[{"taxonomy":"category","embeddable":true,"href":"https:\/\/www.europesays.com\/fr\/wp-json\/wp\/v2\/categories?post=888645"},{"taxonomy":"post_tag","embeddable":true,"href":"https:\/\/www.europesays.com\/fr\/wp-json\/wp\/v2\/tags?post=888645"}],"curies":[{"name":"wp","href":"https:\/\/api.w.org\/{rel}","templated":true}]}}