{"id":88874,"date":"2025-05-10T08:03:16","date_gmt":"2025-05-10T08:03:16","guid":{"rendered":"https:\/\/www.europesays.com\/fr\/88874\/"},"modified":"2025-05-10T08:03:16","modified_gmt":"2025-05-10T08:03:16","slug":"latelier-m-de-marseille-expose-30-ans-de-gravure-taille-douce","status":"publish","type":"post","link":"https:\/\/www.europesays.com\/fr\/88874\/","title":{"rendered":"L\u2019Atelier M de Marseille expose 30 ans de gravure taille-douce"},"content":{"rendered":"<p><img loading=\"lazy\" decoding=\"async\" alt=\"\u00a9 D.R. - Sabine Besan\u00e7on et Maoual d\u00e9localisent L'Atelier M pour leur grande r\u00e9trospective anniversaire.\" data-zoom-src=\"https:\/\/www.europesays.com\/fr\/wp-content\/uploads\/2025\/05\/initial-atelier-m.jpg\" data-zoomable=\"\" height=\"702\" src=\"https:\/\/www.europesays.com\/fr\/wp-content\/uploads\/2025\/05\/initial-atelier-m.jpg\" width=\"1248\"\/>  <\/p>\n<p class=\"article-desc\">\u00a9 D.R. &#8211; Sabine Besan\u00e7on et Maoual d\u00e9localisent L&rsquo;Atelier M pour leur grande r\u00e9trospective anniversaire. <\/p>\n<p>Cr\u00e9\u00e9 en 1995 sous l\u2019impulsion de l\u2019<strong>artiste<\/strong> Maoual,<strong> l\u2019Atelier M<\/strong> est un lieu unique qui a pour vocation d\u2019inciter \u00e0 la <strong>cr\u00e9ation de gravures contemporaines et \u00e0 leur promotion<\/strong>. <\/p>\n<p>Ouvert les mardis et mercredis aux <strong>graveurs confirm\u00e9s<\/strong>, il offre dans une infrastructure adapt\u00e9e, un espace de <strong>cr\u00e9ation contemporaine<\/strong>. Les tirages se font directement sur place, gr\u00e2ce \u00e0 la pr\u00e9sence de <strong>plusieurs presses \u00e0 bras<\/strong> autorisant des<strong> impressions<\/strong> jusqu\u2019au format grand aigle (120 x 80 cm). <\/p>\n<p>Certains<strong> artistes \u00e9trangers<\/strong> ont m\u00eame pu b\u00e9n\u00e9ficier d\u2019une r\u00e9sidence. <\/p>\n<p>L&rsquo;Atelier M, organisme de formation certifi\u00e9 Qualiopi <\/p>\n<p>En dehors de <strong>l\u2019accueil de scolaires ou de petits stages de gravure entre amis<\/strong>, l\u2019Atelier M s\u2019est constitu\u00e9 en 1998 en <strong>organisme de formation certifi\u00e9 Qualiopi<\/strong>. <\/p>\n<p>Continuant la passation du savoir et la <strong>conservation du savoir-faire<\/strong>, Maoual et Sabine Besan\u00e7on <strong>forment ensemble les artistes tout au long de leur formation<\/strong>. Pr\u00e8s d\u2019une centaine ont ici appris une technique, la <strong>gravure taille-douce<\/strong>, qui consiste \u00e0 imprimer une matrice en m\u00e9tal, zinc ou cuivre, sur du papier, \u00e0 l\u2019aide d\u2019une presse \u00e0 bras. Un art majeur d\u00e9j\u00e0 pratiqu\u00e9 par de nombreux artistes c\u00e9l\u00e8bres, tels Rembrandt, D\u00fcrer ou Gustave Dor\u00e9.<\/p>\n<p> <img decoding=\"async\" alt=\"\" data-zoomable=\"\" height=\"1367\" loading=\"lazy\" src=\"https:\/\/www.europesays.com\/fr\/wp-content\/uploads\/2025\/05\/atelier-m-toile.jpg\" width=\"1775\"\/> \u00a9 D.R. &#8211; Une gravure qui fera partie de l&rsquo;exposition de L&rsquo;Atelier M. Des \u0153uvres allant de la gravure classique \u00e0 des pi\u00e8ces plus contemporaines <\/p>\n<p>L\u2019Atelier M, <strong>le plus ancien atelier de gravure de Marseille<\/strong> propose, lors de son exposition, une balade au travers des<strong> \u0153uvres des graveurs <\/strong>qui ont contribu\u00e9 \u00e0 son histoire. <\/p>\n<p>A cette occasion, il exporte ses 30 ans de gravure taille-douce en <strong>plein c\u0153ur de la ville<\/strong>, dans une salle de 300 m2, l\u2019espace \u00ab 3013 \u00bb au <strong>52 rue de la R\u00e9publique<\/strong>, du 22 au 25 mai. <\/p>\n<p>Des <strong>\u0153uvres<\/strong> vari\u00e9es, allant de la<strong> gravure classique \u00e0 des pi\u00e8ces plus contemporaines<\/strong>, t\u00e9moignent de la pluralit\u00e9 d\u2019artistes graveurs \u00e9mergents et confirm\u00e9s. <\/p>\n<p>Une exposition en quatre temps <\/p>\n<p><strong>L\u2019exposition<\/strong> s\u2019organise autour de quatre volets. Avec les \u00ab\u00a0Anciens\u00a0\u00bb, elle pr\u00e9sente le travail des premiers graveurs de l\u2019atelier et leurs <strong>\u0153uvres fondatrices<\/strong>. Puis les \u00ab\u00a0Piliers de l\u2019atelier\u00a0\u00bb illustrent une exploration des <strong>recherches et innovations<\/strong> qu\u2019ont apport\u00e9es les artistes au fil des ann\u00e9es. <\/p>\n<p>On d\u00e9couvre ensuite les \u00ab Form\u00e9s \u00bb, cette centaine d\u2019artistes venue de toute la France, qui est venue se former et qui t\u00e9moigne des th\u00e8mes r\u00e9currents dans la gravure. Le quatri\u00e8me volet est une<strong> installation des plaques de m\u00e9tal<\/strong> qui ont servi \u00e0 graver ainsi qu\u2019un diaporama rendant compte du travail et de l\u2019ambiance de l\u2019atelier\u2026<\/p>\n<p> <img decoding=\"async\" alt=\"\" data-zoomable=\"\" height=\"2666\" loading=\"lazy\" src=\"https:\/\/www.europesays.com\/fr\/wp-content\/uploads\/2025\/05\/presse-retravaillee.jpg\" width=\"2000\"\/> \u00a9 D.R. &#8211; Cette exposition permettra au grand public de d\u00e9couvrir le mat\u00e9riel utilis\u00e9 pour r\u00e9aliser de la gravure taille-douce. Horaires et programme de l&rsquo;Atelier M <\/p>\n<p><strong>Vernissage<\/strong> le mardi 20 mai \u00e0 18 h, <strong>d\u00e9monstrations<\/strong> du mercredi 21 au samedi 24 mai de 17 h \u00e0 18 h, <strong>ateliers d\u2019\u00e9criture<\/strong>, \u00e9dition d\u2019un jeu de 54 cartes repr\u00e9sentant chacune une \u0153uvre d\u2019art d\u2019un des graveurs expos\u00e9s\u2026 \u00ab 30 ans de gravure taille-douce \u00bb se d\u00e9couvrent du mardi 20 au dimanche 25 mai 2025 de 10 h \u00e0 20 h. <\/p>\n<p>Espace \u00ab 3013 \u00bb, 52 rue de la R\u00e9publique, 13002 Marseille. <\/p>\n<p>Entr\u00e9e gratuite. Brunch de d\u00e9vernissage le dimanche matin de 11 h \u00e0 14 h. <\/p>\n<p>Plus d\u2019informations sur <a class=\"invalid-link\" href=\"http:\/\/www.latelier-m.org\" target=\"_blank\" rel=\"noopener\">www.latelier-m.org<\/a> et <a href=\"https:\/\/fb.me\/e\/6aFu7DLhy\" rel=\"noopener\" target=\"_blank\">https:\/\/fb.me\/e\/6aFu7DLhy<\/a>.<\/p>\n","protected":false},"excerpt":{"rendered":"\u00a9 D.R. &#8211; Sabine Besan\u00e7on et Maoual d\u00e9localisent L&rsquo;Atelier M pour leur grande r\u00e9trospective anniversaire. Cr\u00e9\u00e9 en 1995&hellip;\n","protected":false},"author":2,"featured_media":88875,"comment_status":"","ping_status":"","sticky":false,"template":"","format":"standard","meta":{"footnotes":""},"categories":[2814],"tags":[1111,11,3734,1477,18004,2937,1777,674,1011,27,884,19907,12,882,25],"class_list":{"0":"post-88874","1":"post","2":"type-post","3":"status-publish","4":"format-standard","5":"has-post-thumbnail","7":"category-marseille","8":"tag-actu","9":"tag-actualites","10":"tag-art","11":"tag-artisanat","12":"tag-artisans","13":"tag-artistes","14":"tag-eu","15":"tag-europe","16":"tag-fr","17":"tag-france","18":"tag-marseille","19":"tag-mu00e9tiers-dart","20":"tag-news","21":"tag-provence-alpes-cote-dazur","22":"tag-republique-francaise"},"share_on_mastodon":{"url":"https:\/\/pubeurope.com\/@fr\/114482499063615068","error":""},"_links":{"self":[{"href":"https:\/\/www.europesays.com\/fr\/wp-json\/wp\/v2\/posts\/88874","targetHints":{"allow":["GET"]}}],"collection":[{"href":"https:\/\/www.europesays.com\/fr\/wp-json\/wp\/v2\/posts"}],"about":[{"href":"https:\/\/www.europesays.com\/fr\/wp-json\/wp\/v2\/types\/post"}],"author":[{"embeddable":true,"href":"https:\/\/www.europesays.com\/fr\/wp-json\/wp\/v2\/users\/2"}],"replies":[{"embeddable":true,"href":"https:\/\/www.europesays.com\/fr\/wp-json\/wp\/v2\/comments?post=88874"}],"version-history":[{"count":0,"href":"https:\/\/www.europesays.com\/fr\/wp-json\/wp\/v2\/posts\/88874\/revisions"}],"wp:featuredmedia":[{"embeddable":true,"href":"https:\/\/www.europesays.com\/fr\/wp-json\/wp\/v2\/media\/88875"}],"wp:attachment":[{"href":"https:\/\/www.europesays.com\/fr\/wp-json\/wp\/v2\/media?parent=88874"}],"wp:term":[{"taxonomy":"category","embeddable":true,"href":"https:\/\/www.europesays.com\/fr\/wp-json\/wp\/v2\/categories?post=88874"},{"taxonomy":"post_tag","embeddable":true,"href":"https:\/\/www.europesays.com\/fr\/wp-json\/wp\/v2\/tags?post=88874"}],"curies":[{"name":"wp","href":"https:\/\/api.w.org\/{rel}","templated":true}]}}