{"id":88880,"date":"2025-05-10T08:06:08","date_gmt":"2025-05-10T08:06:08","guid":{"rendered":"https:\/\/www.europesays.com\/fr\/88880\/"},"modified":"2025-05-10T08:06:08","modified_gmt":"2025-05-10T08:06:08","slug":"week-end-des-10-et-11-mai-six-idees-de-sorties-en-ile-de-france-le-parisien","status":"publish","type":"post","link":"https:\/\/www.europesays.com\/fr\/88880\/","title":{"rendered":"Week-end des 10 et 11 mai : six id\u00e9es de sorties en \u00cele-de-France &#8211; Le Parisien"},"content":{"rendered":"<ol>\n<li><a href=\"https:\/\/news.google.com\/rss\/articles\/CBMiggJBVV95cUxPTWF3R2tjVnVRSlJ6M3U4dUIxSFpsUzVPeTNLazNBV05BbG5peC1NUThyNXd4Q0Mwd1hVSUNZZTlsYlRTU3BrWWhGNHBxRzBQQ1NaU0ZfakVBLXZOSk5PYmtXSVRzdDgtX3VXc3Z4dWhjNkluT3ZteDJyOGdVc1ZuYkZNMzAxeEpFMk1OU3pHWFU4ZlVzdzFFam8zZThEMlBwMVZ0ZnNFbzlLWVFYbTZZWFVjcEtGNEg3Y0FaTjhKQWcxT01DNVRrYkdlUTZPUzJRN0FoNDd3Y3dyMkJxQmpPV2FqcVdqMm52QU5RZjdPWEQ2eFl1VGF6RUNJdy0xaDVySkE?oc=5\" target=\"_blank\" rel=\"nofollow noopener\">Week-end des 10 et 11 mai : six id\u00e9es de sorties en \u00cele-de-France<\/a>&nbsp;&nbsp;Le Parisien<\/li>\n<li><a href=\"https:\/\/news.google.com\/rss\/articles\/CBMi1gFBVV95cUxQd05KUTFBVUVWS1F2Sm9LVVY3SXRHaVVGRnN4d2VTcHVQN2c0NS1sbWxPV2M4RmNiQURwcFcxU3VTOElOamJXbnB5R0otWXB1U2ZLQUw1OVhPbl8tVkRpWHlkQ1VZQWZwRGtMWkJPaTVmelR1Q19vT081S1dBYlZ2RUhwTTA0U1RSZ1gtcmVFeWJUU2Rkc3lLMTQ2d3pYdDlBWEdOempXLUx2TnJlVElmRXFycnhGUzhzcTNaMlhDMC1xMHUwem5BZWhQUkd0aDJwUzlHUnZn?oc=5\" target=\"_blank\" rel=\"nofollow noopener\">Les sorties de ce week-end prolong\u00e9 \u00e0 ne pas manquer \u00e0 Paris et en \u00cele-de-France<\/a>&nbsp;&nbsp;Sortir \u00e0 Paris<\/li>\n<li><a href=\"https:\/\/news.google.com\/rss\/articles\/CBMijgFBVV95cUxPaEg2aHR3TDlsX2kyREtjZzNaTjJqSXh5bTY3TGZYN2VtSzlteVRXWE5uOEc3RFA3dGttVm1OUFh2SHBUM2J0UUNxVm4yQm9GTC1XRHBvb2hscEtCZzMwaVdHVEJEY2s2bWxjRml6ZEc3ZEtxdm5PUVdWMmZfaXB6eXc2amo5MDFrbDhHSXRB?oc=5\" target=\"_blank\" rel=\"nofollow noopener\">Que faire \u00e0 Paris ce long week-end ? (8-11 mai)<\/a>&nbsp;&nbsp;Le Bonbon<\/li>\n<li><a href=\"https:\/\/news.google.com\/rss\/articles\/CBMiwgFBVV95cUxNUFdkcjIzLTh1S3lwQTdYcFpaSGpSMldIQlZkOWJqS0pmeFFiMHJLS05PbzVWdjJuZlFHNFkxMTZ6V1loRUZGbWowcFUwcE1BVjVrZTRqeEgyc3R4RU9PY0E2dHh1UkdKeVAzRlFpVWhXcTZWTXNrYU5jNHYtMXM0bnpnNW5HQXNnTWE3a3NLaWZ3WlMtV2owNTVMYjFnMmFlWThGb0NxdnRxdTNuT3Y0eWhwZWhKcDY0RXVPNmQ0UG9iQQ?oc=5\" target=\"_blank\" rel=\"nofollow noopener\">Que faire \u00e0 Paris ce week-end, du 10 au 11 mai 2025 avec les enfants ?<\/a>&nbsp;&nbsp;Sortir \u00e0 Paris<\/li>\n<li><a href=\"https:\/\/news.google.com\/rss\/articles\/CBMi6gFBVV95cUxPeU9Nc0lrSVFFQktqekV2YV9DbWVaUjVvamxIQzUwbnd4MWtBcHdEdlMwc2NqRnlUYnJTRXl5SDJzUXJYVmdwbDhKSFlndWtlQ1MxSnpNUkQzNDhOUGFtTTEzbjhOS0JkeDZOUEJOcEQyTFBkYmFaU3VHMG1pazhONDdlb0VZRkc4YWFZcVA3R2dLZ05uYXJCWG1nUlB3dmZwT19XR2pxLWNLZmNHcG9hYkpzR01Xb0xkRkdMYVdRVlU3NTI5Z0YtQmhWcVNTWmptal9lZGpuRmlJSFZxTndmdzJtbnVhVmtRc3c?oc=5\" target=\"_blank\" rel=\"nofollow noopener\">Les bons plans de cette semaine \u00e0 Paris du 12 au 18 mai 2025 : sorties gratuites ou abordables<\/a>&nbsp;&nbsp;Sortir \u00e0 Paris<\/li>\n<\/ol>\n","protected":false},"excerpt":{"rendered":"Week-end des 10 et 11 mai : six id\u00e9es de sorties en \u00cele-de-France&nbsp;&nbsp;Le Parisien Les sorties de ce&hellip;\n","protected":false},"author":2,"featured_media":88881,"comment_status":"","ping_status":"","sticky":false,"template":"","format":"standard","meta":{"footnotes":""},"categories":[1592],"tags":[1111,11,872,1777,674,1011,27,662,12,626,25,6047],"class_list":{"0":"post-88880","1":"post","2":"type-post","3":"status-publish","4":"format-standard","5":"has-post-thumbnail","7":"category-ile-de-france","8":"tag-actu","9":"tag-actualites","10":"tag-culture-et-loisirs","11":"tag-eu","12":"tag-europe","13":"tag-fr","14":"tag-france","15":"tag-ile-de-france","16":"tag-news","17":"tag-paris","18":"tag-republique-francaise","19":"tag-sortir-en-region-parisienne"},"share_on_mastodon":{"url":"https:\/\/pubeurope.com\/@fr\/114482510982970666","error":""},"_links":{"self":[{"href":"https:\/\/www.europesays.com\/fr\/wp-json\/wp\/v2\/posts\/88880","targetHints":{"allow":["GET"]}}],"collection":[{"href":"https:\/\/www.europesays.com\/fr\/wp-json\/wp\/v2\/posts"}],"about":[{"href":"https:\/\/www.europesays.com\/fr\/wp-json\/wp\/v2\/types\/post"}],"author":[{"embeddable":true,"href":"https:\/\/www.europesays.com\/fr\/wp-json\/wp\/v2\/users\/2"}],"replies":[{"embeddable":true,"href":"https:\/\/www.europesays.com\/fr\/wp-json\/wp\/v2\/comments?post=88880"}],"version-history":[{"count":0,"href":"https:\/\/www.europesays.com\/fr\/wp-json\/wp\/v2\/posts\/88880\/revisions"}],"wp:featuredmedia":[{"embeddable":true,"href":"https:\/\/www.europesays.com\/fr\/wp-json\/wp\/v2\/media\/88881"}],"wp:attachment":[{"href":"https:\/\/www.europesays.com\/fr\/wp-json\/wp\/v2\/media?parent=88880"}],"wp:term":[{"taxonomy":"category","embeddable":true,"href":"https:\/\/www.europesays.com\/fr\/wp-json\/wp\/v2\/categories?post=88880"},{"taxonomy":"post_tag","embeddable":true,"href":"https:\/\/www.europesays.com\/fr\/wp-json\/wp\/v2\/tags?post=88880"}],"curies":[{"name":"wp","href":"https:\/\/api.w.org\/{rel}","templated":true}]}}