{"id":88888,"date":"2025-05-10T08:10:12","date_gmt":"2025-05-10T08:10:12","guid":{"rendered":"https:\/\/www.europesays.com\/fr\/88888\/"},"modified":"2025-05-10T08:10:12","modified_gmt":"2025-05-10T08:10:12","slug":"8-expos-gratuites-a-voir-absolument-a-paris-ce-week-end","status":"publish","type":"post","link":"https:\/\/www.europesays.com\/fr\/88888\/","title":{"rendered":"8 expos gratuites \u00e0 voir absolument \u00e0 Paris ce week-end"},"content":{"rendered":"<p>Inutile de d\u00e9penser un centime pour se laisser surprendre. \u00c0 rebours des accrochages confidentiels ou des files \u00e0 rallonge, plusieurs <a href=\"https:\/\/www.timeout.fr\/paris\/art\/les-expositions-du-moment\" target=\"_blank\" rel=\"noopener\">expositions<\/a> ouvertes \u00e0 tous offrent un parcours stimulant dans le paysage culturel parisien. Entre sc\u00e8nes \u00e9mergentes, d\u00e9tours urbains et r\u00eaveries interstellaires, la capitale se parcourt comme une galerie \u00e0 ciel ouvert. Voici\u00a0huit expos \u00e0 arpenter sans sortir sa carte bleue, mais en gardant les yeux grands ouverts.\u00a0<\/p>\n<p><strong>1. \u201c100% l\u2019expo\u201d \u00e0 la Villette<\/strong><\/p>\n<p>On attaque fort avec une expo qui vit ses derniers jours. Direction la Grande Halle de la Villette pour d\u00e9couvrir la 7e \u00e9dition de <a href=\"https:\/\/www.timeout.fr\/paris\/actualites\/100-lexpo-2025-les-grands-artistes-de-demain-debarquent-a-la-grande-halle-de-la-villette-et-cest-gratuit-021525\" target=\"_blank\" rel=\"noopener\">100 % l\u2019Expo<\/a>, o\u00f9 des artistes fra\u00eechement dipl\u00f4m\u00e9s d\u00e9voilent leurs toutes premi\u00e8res cr\u00e9ations au grand public. Plus de 3 500 m\u00b2 pour faire exploser les formats : peinture, sculpture, vid\u00e9o, installation\u2026 Un joyeux m\u00e9lange de techniques et d\u2019univers qui secoue les codes de l\u2019art contemporain. Cerise sur le pinceau : une sc\u00e9nographie 100 % r\u00e9cup\u2019, bricol\u00e9e \u00e0 partir d\u2019\u00e9l\u00e9ments chin\u00e9s lors d\u2019anciens \u00e9v\u00e9nements.<\/p>\n<p>Quand ? Jusqu\u2019au\u00a0 11 mai<\/p>\n<p><strong>2. \u201cChaosmos\u201d au MAIF Social Club\u00a0<\/strong><\/p>\n<p>Cette fois, on d\u00e9colle. Direction Chaosmos, une expo port\u00e9e par le MAIF Social Club qui nous invite \u00e0 repenser notre mani\u00e8re d\u2019habiter la Terre \u2013 avec l\u2019aide de 12 artistes venus des quatre coins du monde. \u00c0 voir jusqu\u2019au 26 juillet, et \u00e7a vaut clairement le d\u00e9tour. Au programme : vues a\u00e9riennes, plong\u00e9es dans le Big Bang, vir\u00e9es interstellaires\u2026 Chaque installation explore, \u00e0 sa fa\u00e7on, notre lien \u00e0 la nature, du minuscule au cosmique.\u00a0<\/p>\n<p><img decoding=\"async\" id=\"5376a9e9-8131-73c9-29b4-cb11270bdc4d\" class=\"photo lazy inline\" loading=\"lazy\" data-component=\"lazy-embed\" src=\"https:\/\/www.europesays.com\/fr\/wp-content\/uploads\/2025\/05\/1746864610_724_image.webp.webp\" alt=\"\u201cChaosmos\u201d au MAIF Social Club \" data-caption=\"\" data-credit=\"\u00a9 \u201cChaosmos\u201d au MAIF Social Club \" data-width-class=\"\" data-image-id=\"106273348\"\/>&#13;<br \/>\n\u00a9 \u201cChaosmos\u201d au MAIF Social Club&#13;<\/p>\n<p>Quand ? Jusqu\u2019au 26 juillet<\/p>\n<p><strong>3. \u201cAs Above so Below\u201d \u00e0 Lafayette Anticipations\u00a0<\/strong><\/p>\n<p>Apr\u00e8s le cosmos, on continue \u00e0 planer (attention \u00e0 l\u2019atterrissage). Cap sur As Above So Below, une nouvelle exploration de notre rapport au monde sign\u00e9e Mark Leckey, \u00e0 d\u00e9couvrir jusqu\u2019au 20 juillet \u00e0 <a href=\"https:\/\/www.timeout.fr\/paris\/art\/lafayette-anticipations\" target=\"_blank\" rel=\"noopener\">Lafayette Anticipations<\/a>. Ici, l\u2019artiste ouvre un portail vers l\u2019ailleurs : une odyss\u00e9e sensorielle inspir\u00e9e de ses exp\u00e9riences personnelles, o\u00f9 le banal devient mystique. Ponts, abribus, r\u00e9verb\u00e8res\u2026 le quotidien urbain se pare d\u2019une aura m\u00e9di\u00e9vale dans une iconographie hybride et envo\u00fbtante. Un trip visuel d\u00e9routant, pens\u00e9 pour nous ensorceler plus que nous expliquer. Et c\u2019est \u00e7a qu\u2019on aime.\u00a0<\/p>\n<p>Quand ? Jusqu\u2019au 20 juillet<\/p>\n<p><strong>4. \u201cDistances\u201d \u00e0 la galerie Yvon Lambert<\/strong><\/p>\n<p>Lumi\u00e8re tamis\u00e9e, silence feutr\u00e9 et paysages suspendus : on encha\u00eene avec une parenth\u00e8se de douceur \u00e0 la galerie Yvon Lambert. Jusqu\u2019au 25 mai, elle accueille Distances, la nouvelle expo du photographe Romain Laprade. Pour cette quatri\u00e8me collaboration avec la galerie, l\u2019artiste poursuit son exploration minimaliste du monde. \u00c0 travers des clich\u00e9s d\u2019une pr\u00e9cision presque m\u00e9ditative, on embarque pour l\u2019Ouest am\u00e9ricain, l\u2019Europe ou l\u2019Asie, entre lignes modernistes, d\u00e9serts paisibles, int\u00e9rieurs calmes et fragments urbains.\u00a0\u00a0<\/p>\n<p><img decoding=\"async\" id=\"1450dadb-a7de-b5a0-6fb2-e7ab36e4ef70\" class=\"photo lazy inline\" loading=\"lazy\" data-component=\"lazy-embed\" src=\"https:\/\/www.europesays.com\/fr\/wp-content\/uploads\/2025\/05\/1746864612_948_image.webp.webp\" alt=\"Romain Laprade \u00ab Distances \u00bb\" data-caption=\"\" data-credit=\"\u00a9 Romain Laprade \u00ab Distances \u00bb\" data-width-class=\"\" data-image-id=\"106273349\"\/>&#13;<br \/>\n\u00a9 Romain Laprade \u00ab Distances \u00bb&#13;<\/p>\n<p>Quand ? Jusqu\u2019au 25 mai\u00a0<\/p>\n<p><strong>5. \u201cFrank Bowling. Collage\u201d \u00e0 la galerie Hauser &amp; Wirth Paris<\/strong><\/p>\n<p>\u00c0 91 ans, Frank Bowling signe sa toute premi\u00e8re expo solo en France, et \u00e7a vaut le d\u00e9tour. Jusqu\u2019au 24 mai, la galerie Hauser &amp; Wirth expose ses \u0153uvres des ann\u00e9es 2000 \u00e0 aujourd\u2019hui, centr\u00e9es sur le collage. Au programme : quatre toiles g\u00e9antes, dont un mastodonte de 4,4 m\u00e8tres (Skid), qui m\u00ealent acrylique flamboyante, objets du quotidien et hommages discrets \u00e0 Matisse. Une mati\u00e8re vivante qui transforme le chaos en po\u00e9sie color\u00e9e. \u00c0 voir d\u2019urgence.<\/p>\n<p>Quand ? Jusqu\u2019au 24 mai<\/p>\n<p><strong>6. \u201cG\u00e9b\u00e9 : un g\u00e9ni du dessin de presse\u201d \u00e0 La BnF<\/strong><\/p>\n<p>G\u00e9b\u00e9, alias Georges Blondeaux, sort de l\u2019ombre pour mieux briller \u00e0 la BnF, qui lui consacre une expo hommage jusqu\u2019au 19 octobre. En partenariat avec la Maison du dessin de presse, l\u2019\u00e9v\u00e9nement remet sur le devant de la sc\u00e8ne ce g\u00e9ant du dessin satirique. Co-fondateur des l\u00e9gendaires Hara-Kiri et Charlie Hebdo, G\u00e9b\u00e9 a dynamit\u00e9 la presse fran\u00e7aise \u00e0 coups de planches acides, Unes provoc, photos et affiches mordantes. En 16 panneaux, son parcours se d\u00e9ploie, avec en filigrane un hommage aux compagnons de plume disparus en janvier 2015.\u00a0<\/p>\n<p>Quand ? Jusqu\u2019au 19 octobre<\/p>\n<p><strong>7. \u201cL\u2019\u00e9cologie des choses\u201d \u00e0 la Maison de la culture du Japon \u00e0 Paris<\/strong>\u00a0<\/p>\n<p>Jusqu\u2019au 26 juillet, direction le Japon sans quitter Paris. La Maison de la culture du Japon accueille une expo \u00e0 la fois po\u00e9tique et engag\u00e9e, qui explore les liens entre artistes nippons et environnement, des ann\u00e9es 1970 \u00e0 aujourd\u2019hui. \u00c0 travers plusieurs g\u00e9n\u00e9rations d\u2019artistes, on assiste \u00e0 une r\u00e9\u00e9valuation sensible de notre rapport au monde, entre nature brute et mat\u00e9riaux industriels. Une exp\u00e9rience m\u00e9ditative, sensorielle, o\u00f9 se m\u00ealent paysages sonores, visuels, langage et mati\u00e8res premi\u00e8res.<\/p>\n<p>Quand ? Jusqu\u2019au 26 juillet<\/p>\n<p><strong>8. \u201cElan Vital\u201d au faubourg Saint-Honor\u00e9 (8e)<\/strong><\/p>\n<p>Apr\u00e8s tous ces voyages dans le temps (et autour du globe), on revient les pieds sur Terre, et bien ancr\u00e9s, avec \u00c9lan Vital. L\u2019artiste italien Andrea Roggi d\u00e9ploie ses sculptures monumentales en plein air dans le faubourg Saint-Honor\u00e9 jusqu\u2019au 12 juillet. Six arbres de vie en bronze, enracin\u00e9s entre la place de la Madeleine, l\u2019H\u00f4tel de Crillon et la place Maurice Barr\u00e8s. Une balade artistique \u00e0 ciel ouvert, \u00e0 savourer sous le soleil, o\u00f9 chaque \u0153uvre capte le regard et invite \u00e0 lever les yeux.<\/p>\n<p>Quand ? Jusqu\u2019au 12 juillet<\/p>\n","protected":false},"excerpt":{"rendered":"Inutile de d\u00e9penser un centime pour se laisser surprendre. \u00c0 rebours des accrochages confidentiels ou des files \u00e0&hellip;\n","protected":false},"author":2,"featured_media":88889,"comment_status":"","ping_status":"","sticky":false,"template":"","format":"standard","meta":{"footnotes":""},"categories":[1888],"tags":[11,19909,3734,19908,1777,674,1011,27,12,626,25],"class_list":{"0":"post-88888","1":"post","2":"type-post","3":"status-publish","4":"format-standard","5":"has-post-thumbnail","7":"category-paris","8":"tag-actualites","9":"tag-actualites-art","10":"tag-art","11":"tag-categories-art","12":"tag-eu","13":"tag-europe","14":"tag-fr","15":"tag-france","16":"tag-news","17":"tag-paris","18":"tag-republique-francaise"},"share_on_mastodon":{"url":"https:\/\/pubeurope.com\/@fr\/114482526624805653","error":""},"_links":{"self":[{"href":"https:\/\/www.europesays.com\/fr\/wp-json\/wp\/v2\/posts\/88888","targetHints":{"allow":["GET"]}}],"collection":[{"href":"https:\/\/www.europesays.com\/fr\/wp-json\/wp\/v2\/posts"}],"about":[{"href":"https:\/\/www.europesays.com\/fr\/wp-json\/wp\/v2\/types\/post"}],"author":[{"embeddable":true,"href":"https:\/\/www.europesays.com\/fr\/wp-json\/wp\/v2\/users\/2"}],"replies":[{"embeddable":true,"href":"https:\/\/www.europesays.com\/fr\/wp-json\/wp\/v2\/comments?post=88888"}],"version-history":[{"count":0,"href":"https:\/\/www.europesays.com\/fr\/wp-json\/wp\/v2\/posts\/88888\/revisions"}],"wp:featuredmedia":[{"embeddable":true,"href":"https:\/\/www.europesays.com\/fr\/wp-json\/wp\/v2\/media\/88889"}],"wp:attachment":[{"href":"https:\/\/www.europesays.com\/fr\/wp-json\/wp\/v2\/media?parent=88888"}],"wp:term":[{"taxonomy":"category","embeddable":true,"href":"https:\/\/www.europesays.com\/fr\/wp-json\/wp\/v2\/categories?post=88888"},{"taxonomy":"post_tag","embeddable":true,"href":"https:\/\/www.europesays.com\/fr\/wp-json\/wp\/v2\/tags?post=88888"}],"curies":[{"name":"wp","href":"https:\/\/api.w.org\/{rel}","templated":true}]}}