{"id":88898,"date":"2025-05-10T08:15:10","date_gmt":"2025-05-10T08:15:10","guid":{"rendered":"https:\/\/www.europesays.com\/fr\/88898\/"},"modified":"2025-05-10T08:15:10","modified_gmt":"2025-05-10T08:15:10","slug":"royaume-uni-deux-hommes-condamnes-pour-avoir-avoir-abattu-un-arbre-emblematique","status":"publish","type":"post","link":"https:\/\/www.europesays.com\/fr\/88898\/","title":{"rendered":"Royaume-Uni : deux hommes condamn\u00e9s pour avoir avoir abattu un arbre embl\u00e9matique"},"content":{"rendered":"<p class=\"jsx-4170996143 jsx-2164199691 ExpandableText__Text\">Ils sont accus\u00e9s d\u2019avoir abattu le Sycamore Gap tree, arbre l\u00e9gendaire jouxtant le mur d\u2019Hadrien. L\u2019acte avait provoqu\u00e9 une grande \u00e9motion. L&rsquo;arbre \u00e9tait apparu dans de nombreux films.<\/p>\n<p>Lire plus<\/p>\n<p class=\"jsx-3271851086 ArticleHeaderCopyright__Source flex items-center\">Source : Les MATINS LCI<\/p>\n<ul aria-label=\"Hashtags associ\u00e9s\" class=\"jsx-2672637473 StackTags__List flex\">\n<li style=\"color:var(--color-focusBlue)\" class=\"jsx-2672637473 StackTags__List__Item\">#<a href=\"https:\/\/www.tf1info.fr\/emission\/les-matins-lci-week-end-11276\/\" rel=\"noopener\" class=\"jsx-3455910436 Link\" target=\"_blank\">Les Matins LCI &#8211; Week-end<\/a><\/li>\n<li style=\"color:var(--color-focusBlue)\" class=\"jsx-2672637473 StackTags__List__Item\">#<a href=\"https:\/\/www.tf1info.fr\/actualite\/justice-10987\/\" rel=\"noopener\" class=\"jsx-3455910436 Link\" target=\"_blank\">Justice<\/a><\/li>\n<li style=\"color:var(--color-focusBlue)\" class=\"jsx-2672637473 StackTags__List__Item\">#<a href=\"https:\/\/www.tf1info.fr\/actualite\/royaume-uni-10052\/\" rel=\"noopener\" class=\"jsx-3455910436 Link\" target=\"_blank\">Royaume-Uni<\/a><\/li>\n<\/ul>\n<ol class=\"jsx-3116133996 Breadcrumb__Wrapper\">\n<li class=\"jsx-3116133996 Breadcrumb__Element\"><a href=\"https:\/\/www.tf1info.fr\/\" rel=\"noopener\" class=\"jsx-3118104007 Link\" target=\"_blank\">Accueil<\/a><\/li>\n<li class=\"jsx-3116133996 Breadcrumb__Element\">&#8211;<a href=\"https:\/\/www.tf1info.fr\/international\/\" rel=\"noopener\" class=\"jsx-3118104007 Link\" target=\"_blank\">International<\/a><\/li>\n<li class=\"jsx-3116133996 Breadcrumb__Element\">&#8211;<a href=\"https:\/\/www.tf1info.fr\/international\/videos\/\" rel=\"noopener\" class=\"jsx-3118104007 Link\" target=\"_blank\">Vid\u00e9os &#8211; International<\/a><\/li>\n<li class=\"jsx-3116133996 Breadcrumb__Element\">-Royaume-Uni : deux hommes condamn\u00e9s pour avoir avoir abattu un arbre embl\u00e9matique<\/li>\n<\/ol>\n<p>Replier<\/p>\n","protected":false},"excerpt":{"rendered":"Ils sont accus\u00e9s d\u2019avoir abattu le Sycamore Gap tree, arbre l\u00e9gendaire jouxtant le mur d\u2019Hadrien. L\u2019acte avait provoqu\u00e9&hellip;\n","protected":false},"author":2,"featured_media":88899,"comment_status":"","ping_status":"","sticky":false,"template":"","format":"standard","meta":{"footnotes":""},"categories":[1588],"tags":[11,1777,674,303,19910,12,473,1853,1851,1850,1852,133,1920],"class_list":{"0":"post-88898","1":"post","2":"type-post","3":"status-publish","4":"format-standard","5":"has-post-thumbnail","7":"category-royaume-uni","8":"tag-actualites","9":"tag-eu","10":"tag-europe","11":"tag-justice","12":"tag-les-matins-lci-week-end","13":"tag-news","14":"tag-royaume-uni","15":"tag-royaume-uni-de-grande-bretagne-et-dirlande-du-nord","16":"tag-uk","17":"tag-united-kingdom","18":"tag-united-kingdom-of-great-britain-and-northern-ireland","19":"tag-video","20":"tag-video-international"},"share_on_mastodon":{"url":"https:\/\/pubeurope.com\/@fr\/114482546228854350","error":""},"_links":{"self":[{"href":"https:\/\/www.europesays.com\/fr\/wp-json\/wp\/v2\/posts\/88898","targetHints":{"allow":["GET"]}}],"collection":[{"href":"https:\/\/www.europesays.com\/fr\/wp-json\/wp\/v2\/posts"}],"about":[{"href":"https:\/\/www.europesays.com\/fr\/wp-json\/wp\/v2\/types\/post"}],"author":[{"embeddable":true,"href":"https:\/\/www.europesays.com\/fr\/wp-json\/wp\/v2\/users\/2"}],"replies":[{"embeddable":true,"href":"https:\/\/www.europesays.com\/fr\/wp-json\/wp\/v2\/comments?post=88898"}],"version-history":[{"count":0,"href":"https:\/\/www.europesays.com\/fr\/wp-json\/wp\/v2\/posts\/88898\/revisions"}],"wp:featuredmedia":[{"embeddable":true,"href":"https:\/\/www.europesays.com\/fr\/wp-json\/wp\/v2\/media\/88899"}],"wp:attachment":[{"href":"https:\/\/www.europesays.com\/fr\/wp-json\/wp\/v2\/media?parent=88898"}],"wp:term":[{"taxonomy":"category","embeddable":true,"href":"https:\/\/www.europesays.com\/fr\/wp-json\/wp\/v2\/categories?post=88898"},{"taxonomy":"post_tag","embeddable":true,"href":"https:\/\/www.europesays.com\/fr\/wp-json\/wp\/v2\/tags?post=88898"}],"curies":[{"name":"wp","href":"https:\/\/api.w.org\/{rel}","templated":true}]}}