{"id":88908,"date":"2025-05-10T08:20:10","date_gmt":"2025-05-10T08:20:10","guid":{"rendered":"https:\/\/www.europesays.com\/fr\/88908\/"},"modified":"2025-05-10T08:20:10","modified_gmt":"2025-05-10T08:20:10","slug":"la-vigilance-activee-dans-un-tiers-du-pays-ce-samedi-voici-ou-la-foudre-va-tomber","status":"publish","type":"post","link":"https:\/\/www.europesays.com\/fr\/88908\/","title":{"rendered":"la vigilance activ\u00e9e dans un tiers du pays ce samedi, voici o\u00f9 la foudre va tomber"},"content":{"rendered":"<p>            Par<br \/>\n        <strong><br \/>\n            <a href=\"https:\/\/actu.fr\/auteur\/redaction-actu\" title=\"Consulter tous les articles de R\u00e9daction Actu\" target=\"_blank\" rel=\"noopener\">R\u00e9daction Actu<\/a><br \/>\n        <\/strong><\/p>\n<p>        Publi\u00e9 le<\/p>\n<p>            10 mai 2025 \u00e0 7h09        <\/p>\n<p><a href=\"https:\/\/actu.fr\/meteo\/une-nouvelle-salve-d-orages-violents-a-venir-presque-partout-en-france-ce-week-end-les-regions-touchees_62606124.html\" target=\"_blank\" rel=\"noopener\">Le temps restera instable<\/a>, en ce pont du 8 mai 2025, entre averses et orages. Les orages signent leur grand retour, au point que <a href=\"https:\/\/vigilance.meteofrance.fr\/fr\" target=\"_blank\" rel=\"noopener\">M\u00e9t\u00e9o France a d\u00e9clench\u00e9 la vigilance<\/a> jaune pour <a href=\"https:\/\/actu.fr\/meteo\/les-orages-sont-de-retour-presque-20-departements-places-en-vigilance-ce-vendredi-a-quoi-s-attendre_62611406.html\" target=\"_blank\" rel=\"noopener\">une vingtaine de d\u00e9partements vendredi 9\u00a0mai<\/a>.<\/p>\n<p class=\" wall-content\">Et pour la journ\u00e9e du samedi 10 mai, ce sont plusieurs dizaines de d\u00e9partements qui sont concern\u00e9s par la vigilance aux orages violents de l\u2019organisme de pr\u00e9vision. \u00c0 noter qu\u2019il y a aussi des d\u00e9partements en vigilance avalanches.<\/p>\n<p>La liste des d\u00e9partements en vigilance pour samedi 10 mai 2025 :<\/p>\n<p>Allier\u00a0\t:\tOrages<br \/>Ari\u00e8ge\u00a0\t:\tOrages<br \/>Charente\t:\tOrages<br \/>Charente-Maritime\t:\tOrages<br \/>C\u00f4tes d&rsquo;Armor\t:\tOrages<br \/>Creuse\t:\tOrages<br \/>Dordogne\t:\tOrages<br \/>Doubs\t:\tOrages<br \/>Finist\u00e8re\t:\tOrages<br \/>Haute-Garonne\t:\tVent, Orages<br \/>Gers\t:\tOrages<br \/>Gironde\t:\tOrages<br \/>Ille-et-Vilaine\t:\tOrages<br \/>Indre\t:\tOrages<br \/>Indre-et-Loire\u00a0\t:\tOrages<br \/>Landes\t:\tOrages<br \/>Loire-Atlantique\t:\tOrages<br \/>Lot-et-Garonne\t:\tOrages<br \/>Maine-et-Loire\t:\tOrages<br \/>Manche\t:\tOrages<br \/>Mayenne\t:\tOrages<br \/>Morbihan\t:\tOrages<br \/>Puy-de-D\u00f4me\t:\tOrages<br \/>Pyr\u00e9n\u00e9es-Atlantiques\t:\tOrages, Avalanches<br \/>Hautes-Pyr\u00e9n\u00e9es\t:\tOrages, Avalanches<br \/>Sarthe\t:\tOrages<br \/>Deux-S\u00e8vres\t:\tOrages<br \/>Tarn\t:\tVent<br \/>Tarn-et-Garonne\t:\tOrages<br \/>Vend\u00e9e\t:\tOrages<br \/>Vienne\t:\tOrages<br \/>Haute-Vienne\t:\tOrages<\/p>\n<p>Des orages et quelques rafales attendus samedi<\/p>\n<p class=\" wall-content\">Le sc\u00e9nario du week-end dernier pourrait bien se r\u00e9p\u00e9ter. Les temp\u00e9ratures au sol devraient \u00eatre moins \u00e9lev\u00e9es, r\u00e9duisant un peu le choc des masses d\u2019air et les ph\u00e9nom\u00e8nes tr\u00e8s violents.<\/p>\n<p class=\" wall-content\">\u00ab\u00a0Des \u00e9pisodes de gr\u00eale et de fortes pr\u00e9cipitations sont encore possibles, notamment dans le sud-ouest et l\u2019ouest\u00a0\u00bb, <a href=\"https:\/\/actu.fr\/meteo\/une-nouvelle-salve-d-orages-violents-a-venir-presque-partout-en-france-ce-week-end-les-regions-touchees_62606124.html\" target=\"_blank\" rel=\"noopener\">a indiqu\u00e9 le m\u00e9t\u00e9orologue Yann Amice \u00e0 actu.fr<\/a>.<\/p>\n<p>Vid\u00e9os : en ce moment sur Actu<\/p>\n<p class=\" wall-content\">Samedi 10\u00a0mai, les orages devraient se former le long de la fa\u00e7ade atlantique et sur les principaux massifs montagneux.<\/p>\n<p class=\" wall-content\"><img decoding=\"async\" loading=\"lazy\" class=\"alignnone size-medium_large\" src=\"https:\/\/www.europesays.com\/fr\/wp-content\/uploads\/2025\/05\/animiertes-gif-von-online-umwandeln-de.gif\" width=\"760\" height=\"760\"\/><\/p>\n<p class=\" wall-content\">\u00ab\u2009Sur la fa\u00e7ade atlantique, les passages nuageux seront fr\u00e9quents d\u00e8s le matin, avec quelques averses sur le nord-ouest\u2009\u00bb, et \u00ab\u2009le temps tournera \u00e0 l\u2019orage au fil des heures\u2009\u00bb, indique <a href=\"https:\/\/meteofrance.com\/\" target=\"_blank\" rel=\"noopener\">M\u00e9t\u00e9o France dans ses pr\u00e9visions<\/a>\u00a0pour samedi.<\/p>\n<blockquote class=\"ac-article-quote wall-content\">\n<p>Dans l\u2019apr\u00e8s-midi, les averses orageuses seront assez fortes par endroits de la Gironde aux Pyr\u00e9n\u00e9es-Atlantiques avec parfois de la gr\u00eale et des rafales de vent atteignant les 90\/100\u00a0km\/h.<\/p>\n<p>    <strong>M\u00e9t\u00e9o France<\/strong>\n            <\/p><\/blockquote>\n<p class=\" wall-content\">Quelques orages \u00e9clateront aussi sur l\u2019ensemble de la fa\u00e7ade ouest dans l\u2019apr\u00e8s-midi, et sur les Pyr\u00e9n\u00e9es et les Alpes. Ils se renforceront dans la soir\u00e9e des Pays de la Loire \u00e0 la Charente, pr\u00e9cise l\u2019organisme m\u00e9t\u00e9o.<\/p>\n<p>Des orages encore plus virulents dimanche<\/p>\n<p class=\" wall-content\">Puis, dimanche 11\u00a0mai, les orages devraient progresser et concerner une grande partie de la moiti\u00e9 ouest de l\u2019Hexagone. Ils devraient alors devenir plus organis\u00e9s et plus virulents que la veille.<\/p>\n<p class=\" wall-content\">Les salves orageuses devraient se d\u00e9caler vers l\u2019est, lundi\u00a012 et mardi 13\u00a0mai, avant que les temp\u00e9ratures ne rebaissent un peu partout.<\/p>\n<p class=\" wall-content\">Suivez toute l\u2019actualit\u00e9 de vos villes et m\u00e9dias favoris en vous inscrivant \u00e0 <a href=\"https:\/\/moncompte.actu.fr\" title=\"D\u00e9couvez Mon Actu\" rel=\"nofollow noopener\" data-trk=\"{&quot;cta&quot;:{&quot;action&quot;:&quot;https:\\\/\\\/moncompte.actu.fr&quot;,&quot;category&quot;:&quot;mon compte&quot;,&quot;from&quot;:&quot;article footer&quot;,&quot;name&quot;:&quot;Mon actu&quot;,&quot;type&quot;:&quot;cta&quot;}}\" target=\"_blank\">Mon Actu<\/a>.<\/p>\n","protected":false},"excerpt":{"rendered":"Par R\u00e9daction Actu Publi\u00e9 le 10 mai 2025 \u00e0 7h09 Le temps restera instable, en ce pont du&hellip;\n","protected":false},"author":2,"featured_media":88909,"comment_status":"","ping_status":"","sticky":false,"template":"","format":"standard","meta":{"footnotes":""},"categories":[2],"tags":[11,1011,27,2487,2357,12,4594,25],"class_list":{"0":"post-88908","1":"post","2":"type-post","3":"status-publish","4":"format-standard","5":"has-post-thumbnail","7":"category-actualites","8":"tag-actualites","9":"tag-fr","10":"tag-france","11":"tag-meteo","12":"tag-meteo-france","13":"tag-news","14":"tag-orages","15":"tag-republique-francaise"},"share_on_mastodon":{"url":"https:\/\/pubeurope.com\/@fr\/114482566155289975","error":""},"_links":{"self":[{"href":"https:\/\/www.europesays.com\/fr\/wp-json\/wp\/v2\/posts\/88908","targetHints":{"allow":["GET"]}}],"collection":[{"href":"https:\/\/www.europesays.com\/fr\/wp-json\/wp\/v2\/posts"}],"about":[{"href":"https:\/\/www.europesays.com\/fr\/wp-json\/wp\/v2\/types\/post"}],"author":[{"embeddable":true,"href":"https:\/\/www.europesays.com\/fr\/wp-json\/wp\/v2\/users\/2"}],"replies":[{"embeddable":true,"href":"https:\/\/www.europesays.com\/fr\/wp-json\/wp\/v2\/comments?post=88908"}],"version-history":[{"count":0,"href":"https:\/\/www.europesays.com\/fr\/wp-json\/wp\/v2\/posts\/88908\/revisions"}],"wp:featuredmedia":[{"embeddable":true,"href":"https:\/\/www.europesays.com\/fr\/wp-json\/wp\/v2\/media\/88909"}],"wp:attachment":[{"href":"https:\/\/www.europesays.com\/fr\/wp-json\/wp\/v2\/media?parent=88908"}],"wp:term":[{"taxonomy":"category","embeddable":true,"href":"https:\/\/www.europesays.com\/fr\/wp-json\/wp\/v2\/categories?post=88908"},{"taxonomy":"post_tag","embeddable":true,"href":"https:\/\/www.europesays.com\/fr\/wp-json\/wp\/v2\/tags?post=88908"}],"curies":[{"name":"wp","href":"https:\/\/api.w.org\/{rel}","templated":true}]}}