{"id":88910,"date":"2025-05-10T08:21:10","date_gmt":"2025-05-10T08:21:10","guid":{"rendered":"https:\/\/www.europesays.com\/fr\/88910\/"},"modified":"2025-05-10T08:21:10","modified_gmt":"2025-05-10T08:21:10","slug":"des-rafales-jusqua-130-km-h-attendues-voici-ou-ca-va-souffler","status":"publish","type":"post","link":"https:\/\/www.europesays.com\/fr\/88910\/","title":{"rendered":"des rafales jusqu&rsquo;\u00e0 130 km\/h attendues, voici o\u00f9 \u00e7a va souffler"},"content":{"rendered":"<p>            Par<br \/>\n        <strong><br \/>\n            <a href=\"https:\/\/actu.fr\/auteur\/anne-laure-petit-henon\" title=\"Consulter tous les articles de Anne-Laure Petit-H\u00e9non\" rel=\"nofollow noopener\" target=\"_blank\">Anne-Laure Petit-H\u00e9non<\/a><br \/>\n        <\/strong><\/p>\n<p>        Publi\u00e9 le<\/p>\n<p>            10 mai 2025 \u00e0 10h11        <\/p>\n<p>D\u00e9cid\u00e9ment, c\u00f4t\u00e9 m\u00e9t\u00e9o, pour ce long week-end du 8\u00a0mai 2025, on n\u2019est pas verni.<\/p>\n<p class=\" wall-content\">En plus d\u2019une trentaine de d\u00e9partements plac\u00e9s en vigilance jaune en<a href=\"https:\/\/actu.fr\/meteo\/orages-violents-la-vigilance-activee-dans-un-tiers-du-pays-ce-samedi-voici-ou-la-foudre-va-tomber_62615544.html\" rel=\"nofollow noopener\" target=\"_blank\"> pr\u00e9visions d\u2019orages violents<\/a>, M\u00e9t\u00e9o France anticipe un fort coup de vent. <strong>Le Tarn et la Haute-Garonne<\/strong> sont en vigilance depuis ce matin, 6\u00a0heures.<\/p>\n<p class=\" wall-content\">Dans le Sud-Ouest, le vent est d\u00e9j\u00e0 pr\u00e9sent ce matin et des rafales \u00e0 <strong>plus de 100\u00a0km\/h<\/strong> sont attendues d\u2019ici \u00e0 ce midi.<\/p>\n<p class=\" wall-content\"><img decoding=\"async\" loading=\"lazy\" class=\"alignnone size-medium_large\" src=\"https:\/\/www.europesays.com\/fr\/wp-content\/uploads\/2025\/05\/animiertes-gif-von-online-umwandeln-de-1-1.gif\" width=\"760\" height=\"760\"\/><\/p>\n<p>Jusqu\u2019\u00e0 130\u00a0km\/h en fin de journ\u00e9e<\/p>\n<p class=\" wall-content\">Dans son bulletin matinal, <a href=\"https:\/\/actu.fr\/tag\/meteo-france\" rel=\"nofollow noopener\" target=\"_blank\">M\u00e9t\u00e9o France<\/a> pr\u00e9voit \u00ab\u2009par endroits de la Gironde aux Pyr\u00e9n\u00e9es-Atlantiques\u2009\u00bb, des averses orageuses en plus de \u00ab\u2009gr\u00eale et des rafales de vent atteignant les 80\/90\u00a0km\/h\u2009\u00bb.<\/p>\n<p class=\" wall-content\">Dans le Sud, en cours d\u2019apr\u00e8s-midi, \u00ab\u2009le<a href=\"https:\/\/actu.fr\/meteo\/c-est-quoi-l-autan-noir-ce-phenomene-qui-rend-fou-a-l-origine-du-gros-coup-de-vent-prevu-cette-semaine_62327046.html\" rel=\"nofollow noopener\" target=\"_blank\"> vent d\u2019autan<\/a> se renforce jusqu\u2019\u00e0 60 \u00e0 80\u00a0km\/h\u2009\u00bb.<\/p>\n<p class=\" wall-content\">Mais localement, selon le mod\u00e8le m\u00e9t\u00e9o Icon-EU, le vent pourra atteindre, voire d\u00e9passer, les 130\u00a0km\/h.<\/p>\n<p>Vid\u00e9os : en ce moment sur Actu<\/p>\n<p class=\" wall-content\"><img decoding=\"async\" loading=\"lazy\" class=\"alignnone size-medium_large\" src=\"https:\/\/www.europesays.com\/fr\/wp-content\/uploads\/2025\/05\/animiertes-gif-von-online-umwandeln-de-3.gif\" width=\"760\" height=\"760\"\/><\/p>\n<p>Un conflit de masse d\u2019air<\/p>\n<p class=\" wall-content\">La cause de cette <strong>m\u00e9t\u00e9o instable<\/strong>\u2009? Un conflit de masse d\u2019air. Comment l\u2019explique le m\u00e9t\u00e9orologue Yann Amice dans un <a href=\"https:\/\/actu.fr\/meteo\/une-nouvelle-salve-d-orages-violents-a-venir-presque-partout-en-france-ce-week-end-les-regions-touchees_62606124.html\" rel=\"nofollow noopener\" target=\"_blank\">pr\u00e9c\u00e9dent article<\/a>, depuis vendredi 9\u00a0mai, \u00ab\u2009de l\u2019air plus chaud venu d\u2019Afrique du Nord\u2009\u00bb remonte sur la France. Mais \u00ab\u2009en raison de la pr\u00e9sence d\u2019air froid en altitude qui glissera une nouvelle fois par l\u2019ouest\u2009\u00bb, l\u2019instabilit\u00e9 domine.<\/p>\n<p class=\" wall-content\">Comme le rapportent nos coll\u00e8gues d\u2019<a href=\"https:\/\/actu.fr\/occitanie\/toulouse_31555\/remontee-d-orages-depuis-les-pyrenees-ce-que-meteo-france-prevoit-a-toulouse-et-en-occitanie-ce-week-end_62613113.html\" rel=\"nofollow noopener\" target=\"_blank\">actu Toulouse<\/a>, \u00ab\u2009cette instabilit\u00e9 pourrait se traduire par un fort vent d\u2019autan dans le <strong>secteur de Revel<\/strong>, comme cela a \u00e9t\u00e9 si souvent le cas ces derni\u00e8res semaines, avec parfois de gros d\u00e9g\u00e2ts.\u2009\u00bb<\/p>\n<blockquote class=\"ac-article-quote wall-content\">\n<p>Des rafales \u00e0 80 km\/h pourront \u00eatre enregistr\u00e9es dans le sud du Tarn et dans le Lauragais, en Haute-Garonne. Elles pourront m\u00eame atteindre les 100 km\/h sur les secteurs expos\u00e9s de la Montagne Noire.<\/p>\n<p>    <strong>actu Toulouse<\/strong>\n            <\/p><\/blockquote>\n<p class=\" wall-content\">Plus proche de l\u2019Atlantique, <a href=\"https:\/\/actu.fr\/meteo\/meteo-dans-les-landes-attention-a-des-orages-localement-forts-ce-samedi_62617981.html\" rel=\"nofollow noopener\" target=\"_blank\">actu Landes<\/a> note que \u00ab\u2009des rafales de vent jusqu\u2019\u00e0 70\/90\u00a0km\/h et une activit\u00e9 \u00e9lectrique marqu\u00e9e\u2009\u00bb attendent les Pyr\u00e9n\u00e9es-Atlantiques ce samedi.<\/p>\n<p class=\" wall-content\">Suivez toute l\u2019actualit\u00e9 de vos villes et m\u00e9dias favoris en vous inscrivant \u00e0 <a href=\"https:\/\/moncompte.actu.fr\" title=\"D\u00e9couvez Mon Actu\" rel=\"nofollow noopener\" data-trk=\"{&quot;cta&quot;:{&quot;action&quot;:&quot;https:\\\/\\\/moncompte.actu.fr&quot;,&quot;category&quot;:&quot;mon compte&quot;,&quot;from&quot;:&quot;article footer&quot;,&quot;name&quot;:&quot;Mon actu&quot;,&quot;type&quot;:&quot;cta&quot;}}\" target=\"_blank\">Mon Actu<\/a>.<\/p>\n","protected":false},"excerpt":{"rendered":"Par Anne-Laure Petit-H\u00e9non Publi\u00e9 le 10 mai 2025 \u00e0 10h11 D\u00e9cid\u00e9ment, c\u00f4t\u00e9 m\u00e9t\u00e9o, pour ce long week-end du&hellip;\n","protected":false},"author":2,"featured_media":88911,"comment_status":"","ping_status":"","sticky":false,"template":"","format":"standard","meta":{"footnotes":""},"categories":[4],"tags":[11,1011,27,2487,2357,12,25],"class_list":{"0":"post-88910","1":"post","2":"type-post","3":"status-publish","4":"format-standard","5":"has-post-thumbnail","7":"category-france","8":"tag-actualites","9":"tag-fr","10":"tag-france","11":"tag-meteo","12":"tag-meteo-france","13":"tag-news","14":"tag-republique-francaise"},"share_on_mastodon":{"url":"https:\/\/pubeurope.com\/@fr\/114482569872311497","error":""},"_links":{"self":[{"href":"https:\/\/www.europesays.com\/fr\/wp-json\/wp\/v2\/posts\/88910","targetHints":{"allow":["GET"]}}],"collection":[{"href":"https:\/\/www.europesays.com\/fr\/wp-json\/wp\/v2\/posts"}],"about":[{"href":"https:\/\/www.europesays.com\/fr\/wp-json\/wp\/v2\/types\/post"}],"author":[{"embeddable":true,"href":"https:\/\/www.europesays.com\/fr\/wp-json\/wp\/v2\/users\/2"}],"replies":[{"embeddable":true,"href":"https:\/\/www.europesays.com\/fr\/wp-json\/wp\/v2\/comments?post=88910"}],"version-history":[{"count":0,"href":"https:\/\/www.europesays.com\/fr\/wp-json\/wp\/v2\/posts\/88910\/revisions"}],"wp:featuredmedia":[{"embeddable":true,"href":"https:\/\/www.europesays.com\/fr\/wp-json\/wp\/v2\/media\/88911"}],"wp:attachment":[{"href":"https:\/\/www.europesays.com\/fr\/wp-json\/wp\/v2\/media?parent=88910"}],"wp:term":[{"taxonomy":"category","embeddable":true,"href":"https:\/\/www.europesays.com\/fr\/wp-json\/wp\/v2\/categories?post=88910"},{"taxonomy":"post_tag","embeddable":true,"href":"https:\/\/www.europesays.com\/fr\/wp-json\/wp\/v2\/tags?post=88910"}],"curies":[{"name":"wp","href":"https:\/\/api.w.org\/{rel}","templated":true}]}}