{"id":889186,"date":"2026-04-24T08:04:27","date_gmt":"2026-04-24T08:04:27","guid":{"rendered":"https:\/\/www.europesays.com\/fr\/889186\/"},"modified":"2026-04-24T08:04:27","modified_gmt":"2026-04-24T08:04:27","slug":"ancien-malade-des-hopitaux-de-paris-toujours-en-forme","status":"publish","type":"post","link":"https:\/\/www.europesays.com\/fr\/889186\/","title":{"rendered":"Ancien malade des h\u00f4pitaux de Paris\u00a0: Toujours en forme"},"content":{"rendered":"<p class=\"has-drop-cap\">Avec son extraordinaire mont\u00e9e dramatique, son style vif et tr\u00e8s dr\u00f4le, le court roman de\u00a0<strong>Daniel Pennac<\/strong>\u00a0poss\u00e8de une belle th\u00e9\u00e2tralit\u00e9 qui n\u2019a pas \u00e9chapp\u00e9 \u00e0\u00a0<strong>Olivier Saladin<\/strong>.\u00a0Ancien malade des h\u00f4pitaux de Paris\u00a0raconte l\u2019histoire du Docteur Galvan qui revient sur une nuit de garde lorsqu\u2019il \u00e9tait interne aux urgences. Ambitieux et arriviste, sa principale\u00a0pr\u00e9occupation \u00e9tait de se constituer une belle carte de visite. Issu d\u2019une longue lign\u00e9e de m\u00e9decins,\u00a0l\u2019existence\u00a0du jeune interne semblait\u00a0toute trac\u00e9e\u2026 Jusqu\u2019\u00e0 cette nuit de garde, o\u00f9 il a vu son destin basculer.<\/p>\n<p><strong>\u00ab\u00a0Quand je pense qu\u2019\u00e0 cause de ce clown j\u2019ai failli larguer la m\u00e9decine\u00a0!\u00a0\u00bb<\/strong><\/p>\n<p>Un homme ne se sentant pas tr\u00e8s bien vient de d\u00e9barquer aux urgences. Ce patient un peu particulier va alors s\u2019appliquer \u00e0 d\u00e9velopper, \u00e0 divers degr\u00e9s et \u00e0 une vitesse folle, une succession de maladies. Les diagnostics vont s\u2019encha\u00eener, obligeant le docteur \u00e0 pousser son chariot et son patient dans les couloirs de l\u2019h\u00f4pital, roulant d\u2019un \u00e9minent sp\u00e9cialiste \u00e0 un autre, dans une course-poursuite contre la mort. Au petit matin, au grand dam de l\u2019interne et de tout le corps m\u00e9dical, le malade a disparu. La chute est si savoureuse que vous en raconter davantage serait un crime\u00a0!<\/p>\n<p>Blancheur aseptis\u00e9e, lumi\u00e8re blafarde des n\u00e9ons, le d\u00e9cor \u00e9pur\u00e9\u00a0installe d\u2019embl\u00e9e\u00a0l\u2019ambiance sinistre d\u2019un h\u00f4pital. Mais il y a une fourberie. Le metteur en sc\u00e8ne\u00a0<strong>Benjamin Guillard<\/strong>\u00a0(<a href=\"https:\/\/coupsdoeil.fr\/2017\/12\/vous-naurez-pas-ma-haine-leiris-personnaz-critique\/\" rel=\"nofollow noopener\" target=\"_blank\">Vous n\u2019aurez pas ma haine<\/a>,\u00a0<a href=\"https:\/\/coupsdoeil.fr\/2021\/07\/un-homme-en-quete-de-fiv\/\" rel=\"nofollow noopener\" target=\"_blank\">La m\u00e9tamorphose des cigognes<\/a>) a trouv\u00e9 le rythme pour que jamais le r\u00e9cit perde de son intensit\u00e9. Olivier Saladin nous entra\u00eene alors dans cette folle nuit avec une finesse remarquable. Son interpr\u00e9tation parfaite de tous les \u00e9tats d\u2019\u00e2me et d\u2019urgence travers\u00e9s par son personnage se d\u00e9guste avec\u00a0gourmandise. Ce spectacle d\u00e9lirant nous rappelle que la vie, avec son lot de surprises et de p\u00e9pins de sant\u00e9, demeure une belle aventure.<\/p>\n<p><strong>Ancien malade des h\u00f4pitaux de Paris, de Daniel Pennac (collection Folio Gallimard).<br \/><\/strong>Spectacle vu au Th\u00e9\u00e2tre de l\u2019Atelier \u2013 Paris, en 2015.<br \/><a href=\"https:\/\/www.theatremontparnasse.com\/spectacle\/ancien-malade-des-hopitaux-de-paris\/\" target=\"_blank\" rel=\"noreferrer noopener nofollow\">Th\u00e9\u00e2tre Montparnasse<\/a> \u2013 Paris<br \/>Du 24\u00a0avril au 26\u00a0juin 2026<br \/>Dur\u00e9e 1h15.<\/p>\n<p class=\"has-small-font-size\">Mise en sc\u00e8ne\u00a0Benjamin Guillard<br \/>Avec Olivier Saladin<br \/>Lumi\u00e8re\u00a0Sylvain Chevallot et Emmanuelle Phellipeau-Viallard<br \/>Son\u00a0Camille Urvoy.<\/p>\n<\/p>\n<p>\u00a9 Les Productions de l\u2019Explorateurs<\/p>\n","protected":false},"excerpt":{"rendered":"Avec son extraordinaire mont\u00e9e dramatique, son style vif et tr\u00e8s dr\u00f4le, le court roman de\u00a0Daniel Pennac\u00a0poss\u00e8de une belle&hellip;\n","protected":false},"author":2,"featured_media":889187,"comment_status":"","ping_status":"","sticky":false,"template":"","format":"standard","meta":{"footnotes":"","_share_on_mastodon":"0"},"categories":[1888],"tags":[11,95456,95457,1777,674,1011,27,12,626,25,95458],"class_list":["post-889186","post","type-post","status-publish","format-standard","has-post-thumbnail","category-paris","tag-actualites","tag-benjamin-guillard","tag-daniel-pennac","tag-eu","tag-europe","tag-fr","tag-france","tag-news","tag-paris","tag-republique-francaise","tag-theatre-montparnasse-paris"],"share_on_mastodon":{"url":"https:\/\/pubeurope.com\/@fr\/116458649867205713","error":""},"_links":{"self":[{"href":"https:\/\/www.europesays.com\/fr\/wp-json\/wp\/v2\/posts\/889186","targetHints":{"allow":["GET"]}}],"collection":[{"href":"https:\/\/www.europesays.com\/fr\/wp-json\/wp\/v2\/posts"}],"about":[{"href":"https:\/\/www.europesays.com\/fr\/wp-json\/wp\/v2\/types\/post"}],"author":[{"embeddable":true,"href":"https:\/\/www.europesays.com\/fr\/wp-json\/wp\/v2\/users\/2"}],"replies":[{"embeddable":true,"href":"https:\/\/www.europesays.com\/fr\/wp-json\/wp\/v2\/comments?post=889186"}],"version-history":[{"count":0,"href":"https:\/\/www.europesays.com\/fr\/wp-json\/wp\/v2\/posts\/889186\/revisions"}],"wp:featuredmedia":[{"embeddable":true,"href":"https:\/\/www.europesays.com\/fr\/wp-json\/wp\/v2\/media\/889187"}],"wp:attachment":[{"href":"https:\/\/www.europesays.com\/fr\/wp-json\/wp\/v2\/media?parent=889186"}],"wp:term":[{"taxonomy":"category","embeddable":true,"href":"https:\/\/www.europesays.com\/fr\/wp-json\/wp\/v2\/categories?post=889186"},{"taxonomy":"post_tag","embeddable":true,"href":"https:\/\/www.europesays.com\/fr\/wp-json\/wp\/v2\/tags?post=889186"}],"curies":[{"name":"wp","href":"https:\/\/api.w.org\/{rel}","templated":true}]}}