{"id":88954,"date":"2025-05-10T08:45:09","date_gmt":"2025-05-10T08:45:09","guid":{"rendered":"https:\/\/www.europesays.com\/fr\/88954\/"},"modified":"2025-05-10T08:45:09","modified_gmt":"2025-05-10T08:45:09","slug":"le-chambon-feugerolles-interdit-de-paraitre-sur-la-commune-il-est-controle-avec-des-stupefiants","status":"publish","type":"post","link":"https:\/\/www.europesays.com\/fr\/88954\/","title":{"rendered":"Le Chambon-Feugerolles. Interdit de para\u00eetre sur la commune, il est contr\u00f4l\u00e9 avec des stup\u00e9fiants"},"content":{"rendered":"<p>Mercredi 7\u00a0mai, vers 1 heure du matin, les policiers de la Brigade anticriminalit\u00e9 proc\u00e8dent au contr\u00f4le d\u2019un automobiliste dont la Citro\u00ebn DS 3 est stationn\u00e9e au niveau de l\u2019all\u00e9e des Platanes au Chambon-Feugerolles.<\/p>\n<p>Rapidement les fonctionnaires vont se rendre compte que le jeune homme, \u00e2g\u00e9 de 22 ans et originaire de la cit\u00e9 chambonnaire, fait l\u2019objet d\u2019une fiche d\u2019interdiction de s\u2019absenter de la r\u00e9sidence de sa tante, \u00e0 Saint-Priest dans le d\u00e9partement voisin du Rh\u00f4ne, entre 21 heures et 5 heures.<\/p>\n<p>  45 grammes de cannabis et 12 grammes de coca\u00efne<\/p>\n<p>De plus, la fouille du v\u00e9hicule va permettre aux forces de l\u2019ordre de mettre la main sur pr\u00e8s de 45 grammes de r\u00e9sine de cannabis et 12 grammes de coca\u00efne, r\u00e9partis dans plusieurs sachets.<\/p>\n<p>Interpell\u00e9 puis plac\u00e9 en garde \u00e0 vue, il a \u00e9t\u00e9 pr\u00e9sent\u00e9 devant le tribunal correctionnel de Saint-\u00c9tienne ce vendredi 9\u00a0mai dans le cadre d\u2019une comparution imm\u00e9diate. Il a \u00e9t\u00e9 condamn\u00e9 \u00e0 douze mois de prison avec sursis.<\/p>\n<p class=\"note\">Conform\u00e9ment \u00e0 notre charte (disponible sur <a href=\"https:\/\/www.leprogres.fr\/societe\/2023\/02\/09\/faits-divers-et-justice-notre-charte-editoriale\" target=\"_blank\" rel=\"noopener\">www.leprogres.fr<\/a> ), nous mentionnons l\u2019identit\u00e9 des personnes condamn\u00e9es \u00e0 partir d\u2019un an de prison ferme avec mandat de d\u00e9p\u00f4t, ou de deux ans de prison (ferme ou avec sursis).<\/p>\n","protected":false},"excerpt":{"rendered":"Mercredi 7\u00a0mai, vers 1 heure du matin, les policiers de la Brigade anticriminalit\u00e9 proc\u00e8dent au contr\u00f4le d\u2019un automobiliste&hellip;\n","protected":false},"author":2,"featured_media":88955,"comment_status":"","ping_status":"","sticky":false,"template":"","format":"standard","meta":{"footnotes":""},"categories":[9653],"tags":[1111,11,2430,12162,271,272,7539,1777,674,274,1011,27,12161,3367,12,25,4001],"class_list":{"0":"post-88954","1":"post","2":"type-post","3":"status-publish","4":"format-standard","5":"has-post-thumbnail","7":"category-saint-etienne","8":"tag-actu","9":"tag-actualites","10":"tag-auvergne-rhone-alpes","11":"tag-chambon-feugerolles-ville","12":"tag-crime","13":"tag-delit-et-contravention","14":"tag-edition-loire-sud","15":"tag-eu","16":"tag-europe","17":"tag-faits-divers-justice","18":"tag-fr","19":"tag-france","20":"tag-le-chambon-feugerolles","21":"tag-loire","22":"tag-news","23":"tag-republique-francaise","24":"tag-saint-etienne"},"share_on_mastodon":{"url":"https:\/\/pubeurope.com\/@fr\/114482664269763112","error":""},"_links":{"self":[{"href":"https:\/\/www.europesays.com\/fr\/wp-json\/wp\/v2\/posts\/88954","targetHints":{"allow":["GET"]}}],"collection":[{"href":"https:\/\/www.europesays.com\/fr\/wp-json\/wp\/v2\/posts"}],"about":[{"href":"https:\/\/www.europesays.com\/fr\/wp-json\/wp\/v2\/types\/post"}],"author":[{"embeddable":true,"href":"https:\/\/www.europesays.com\/fr\/wp-json\/wp\/v2\/users\/2"}],"replies":[{"embeddable":true,"href":"https:\/\/www.europesays.com\/fr\/wp-json\/wp\/v2\/comments?post=88954"}],"version-history":[{"count":0,"href":"https:\/\/www.europesays.com\/fr\/wp-json\/wp\/v2\/posts\/88954\/revisions"}],"wp:featuredmedia":[{"embeddable":true,"href":"https:\/\/www.europesays.com\/fr\/wp-json\/wp\/v2\/media\/88955"}],"wp:attachment":[{"href":"https:\/\/www.europesays.com\/fr\/wp-json\/wp\/v2\/media?parent=88954"}],"wp:term":[{"taxonomy":"category","embeddable":true,"href":"https:\/\/www.europesays.com\/fr\/wp-json\/wp\/v2\/categories?post=88954"},{"taxonomy":"post_tag","embeddable":true,"href":"https:\/\/www.europesays.com\/fr\/wp-json\/wp\/v2\/tags?post=88954"}],"curies":[{"name":"wp","href":"https:\/\/api.w.org\/{rel}","templated":true}]}}