{"id":88966,"date":"2025-05-10T08:51:10","date_gmt":"2025-05-10T08:51:10","guid":{"rendered":"https:\/\/www.europesays.com\/fr\/88966\/"},"modified":"2025-05-10T08:51:10","modified_gmt":"2025-05-10T08:51:10","slug":"visite-matinale-incognito-et-applaudissements-pour-le-prefet","status":"publish","type":"post","link":"https:\/\/www.europesays.com\/fr\/88966\/","title":{"rendered":"visite matinale incognito et applaudissements pour le pr\u00e9fet"},"content":{"rendered":"<p>            Par<br \/>\n        <strong><br \/>\n            <a href=\"https:\/\/actu.fr\/auteur\/jm-aubert\" title=\"Consulter tous les articles de Jean-Marc Aubert\" rel=\"nofollow noopener\" target=\"_blank\">Jean-Marc Aubert<\/a><br \/>\n        <\/strong><\/p>\n<p>        Publi\u00e9 le<\/p>\n<p>            10 mai 2025 \u00e0 9h55<br \/>\n        ; mis \u00e0 jour le 10 mai 2025 \u00e0 9h57    <\/p>\n<p>La traque des <strong>consommateurs de drogue<\/strong> qui permettent au trafic d\u2019exister en venant acheter les produits illicites aux <strong>points de deal<\/strong> se poursuit plus que jamais, \u00e0 <strong>Montpellier,<\/strong> dans le cadre du <strong>plan \u00ab\u00a0Villes de s\u00e9curit\u00e9 renforc\u00e9e\u00a0\u00bb<\/strong>\u00a0avec le <strong>pr\u00e9fet de l\u2019H\u00e9rault<\/strong>, Fran\u00e7ois-Xavier Lauch, de nouveau sur des contr\u00f4les routiers, ce vendredi 9 mai 2025 apr\u00e8s-midi, apr\u00e8s avoir sillonn\u00e9 t\u00f4t le matin deux zones abritant des points de deal bien ancr\u00e9s.<\/p>\n<p class=\" wall-content\">Apr\u00e8s le lotissement des Marels, au Mill\u00e9naire d\u00e9j\u00e0 cibl\u00e9 \u00e0 deux reprises ces derni\u00e8res semaines, c\u2019est au tour du quartier de Figuerolles et de la Cit\u00e9 G\u00e9ly d\u2019avoir eu les acc\u00e8s surveill\u00e9s d\u00e8s 16h30 par <strong>60 agents de la direction interd\u00e9partementale de la police nationale<\/strong>-DIPN 34- de CRS de la compagnie 23 des Ardennes et de la <strong>police municipale<\/strong>, ayant install\u00e9 un maillage destin\u00e9 \u00e0 pi\u00e9ger celles et ceux qui viennent se ravitailler en stup\u00e9fiants.<\/p>\n<p>    <a href=\"https:\/\/www.google.com\/maps\/embed?pb=!1m18!1m12!1m3!1d4027.1560594497355!2d3.8615291707787054!3d43.60550682160598!2m3!1f0!2f0!3f0!3m2!1i1024!2i768!4f13.1!3m3!1m2!1s0x12b6ae536bf3a0f3%3A0xa67b07be3ad375bf!2sRue%20Lafeuillade%2C%2034070%20Montpellier!5e0!3m2!1sfr!2sfr!4v1746862071050!5m2!1sfr!2sfr\" title=\"Ouvrie le lien\" rel=\"nofollow noopener\" target=\"_blank\">Cliquez ici pour visualiser le contenu<\/a><\/p>\n<p class=\" wall-content\">\u00ab\u00a0J\u2019essaie d\u2019organiser une op\u00e9ration de ce genre chaque semaine, ces contr\u00f4les routiers avec des d\u00e9pistages de stups aux abords des points de deal sont tr\u00e8s importants \u00e0 mes yeux. Gr\u00e2ce \u00e0 des tests salivaires et sanguins, on confond les toxicomanes avec comme sanction six mois de suspension du permis de conduire. Depuis le d\u00e9but de l\u2019ann\u00e9e, j\u2019ai d\u00e9j\u00e0 suspendu 250 permis\u00a0\u00bb a r\u00e9v\u00e9l\u00e9 le pr\u00e9fet en compagnie du commissaire divisionnaire Fran\u00e7ois Bargel, directeur adjoint de la DIPN 34, \u00e0 l\u2019angle des rues de Claret et de Lafeuillade, o\u00f9 un point de contr\u00f4le avait \u00e9t\u00e9 install\u00e9.<\/p>\n<p>      <img   decoding=\"async\" loading=\"lazy\" src=\"https:\/\/www.europesays.com\/fr\/wp-content\/uploads\/2025\/05\/0-63-960x640.jpeg\" alt=\"Le pr\u00e9fet de l'H\u00e9rault et le directeur adjoint de la DIPN 34 rue de Claret ce vendredi \" width=\"960\" height=\"640\"\/><br \/>\n    Le pr\u00e9fet de l\u2019H\u00e9rault et le directeur adjoint de la DIPN 34 rue de Claret ce vendredi (\u00a9JMA \/ M\u00e9tropolitain)Vid\u00e9os : en ce moment sur Actu72 bonbonnes d\u2019azote\u00a0<\/p>\n<p class=\" wall-content\">Les policiers municipaux ont \u00e9t\u00e9 inspir\u00e9s en interceptant un utilitaire conduit par un trentenaire : il transportait <strong>douze cartons remplis chacun de six bonbonnes de protoxyde d\u2019azote<\/strong>, soit 72 unit\u00e9s, ainsi que du tabac \u00e0 chicha de contrebande et environ 5 000\u20ac en liquide, visiblement une livraison \u00e0 destination de commerces d\u2019ici. Toute la marchandise saisie a \u00e9t\u00e9 expos\u00e9e sur place pour les besoins de la fouille du v\u00e9hicule, sous les yeux d\u2019un pr\u00e9fet ravi, avant que le suspect, gu\u00e8re bavard, ne soit emmen\u00e9 en garde \u00e0 vue au commissariat central. L\u2019azote produit un <strong>gaz hilarant<\/strong> tr\u00e8s dangereux pour la sant\u00e9 de ceux qui les inhalent avec un ballon, certains alors qu\u2019ils conduisent et reste un produit recherch\u00e9 : la nuit pr\u00e9c\u00e9dente, lors d\u2019un <a href=\"https:\/\/actu.fr\/occitanie\/montpellier_34172\/montpellier-il-transporte-274-kilos-de-protoxyde-d-azote-la-bac-met-fin-a-sa-course_62617090.html\" rel=\"nofollow noopener\" target=\"_blank\">banal contr\u00f4le de la brigade anticriminalit\u00e9<\/a> -Bac- route de Palavas, quelque 456 bonbonnes ont \u00e9t\u00e9 d\u00e9couvertes.<\/p>\n<p class=\" wall-content\">\n      <img   decoding=\"async\" loading=\"lazy\" src=\"https:\/\/www.europesays.com\/fr\/wp-content\/uploads\/2025\/05\/0-61-960x640.jpeg\" alt=\"Sous les yeux du commissaire divisionnaire Fran\u00e7ois Bargel, fouille de celui qui transportait les bonbonnes d'azote.\" width=\"960\" height=\"640\"\/><br \/>\n    Sous les yeux du commissaire divisionnaire Fran\u00e7ois Bargel, fouille de celui qui transportait les bonbonnes d\u2019azote. (\u00a9JMA \/ M\u00e9tropolitain)<br \/>\n      <img   decoding=\"async\" loading=\"lazy\" src=\"https:\/\/www.europesays.com\/fr\/wp-content\/uploads\/2025\/05\/0-59-960x640.jpeg\" alt=\"Un automobiliste et un pilote d'un scooter contr\u00f4l\u00e9s rue de Claret \" width=\"960\" height=\"640\"\/><br \/>\n    Un automobiliste et un pilote d\u2019un scooter contr\u00f4l\u00e9s rue de Claret (\u00a9JMA \/ M\u00e9tropolitain)<\/p>\n<p>\u00ab\u00a0Les gens me remercient\u00a0\u00bb<\/p>\n<p class=\" wall-content\">\u00ab\u00a0Ces op\u00e9rations renforc\u00e9es re\u00e7oivent le soutien du maire de Montpellier et du procureur de la R\u00e9publique\u00a0\u00bb s\u2019est f\u00e9licit\u00e9 le pr\u00e9fet, que des pi\u00e9tons qui passaient par l\u00e0, dont un p\u00e8re et son fils, n\u2019ont pas h\u00e9sit\u00e9 \u00e0 applaudir en l\u2019identifiant. \u00ab\u00a0Vous avez vu, les gens me remercient\u00a0\u00bb, a t-il dit, visiblement touch\u00e9 par ces gestes.\u00a0<\/p>\n<p class=\" wall-content\">\u00ab\u00a0Nos actions sont de dissuader les consommateurs de toutes les drogues de venir aux points de deal, il s\u2019agit de couper les ponts, afin d\u2019ass\u00e9cher le flux financier tr\u00e8s \u00e9lev\u00e9. Et c\u2019est aussi et surtout une question de sant\u00e9 publique\u00a0\u00bb, a insist\u00e9 le commissaire divisionnaire Fran\u00e7ois Bargel.<\/p>\n<p class=\" wall-content\">Fran\u00e7ois-Xavier Lauch a livr\u00e9 des chiffres qui donnent le vertige confirmant que ce business rapportent des sommes astronomiques : \u00ab\u00a0Les points de deal les mieux ancr\u00e9s Cit\u00e9 G\u00e9ly et aux Marels rapportent 100 000\u20ac par semaine aux dealers. Tout Montpellier vient se servir, dont les bourgeois. Derni\u00e8rement, une jeune femme cossue \u00e0 bord d\u2019une Tesla a \u00e9t\u00e9 contr\u00f4l\u00e9e, alors qu\u2019elle venait chercher sa dose de drogue aux Marels\u00a0\u00bb.<\/p>\n<p>      <img   decoding=\"async\" loading=\"lazy\" src=\"https:\/\/www.europesays.com\/fr\/wp-content\/uploads\/2025\/05\/0-52-960x640.jpeg\" alt=\"Le pr\u00e9fet cours Gambetta avec les CRS vendredi soir lors de contr\u00f4le de commerces \" width=\"960\" height=\"640\"\/><br \/>\n    Le pr\u00e9fet cours Gambetta avec les CRS vendredi soir lors de contr\u00f4le de commercesAmendes forfaitaires d\u00e9lictuelles\u00a0<\/p>\n<p class=\" wall-content\">Le pr\u00e9fet de l\u2019H\u00e9rault constate que, \u00ab\u00a0certes, la lutte premi\u00e8re est de viser les trafiquants, mais derri\u00e8re, il y a des femmes et des hommes qui ach\u00e8tent et ils doivent payer, c\u2019est le message clair que je fait passer d\u00e9sormais. Ces op\u00e9rations de s\u00e9curit\u00e9 renforc\u00e9e, qui vont se poursuivre toute l\u2019ann\u00e9e ont permis de dresser 1 650 amendes forfaitaires d\u00e9lictuelles -AFD- en 2024 et d\u00e9j\u00e0 17 000 \u00e0 ce jour\u00a0\u00bb. Et de r\u00e9v\u00e9ler que \u00ab\u00a0le groupement de gendarmerie de l\u2019H\u00e9rault, associ\u00e9 \u00e0 ces op\u00e9rations de s\u00e9curit\u00e9 renforc\u00e9e dans des zones p\u00e9ri-urbaines, mais aussi rurales, est le premier en France pour le nombre d\u2019AFD d\u00e9livr\u00e9s\u00a0\u00bb.<\/p>\n<p class=\" wall-content\">Ce combat permanent est men\u00e9 \u00ab\u00a0pour \u00e9viter des fusillades autour des points de deal tr\u00e8s convoit\u00e9s en proie \u00e0 des guerres de territoires et pour identifier le blanchiment de l\u2019argent sale qui transite par des commerces, des \u00e9piceries et des bars \u00e0 chicha notamment\u00a0\u00bb, a soulign\u00e9 le pr\u00e9fet, avant de se\u00a0d\u00e9placer \u00e0 la Cit\u00e9 G\u00e9ly, \u00e0 Plan Cabanes, notamment cours Gambetta et \u00e0 Figuerolles, place Roger Salengro, o\u00f9 d\u2019autres contr\u00f4les \u00e9taient men\u00e9s dans <strong>neuf commerces<\/strong> qui sont\u00a0dans\u00a0le\u00a0collimateur\u00a0des\u00a0services\u00a0d\u2019enqu\u00eate et du Codaf, le Comit\u00e9 op\u00e9rationnel d\u00e9partemental anti-fraude de l\u2019H\u00e9rault, o\u00f9 un \u00e9tranger en situation irr\u00e9guli\u00e8re a \u00e9t\u00e9 interpell\u00e9.<\/p>\n<p>Visite matinale du pr\u00e9fet<\/p>\n<p class=\" wall-content\">\u00ab\u00a0Depuis le d\u00e9but de l\u2019ann\u00e9e, j\u2019ai pris <strong>36 arr\u00eat\u00e9s de fermeture administrative<\/strong> visant des exploitants d\u2019\u00e9piceries, de snacks, de restaurants et autres, avec des mesures pouvant aller jusqu\u2019\u00e0 six mois en cas de r\u00e9cidive\u00a0\u00bb, a rapport\u00e9 ce vendredi soir Fran\u00e7ois-Xavier Lauch, qui s\u2019est offert une incursion matinale dans les rues de la Cit\u00e9 G\u00e9ly et du lotissement des Marels, histoire de prendre la temp\u00e9rature et de mieux se rendre compte de la situation sur le terrain : \u00ab\u00a0J\u2019y \u00e9tais d\u00e8s 7h30 \u00e0 bord d\u2019une voiture banalis\u00e9e des policiers nationaux et j\u2019ai arpent\u00e9 ces points de deal. Eh bien, je peux vous confirmer qu\u2019\u00e0 cette heure-l\u00e0, il y a d\u00e9j\u00e0 des all\u00e9es et venues de toxicomanes venant se ravitailler. Les charbonneurs qui se l\u00e8vent t\u00f4t sont \u00e9galement pr\u00e9sents bien s\u00fbr et les guetteurs aussi, mais il n\u2019y ont vu que du feu !\u00a0\u00bb Une visite incognito qui a convaincu Fran\u00e7ois-Xavier Lauch de poursuivre ses actions contre un narcotrafic difficile \u00e0 endiguer.<\/p>\n<p class=\" wall-content\">Suivez toute l\u2019actualit\u00e9 de vos villes et m\u00e9dias favoris en vous inscrivant \u00e0 <a href=\"https:\/\/moncompte.actu.fr\" title=\"D\u00e9couvez Mon Actu\" rel=\"nofollow noopener\" data-trk=\"{&quot;cta&quot;:{&quot;action&quot;:&quot;https:\\\/\\\/moncompte.actu.fr&quot;,&quot;category&quot;:&quot;mon compte&quot;,&quot;from&quot;:&quot;article footer&quot;,&quot;name&quot;:&quot;Mon actu&quot;,&quot;type&quot;:&quot;cta&quot;}}\" target=\"_blank\">Mon Actu<\/a>.<\/p>\n","protected":false},"excerpt":{"rendered":"Par Jean-Marc Aubert Publi\u00e9 le 10 mai 2025 \u00e0 9h55 ; mis \u00e0 jour le 10 mai 2025&hellip;\n","protected":false},"author":2,"featured_media":88967,"comment_status":"","ping_status":"","sticky":false,"template":"","format":"standard","meta":{"footnotes":""},"categories":[9599],"tags":[1111,11,1052,1777,674,118,1011,27,303,2208,12,2680,1072,25],"class_list":{"0":"post-88966","1":"post","2":"type-post","3":"status-publish","4":"format-standard","5":"has-post-thumbnail","7":"category-montpellier","8":"tag-actu","9":"tag-actualites","10":"tag-drogue","11":"tag-eu","12":"tag-europe","13":"tag-faits-divers","14":"tag-fr","15":"tag-france","16":"tag-justice","17":"tag-montpellier","18":"tag-news","19":"tag-occitanie","20":"tag-police","21":"tag-republique-francaise"},"share_on_mastodon":{"url":"https:\/\/pubeurope.com\/@fr\/114482687842307746","error":""},"_links":{"self":[{"href":"https:\/\/www.europesays.com\/fr\/wp-json\/wp\/v2\/posts\/88966","targetHints":{"allow":["GET"]}}],"collection":[{"href":"https:\/\/www.europesays.com\/fr\/wp-json\/wp\/v2\/posts"}],"about":[{"href":"https:\/\/www.europesays.com\/fr\/wp-json\/wp\/v2\/types\/post"}],"author":[{"embeddable":true,"href":"https:\/\/www.europesays.com\/fr\/wp-json\/wp\/v2\/users\/2"}],"replies":[{"embeddable":true,"href":"https:\/\/www.europesays.com\/fr\/wp-json\/wp\/v2\/comments?post=88966"}],"version-history":[{"count":0,"href":"https:\/\/www.europesays.com\/fr\/wp-json\/wp\/v2\/posts\/88966\/revisions"}],"wp:featuredmedia":[{"embeddable":true,"href":"https:\/\/www.europesays.com\/fr\/wp-json\/wp\/v2\/media\/88967"}],"wp:attachment":[{"href":"https:\/\/www.europesays.com\/fr\/wp-json\/wp\/v2\/media?parent=88966"}],"wp:term":[{"taxonomy":"category","embeddable":true,"href":"https:\/\/www.europesays.com\/fr\/wp-json\/wp\/v2\/categories?post=88966"},{"taxonomy":"post_tag","embeddable":true,"href":"https:\/\/www.europesays.com\/fr\/wp-json\/wp\/v2\/tags?post=88966"}],"curies":[{"name":"wp","href":"https:\/\/api.w.org\/{rel}","templated":true}]}}