{"id":88986,"date":"2025-05-10T09:04:12","date_gmt":"2025-05-10T09:04:12","guid":{"rendered":"https:\/\/www.europesays.com\/fr\/88986\/"},"modified":"2025-05-10T09:04:12","modified_gmt":"2025-05-10T09:04:12","slug":"projections-gratuites-cine-karaoke-et-baby-foot-ce-que-reserve-le-sofilm-summercamp-sous-les","status":"publish","type":"post","link":"https:\/\/www.europesays.com\/fr\/88986\/","title":{"rendered":"Projections gratuites, cin\u00e9-karaok\u00e9 et baby-foot\u00a0: ce que r\u00e9serve le Sofilm Summercamp sous les"},"content":{"rendered":"<p>Sofilm Summercamp, onzi\u00e8me. Le festival de cin\u00e9ma reprend ses quartiers d\u2019\u00e9t\u00e9, du mercredi\u00a018 au samedi 21\u00a0juin \u00e0 Nantes.<\/p>\n<p><a href=\"https:\/\/www.sofilm-festival.fr\/\" target=\"_blank\" rel=\"noopener\">Rencontres, cartes blanches, masterclass, avant-premi\u00e8res cannoises et projections au cin\u00e9ma Path\u00e9 du centre-ville<\/a> sont \u00e0 nouveau au rendez-vous, sans oublier les incontournables projections gratuites sous les Nefs de l\u2019\u00eele de Nantes.<\/p>\n<p>Cette ann\u00e9e, l\u2019affiche en plein air fait \u00e0 nouveau la part belle aux films cultes et aux com\u00e9dies populaires\u00a0: les 1\u00a0200\u00a0spectateurs, confortablement install\u00e9s dans les canap\u00e9s et transats mis \u00e0 disposition, se r\u00e9galeront devant le premier \u00e9pisode de Shrek le mercredi 18\u00a0juin, le road movie l\u00e9gendaire Thelma et Louise le jeudi 19\u00a0juin et la com\u00e9die musicale culte Mamma Mia\u00a0! le samedi 21\u00a0juin.<\/p>\n<p>Chacune des projections sera pr\u00e9c\u00e9d\u00e9e d\u2019animations, avec, selon les go\u00fbts, un blind test sp\u00e9cial cin\u00e9ma, un ap\u00e9ro r\u00e9unissant les auteurs, r\u00e9alisateurs et producteurs des Pays de la Loire et un tournoi de babyfoot.<\/p>\n<p>Cin\u00e9-karaok\u00e9<\/p>\n<p>\u00c0 noter \u00e9galement le retour du fameux cin\u00e9-karaok\u00e9 qui enflamme un millier de personnes chaque saison\u00a0: il aura lieu le vendredi 20\u00a0juin, \u00e0 partir de 22\u00a0h, et sera pr\u00e9c\u00e9d\u00e9 d\u2019un barbecue g\u00e9ant gratuit, d\u2019une initiation au swing et d\u2019une d\u00e9monstration de tournage mise au point par les \u00e9tudiants de 3iS, l\u2019\u00e9cole de cin\u00e9ma audiovisuel et des m\u00e9tiers cr\u00e9atifs.<\/p>\n<p>\u00a0<\/p>\n","protected":false},"excerpt":{"rendered":"Sofilm Summercamp, onzi\u00e8me. Le festival de cin\u00e9ma reprend ses quartiers d\u2019\u00e9t\u00e9, du mercredi\u00a018 au samedi 21\u00a0juin \u00e0 Nantes.&hellip;\n","protected":false},"author":2,"featured_media":88987,"comment_status":"","ping_status":"","sticky":false,"template":"","format":"standard","meta":{"footnotes":""},"categories":[2818],"tags":[1111,11,7452,19916,1777,674,1011,27,19915,766,19919,12,2636,19914,25,18357,19917,19918],"class_list":{"0":"post-88986","1":"post","2":"type-post","3":"status-publish","4":"format-standard","5":"has-post-thumbnail","7":"category-nantes","8":"tag-actu","9":"tag-actualites","10":"tag-baby-foot","11":"tag-cine-karaoke","12":"tag-eu","13":"tag-europe","14":"tag-fr","15":"tag-france","16":"tag-gratuites","17":"tag-nantes","18":"tag-nefs","19":"tag-news","20":"tag-pays-de-la-loire","21":"tag-projections","22":"tag-republique-francaise","23":"tag-reserve","24":"tag-sofilm","25":"tag-summercamp"},"share_on_mastodon":{"url":"https:\/\/pubeurope.com\/@fr\/114482738851821204","error":""},"_links":{"self":[{"href":"https:\/\/www.europesays.com\/fr\/wp-json\/wp\/v2\/posts\/88986","targetHints":{"allow":["GET"]}}],"collection":[{"href":"https:\/\/www.europesays.com\/fr\/wp-json\/wp\/v2\/posts"}],"about":[{"href":"https:\/\/www.europesays.com\/fr\/wp-json\/wp\/v2\/types\/post"}],"author":[{"embeddable":true,"href":"https:\/\/www.europesays.com\/fr\/wp-json\/wp\/v2\/users\/2"}],"replies":[{"embeddable":true,"href":"https:\/\/www.europesays.com\/fr\/wp-json\/wp\/v2\/comments?post=88986"}],"version-history":[{"count":0,"href":"https:\/\/www.europesays.com\/fr\/wp-json\/wp\/v2\/posts\/88986\/revisions"}],"wp:featuredmedia":[{"embeddable":true,"href":"https:\/\/www.europesays.com\/fr\/wp-json\/wp\/v2\/media\/88987"}],"wp:attachment":[{"href":"https:\/\/www.europesays.com\/fr\/wp-json\/wp\/v2\/media?parent=88986"}],"wp:term":[{"taxonomy":"category","embeddable":true,"href":"https:\/\/www.europesays.com\/fr\/wp-json\/wp\/v2\/categories?post=88986"},{"taxonomy":"post_tag","embeddable":true,"href":"https:\/\/www.europesays.com\/fr\/wp-json\/wp\/v2\/tags?post=88986"}],"curies":[{"name":"wp","href":"https:\/\/api.w.org\/{rel}","templated":true}]}}