{"id":88990,"date":"2025-05-10T09:06:19","date_gmt":"2025-05-10T09:06:19","guid":{"rendered":"https:\/\/www.europesays.com\/fr\/88990\/"},"modified":"2025-05-10T09:06:19","modified_gmt":"2025-05-10T09:06:19","slug":"la-communaute-musulmane-manque-toujours-de-lieux-de-culte-dans-la-metropole-de-bordeaux","status":"publish","type":"post","link":"https:\/\/www.europesays.com\/fr\/88990\/","title":{"rendered":"La communaut\u00e9 musulmane manque toujours de lieux de culte dans la m\u00e9tropole de Bordeaux"},"content":{"rendered":"<p class=\"wp-block-post-excerpt__excerpt\">Alors que le nombre de fid\u00e8les est estim\u00e9 \u00e0 plus de 50 000 dans l\u2019agglom\u00e9ration bordelaise, les infrastructures leur permettant de pratiquer leur religion sont limit\u00e9es \u2013 6 mosqu\u00e9es pouvant accueillir 6000 personnes. \u00c0 la lumi\u00e8re de la r\u00e9cente pol\u00e9mique sur la construction d\u2019un site cultuel \u00e0 Ambar\u00e8s-et-Lagrave, la libert\u00e9 de culte des musulmans en Gironde est-elle vraiment garantie ? <\/p>\n<p><a href=\"https:\/\/rue89bordeaux.com\/category\/analyse\/\" rel=\"tag noopener\" target=\"_blank\">Analyse<\/a>, <a href=\"https:\/\/rue89bordeaux.com\/category\/kiosque-abonne\/\" rel=\"tag noopener\" target=\"_blank\">\u00c9dition abonn\u00e9s<\/a><\/p>\n<p>Samuel Clauzier<\/p>\n<p>Publi\u00e9 le 10 mai 2025\u00a0\u00a0\u00b7\u00a0\u00a0<\/p>\n<p>Imprim\u00e9 le 10 mai 2025 \u00e0 11h06\u00a0\u00a0\u00b7\u00a0\u00a0<\/p>\n<p>\t\t\t\t\t12\u00a0minutes\n<\/p>\n<p>\u00c0 la mosqu\u00e9e du Grand Parc en cette sortie de la pri\u00e8re du vendredi, si quelques croyants t\u00e9moignent pratiquer leur foi \u00ab\u00a0sans probl\u00e8me\u00a0\u00bb \u00e0 Bordeaux, Ily\u00e8s, jeune habitant du quartier accompagn\u00e9 de son ami Arian, dresse un constat amer :<\/p>\n<blockquote class=\"wp-block-quote is-layout-flow wp-block-quote-is-layout-flow\">\n<p>\u00ab\u00a0Exercer sa religion librement, c\u2019est l\u2019article 1er de la loi sur la la\u00efcit\u00e9. Ce droit, ils ne le garantissent m\u00eame pas. Qu\u2019est-ce que vous voulez qu\u2019on attende d\u2019eux ? Ici, la mosqu\u00e9e est beaucoup trop petite pour le nombre de fid\u00e8les, ils le savent depuis des ann\u00e9es.\u00a0\u00bb<\/p>\n<\/blockquote>\n<p>Tous deux \u00e9voquent l\u2019\u00e9pisode <a href=\"https:\/\/www.sudouest.fr\/societe\/religion\/prieres-exterieures-a-la-mosquee-du-grand-parc-de-bordeaux-la-mairie-refuse-les-baches-de-protection-demandees-13814585.php\" target=\"_blank\" rel=\"noreferrer noopener\">des pri\u00e8res ext\u00e9rieures<\/a> d\u00e9but 2023. \u00c0 cette \u00e9poque, le lieu de culte, avait d\u00e9pos\u00e9 une demande aupr\u00e8s de la mairie pour installer des \u00ab\u00a0b\u00e2ches port\u00e9es par une armature d\u00e9montable\u00a0\u00bb, afin de faire face \u00e0 un afflux de fid\u00e8les allant jusqu\u2019\u00e0 1 600 personnes lors des jours de grande affluence, alors que la salle de pri\u00e8re ne peut accueillir que 300.<\/p>\n<p>\t\tA la rue<\/p>\n<p>\u00ab\u00a0Il faut se rendre compte des conditions, on demandait juste \u00e0 ne pas \u00eatre oblig\u00e9s de prier sous la pluie\u00a0\u00bb, poursuit Arian. Refus de la municipalit\u00e9. Laurent Guillemin, adjoint au maire charg\u00e9 des relations avec les cultes, justifie cette d\u00e9cision aupr\u00e8s de Rue89 Bordeaux :<\/p>\n<blockquote class=\"wp-block-quote is-layout-flow wp-block-quote-is-layout-flow\">\n<p>\u00ab\u00a0Un refus \u00e0 contre-c\u0153ur, car l\u2019id\u00e9e \u00e9tait louable. Mais cela g\u00eanait purement et simplement les services de secours, qui ne pouvaient plus du tout acc\u00e9der \u00e0 la zone. Nous avons donc pr\u00e9f\u00e9r\u00e9 refuser, m\u00eame si cela me peine de savoir que des personnes se retrouvent dehors, en plein soleil. Mais je ne pouvais pas faire autrement : la s\u00e9curit\u00e9 des personnes \u00e9tait en jeu, et cela, je ne pouvais pas l\u2019accepter.\u00a0\u00bb<\/p>\n<\/blockquote>\n<p>L\u2019\u00e9lu pr\u00e9cise cependant que la municipalit\u00e9 met \u00e0 disposition des locaux \u00e0 la demande des repr\u00e9sentants de la communaut\u00e9 musulmane pour les \u00ab\u00a0grosses f\u00eates\u00a0\u00bb. Mais pour le manque d\u2019espaces de pri\u00e8re, \u00ab\u00a0les mosqu\u00e9es \u00e0 Bordeaux ne sont pas toujours pleines \u00e0 100 %\u00a0\u00bb selon lui, et \u00ab\u00a0ce n\u2019est pas le r\u00f4le de la mairie de savoir comment se remplissent les lieux de cultes\u00a0\u00bb. <\/p>\n<p><img loading=\"lazy\" decoding=\"async\" width=\"480\" height=\"480\" src=\"https:\/\/www.europesays.com\/fr\/wp-content\/uploads\/2025\/04\/23-paywall.png\" alt=\"Abonnez-vous\" class=\"wp-image-128439\" style=\"aspect-ratio:1;width:210px;height:auto\"  \/><\/p>\n<p>Cet article fait partie de l\u2019\u00e9dition abonn\u00e9s. Pour lire la suite, profitez d\u2019une offre d\u00e9couverte \u00e0 1\u20ac.<\/p>\n<p class=\"has-gray-700-color has-text-color has-medium-font-size\">Contribuez \u00e0 consolider un m\u00e9dia ind\u00e9pendant \u00e0 Bordeaux, en capacit\u00e9 d\u2019enqu\u00eater sur les enjeux locaux.<\/p>\n<p>\t\t\t<a href=\"https:\/\/rue89bordeaux.com\/\" class=\"custom-logo-link\" rel=\"home noopener\" target=\"_blank\"><img loading=\"lazy\" decoding=\"async\" width=\"290\" height=\"49\" src=\"https:\/\/www.europesays.com\/fr\/wp-content\/uploads\/2025\/04\/logo.png\" class=\"custom-logo\" alt=\"Rue89Bordeaux Enqu\u00eates et informations de proximit\u00e9\"  \/><\/a><\/p>\n<p>\n\t\t\t\tAbonnez-vous maintenant pour suivre l\u2019actualit\u00e9 locale.\t\t\t<\/p>\n<p class=\"font-bold font-serif-heading mb-2 text-4xl\">\n\t\t\t\t\t\tL\u2019investigation locale \u00e0 port\u00e9e de main.\n\t\t\t\t\t<\/p>\n<p>\n\t\t\t\t\t\tAbonnez-vous et profitez d\u2019un acc\u00e8s illimit\u00e9 \u00e0 Rue89Bordeaux. Annulez quand vous voulez.\n\t\t\t\t\t<\/p>\n<p class=\"xl:text-sm\">\n\t\t\t\t\tD\u00e9j\u00e0 abonn\u00e9\u00a0?<br \/>\n\t\t\t\t\t<a class=\"border border-transparent text-center transition-colors duration-instant focus:border-info focus:rounded focus:shadow-focus cursor-pointer text-black hover:text-gray-700 active:bg-black-700 font-semibold inline-block\" href=\"https:\/\/rue89bordeaux.com\/user\/login\/?redirect=\/2025\/05\/la-communaute-musulmane-manque-toujours-de-lieux-de-culte-dans-la-metropole-de-bordeaux\/\" target=\"_blank\" rel=\"noopener\">Connectez-vous<\/a>\t\t\t\t<\/p>\n<p>\n\t\t\t\tChoisissez votre formule\u00a0:\n\t\t\t<\/p>\n<p>\t\t\t\tFermer<\/p>\n","protected":false},"excerpt":{"rendered":"Alors que le nombre de fid\u00e8les est estim\u00e9 \u00e0 plus de 50 000 dans l\u2019agglom\u00e9ration bordelaise, les infrastructures&hellip;\n","protected":false},"author":2,"featured_media":88991,"comment_status":"","ping_status":"","sticky":false,"template":"","format":"standard","meta":{"footnotes":""},"categories":[2817],"tags":[1111,11,1997,1777,674,1011,27,14577,19920,12,2219,4020,25],"class_list":{"0":"post-88990","1":"post","2":"type-post","3":"status-publish","4":"format-standard","5":"has-post-thumbnail","7":"category-bordeaux","8":"tag-actu","9":"tag-actualites","10":"tag-bordeaux","11":"tag-eu","12":"tag-europe","13":"tag-fr","14":"tag-france","15":"tag-mosquee","16":"tag-musulmans","17":"tag-news","18":"tag-nouvelle-aquitaine","19":"tag-religion","20":"tag-republique-francaise"},"share_on_mastodon":{"url":"https:\/\/pubeurope.com\/@fr\/114482746796172318","error":""},"_links":{"self":[{"href":"https:\/\/www.europesays.com\/fr\/wp-json\/wp\/v2\/posts\/88990","targetHints":{"allow":["GET"]}}],"collection":[{"href":"https:\/\/www.europesays.com\/fr\/wp-json\/wp\/v2\/posts"}],"about":[{"href":"https:\/\/www.europesays.com\/fr\/wp-json\/wp\/v2\/types\/post"}],"author":[{"embeddable":true,"href":"https:\/\/www.europesays.com\/fr\/wp-json\/wp\/v2\/users\/2"}],"replies":[{"embeddable":true,"href":"https:\/\/www.europesays.com\/fr\/wp-json\/wp\/v2\/comments?post=88990"}],"version-history":[{"count":0,"href":"https:\/\/www.europesays.com\/fr\/wp-json\/wp\/v2\/posts\/88990\/revisions"}],"wp:featuredmedia":[{"embeddable":true,"href":"https:\/\/www.europesays.com\/fr\/wp-json\/wp\/v2\/media\/88991"}],"wp:attachment":[{"href":"https:\/\/www.europesays.com\/fr\/wp-json\/wp\/v2\/media?parent=88990"}],"wp:term":[{"taxonomy":"category","embeddable":true,"href":"https:\/\/www.europesays.com\/fr\/wp-json\/wp\/v2\/categories?post=88990"},{"taxonomy":"post_tag","embeddable":true,"href":"https:\/\/www.europesays.com\/fr\/wp-json\/wp\/v2\/tags?post=88990"}],"curies":[{"name":"wp","href":"https:\/\/api.w.org\/{rel}","templated":true}]}}